{"id":71612,"date":"2025-05-03T10:59:08","date_gmt":"2025-05-03T10:59:08","guid":{"rendered":"https:\/\/www.europesays.com\/fr\/71612\/"},"modified":"2025-05-03T10:59:08","modified_gmt":"2025-05-03T10:59:08","slug":"les-coupes-budgetaires-dans-le-secteur-des-sciences-de-la-vie-menacent-linnovation-americaine","status":"publish","type":"post","link":"https:\/\/www.europesays.com\/fr\/71612\/","title":{"rendered":"Les coupes budg\u00e9taires dans le secteur des sciences de la vie menacent l\u2019innovation am\u00e9ricaine"},"content":{"rendered":"\n<p>Les incertitudes qui planent sur le financement de la recherche en sciences de la vie mettent en p\u00e9ril le r\u00f4le moteur des \u00c9tats-Unis dans ce domaine, avec des risques pour le d\u00e9veloppement de certains m\u00e9dicaments et la comp\u00e9titivit\u00e9 am\u00e9ricaine en g\u00e9n\u00e9ral.<\/p>\n<p>Le gouvernement Trump a essuy\u00e9 plusieurs revers judiciaires depuis qu\u2019il a ordonn\u00e9 aux agences f\u00e9d\u00e9rales, au mois de janvier, de geler leurs subventions publiques. D\u00e9but mars, un juge a notamment exig\u00e9 la suspension de cette mesure jusqu\u2019\u00e0 nouvel ordre.<\/p>\n<p>La situation reste n\u00e9anmoins d\u00e9licate pour les universit\u00e9s, qui h\u00e9sitent \u00e0 accepter de nouveaux doctorants en sciences de la vie \u2013 un domaine financ\u00e9 en grande partie par les subventions f\u00e9d\u00e9rales vers\u00e9es par les Instituts nationaux de la sant\u00e9 (NIH) \u2013 de peur d\u2019un nouveau retournement de situation.<\/p>\n<p>Dans le d\u00e9partement de sciences de la vie de l\u2019universit\u00e9 de Washington, les bourses continuent pour l\u2019instant de tomber comme si de rien n\u2019\u00e9tait, mais la recherche n\u2019est pas outill\u00e9e pour affronter de telles inconnues, explique Justin Kollman, directeur par int\u00e9rim du d\u00e9partement de biochimie. Car les universit\u00e9s ont besoin d\u2019\u00eatre certaines de pouvoir financer leurs \u00e9tudiants tout au long de leur parcours doctoral, qui dure en moyenne cinq ans.<\/p>\n<p> Moins d\u2019\u00e9tudiants <\/p>\n<p>Pour \u00e9viter les mauvaises surprises, ses coll\u00e8gues et lui ont d\u00e9cid\u00e9 de recruter moins d\u2019\u00e9tudiants de troisi\u00e8me cycle cette ann\u00e9e. Ils n\u2019ont accept\u00e9 que quatre candidats, contre six \u00e0 huit en temps normal.<\/p>\n<p>La plupart des programmes doctoraux de la facult\u00e9 de m\u00e9decine, \u00e0 laquelle est rattach\u00e9 le d\u00e9partement de biochimie, ont \u00e9galement revu leurs quotas d\u2019admission \u00e0 la baisse cette ann\u00e9e, de 25 \u00e0 50\u00a0% selon les cas, expose Shelly Sakiyama-Elbert, directrice adjointe de la recherche et des programmes doctoraux. \u201cLe recrutement des enseignants est \u00e9galement ralenti, avec des r\u00e9percussions pour les postdoctorants qui arrivent en fin de contrat.\u201d<\/p>\n<p>Les coupes budg\u00e9taires toucheraient \u00e9galement les postes de d\u00e9penses annexes, comme les \u00e9quipements ou le salaire du personnel administratif et financier. Et bien qu\u2019un juge f\u00e9d\u00e9ral ait ordonn\u00e9 le blocage de cette mesure [d\u00e9but mars], Justin Kollman redoute encore que cette d\u00e9cision ne finisse p<\/p>\n","protected":false},"excerpt":{"rendered":"Les incertitudes qui planent sur le financement de la recherche en sciences de la vie mettent en p\u00e9ril&hellip;\n","protected":false},"author":2,"featured_media":71613,"comment_status":"","ping_status":"","sticky":false,"template":"","format":"standard","meta":{"footnotes":""},"categories":[1589],"tags":[11,3822,73,1866,12,41,17345,770,1864,1865,6871,1863,308],"class_list":{"0":"post-71612","1":"post","2":"type-post","3":"status-publish","4":"format-standard","5":"has-post-thumbnail","7":"category-etats-unis","8":"tag-actualites","9":"tag-amu00e9riques","10":"tag-etats-unis","11":"tag-etats-unis-damerique","12":"tag-news","13":"tag-sciences","14":"tag-sciences-et-environnement","15":"tag-u00e9tats-unis","16":"tag-united-states","17":"tag-united-states-of-america","18":"tag-universitu00e9s","19":"tag-us","20":"tag-usa"},"share_on_mastodon":{"url":"https:\/\/pubeurope.com\/@fr\/114443554939287850","error":""},"_links":{"self":[{"href":"https:\/\/www.europesays.com\/fr\/wp-json\/wp\/v2\/posts\/71612","targetHints":{"allow":["GET"]}}],"collection":[{"href":"https:\/\/www.europesays.com\/fr\/wp-json\/wp\/v2\/posts"}],"about":[{"href":"https:\/\/www.europesays.com\/fr\/wp-json\/wp\/v2\/types\/post"}],"author":[{"embeddable":true,"href":"https:\/\/www.europesays.com\/fr\/wp-json\/wp\/v2\/users\/2"}],"replies":[{"embeddable":true,"href":"https:\/\/www.europesays.com\/fr\/wp-json\/wp\/v2\/comments?post=71612"}],"version-history":[{"count":0,"href":"https:\/\/www.europesays.com\/fr\/wp-json\/wp\/v2\/posts\/71612\/revisions"}],"wp:featuredmedia":[{"embeddable":true,"href":"https:\/\/www.europesays.com\/fr\/wp-json\/wp\/v2\/media\/71613"}],"wp:attachment":[{"href":"https:\/\/www.europesays.com\/fr\/wp-json\/wp\/v2\/media?parent=71612"}],"wp:term":[{"taxonomy":"category","embeddable":true,"href":"https:\/\/www.europesays.com\/fr\/wp-json\/wp\/v2\/categories?post=71612"},{"taxonomy":"post_tag","embeddable":true,"href":"https:\/\/www.europesays.com\/fr\/wp-json\/wp\/v2\/tags?post=71612"}],"curies":[{"name":"wp","href":"https:\/\/api.w.org\/{rel}","templated":true}]}}