{"id":716130,"date":"2026-02-06T17:02:10","date_gmt":"2026-02-06T17:02:10","guid":{"rendered":"https:\/\/www.europesays.com\/fr\/716130\/"},"modified":"2026-02-06T17:02:10","modified_gmt":"2026-02-06T17:02:10","slug":"nucleaire-iran-et-etats-unis-vont-poursuivre-les-discussions-apres-des-negociations-indirectes-a-oman","status":"publish","type":"post","link":"https:\/\/www.europesays.com\/fr\/716130\/","title":{"rendered":"Nucl\u00e9aire : Iran et \u00c9tats\u2011Unis vont poursuivre les discussions apr\u00e8s des n\u00e9gociations indirectes \u00e0 Oman"},"content":{"rendered":"<p class=\"mb-4 text-lg md:leading-8 break-words\">L&rsquo;Iran et les \u00c9tats-Unis ont convenu de poursuivre les n\u00e9gociations apr\u00e8s des discussions indirectes \u00e0 Mascate, la capitale d\u2019Oman, vendredi. Les pourparlers \u00e9taient centr\u00e9s sur le programme nucl\u00e9aire iranien, malgr\u00e9 les tensions persistantes li\u00e9es \u00e0 la r\u00e9pression des r\u00e9centes manifestations \u00e0 travers le pays.<\/p>\n<p class=\"mb-4 text-lg md:leading-8 break-words\">Le ministre iranien des Affaires \u00e9trang\u00e8res, Abbas Araghchi, et l&rsquo;envoy\u00e9 am\u00e9ricain pour le Moyen-Orient, Steve Witkoff, ont conduit leurs d\u00e9l\u00e9gations sous la m\u00e9diation d&rsquo;Oman, sans se rencontrer publiquement face \u00e0 face.<\/p>\n<p class=\"mb-4 text-lg md:leading-8 break-words\">\u00ab\u00a0Dans une atmosph\u00e8re tr\u00e8s positive, nos arguments ont \u00e9t\u00e9 \u00e9chang\u00e9s et les points de vue de l&rsquo;autre partie ont \u00e9t\u00e9 partag\u00e9s avec nous\u00a0\u00bb, a d\u00e9clar\u00e9 Araghchi \u00e0 la t\u00e9l\u00e9vision publique iranienne. Il a ajout\u00e9 que les deux parties avaient \u00ab\u00a0convenu de poursuivre les n\u00e9gociations, mais nous d\u00e9ciderons des modalit\u00e9s et du calendrier \u00e0 une date ult\u00e9rieure\u00a0\u00bb.<\/p>\n<p class=\"mb-4 text-lg md:leading-8 break-words\">Il s&rsquo;agit de des premi\u00e8res discussions directes entre les deux pays depuis que les \u00c9tats-Unis se sont joints \u00e0 la guerre de 12 jours entre Isra\u00ebl et l&rsquo;Iran, en juin, en menant des frappes sur des sites nucl\u00e9aires.<\/p>\n<p class=\"mb-4 text-lg md:leading-8 break-words\">Abbas Araghchi a soulign\u00e9 que les discussions portaient exclusivement sur la question nucl\u00e9aire. Les \u00c9tats-Unis ont, de leur c\u00f4t\u00e9, pr\u00e9cis\u00e9 que le soutien de T\u00e9h\u00e9ran \u00e0 des groupes militants et son programme de missiles balistiques devraient \u00e9galement figurer \u00e0 l&rsquo;ordre du jour.<\/p>\n<p class=\"mb-4 text-lg md:leading-8 break-words\">\u00ab\u00a0Nos discussions portent uniquement sur la question nucl\u00e9aire et nous n\u2019abordons aucun autre sujet avec les Am\u00e9ricains\u00a0\u00bb, a-t-il d\u00e9clar\u00e9 \u00e0 l&rsquo;agence officielle IRNA.<\/p>\n<p class=\"mb-4 text-lg md:leading-8 break-words\">Steve Witkoff \u00e9tait accompagn\u00e9 du gendre de Donald Trump, Jared Kushner. L&rsquo;amiral Brad Cooper, commandant du Commandement central am\u00e9ricain \u2013 dont la zone de responsabilit\u00e9 couvre le Moyen-Orient \u2013 \u00e9tait \u00e9galement pr\u00e9sent, selon des images publi\u00e9es par l&rsquo;agence de presse Oman.<\/p>\n<p class=\"mb-4 text-lg md:leading-8 break-words\">Une source proche des discussions a indiqu\u00e9 \u00e0 l&rsquo;AFP que les r\u00e9unions s&rsquo;\u00e9taient tenues \u00e0 la r\u00e9sidence du ministre omanais des Affaires \u00e9trang\u00e8res, Badr Albusaidi.<\/p>\n<p class=\"mb-4 text-lg md:leading-8 break-words\">Lors des multiples sessions du matin et de l\u2019apr\u00e8s-midi, les deux parties ont fait la navette entre la r\u00e9sidence d&rsquo;Albusaidi et la leur. Le ministre omanais a sembl\u00e9 jouer le r\u00f4le de m\u00e9diateur, transmettant des messages entre les d\u00e9l\u00e9gations.<\/p>\n<p class=\"mb-4 text-lg md:leading-8 break-words\">Dans un message publi\u00e9 sur X, M. Albusaidi a qualifi\u00e9 les discussions de \u00a0\u00bb tr\u00e8s s\u00e9rieuses\u00a0\u00bb.<\/p>\n<p class=\"mb-4 text-lg md:leading-8 break-words\">\u00ab\u00a0Il a \u00e9t\u00e9 utile de clarifier la pens\u00e9e iranienne et am\u00e9ricaine et d&rsquo;identifier les domaines dans lesquels des progr\u00e8s sont possibles. Nous avons l&rsquo;intention de nous r\u00e9unir \u00e0 nouveau en temps voulu, et les r\u00e9sultats seront examin\u00e9s attentivement \u00e0 T\u00e9h\u00e9ran et \u00e0 Washington\u00a0\u00bb, a-t-il ajout\u00e9.<\/p>\n<p>Pas d&rsquo;armes nucl\u00e9aires pour T\u00e9h\u00e9ran<\/p>\n<p class=\"mb-4 text-lg md:leading-8 break-words\">La Maison Blanche a r\u00e9affirm\u00e9 vouloir emp\u00eacher T\u00e9h\u00e9ran de d\u00e9velopper une bombe nucl\u00e9aire, un projet que la R\u00e9publique islamique a toujours ni\u00e9.<\/p>\n<p class=\"mb-4 text-lg md:leading-8 break-words\">La d\u00e9l\u00e9gation am\u00e9ricaine souhaite explorer la piste d'\u00a0\u00bbune capacit\u00e9 nucl\u00e9aire nulle\u00a0\u00bb pour l&rsquo;Iran, a pr\u00e9cis\u00e9 la porte-parole de la Maison Blanche, Karoline Leavitt, rappelant que Donald Trump disposait \u00ab\u00a0de nombreuses options en dehors de la diplomatie\u00a0\u00bb.<\/p>\n<p class=\"mb-4 text-lg md:leading-8 break-words\">\u00ab\u00a0Ils n\u00e9gocient, ils ne veulent pas que nous les frappions\u00a0\u00bb, a d\u00e9clar\u00e9 le chef de la Maison-Blanche jeudi. \u00ab\u00a0Nous avons une grande flotte qui se rend l\u00e0-bas \u00ab\u00a0, a-t-il ajout\u00e9, en r\u00e9f\u00e9rence \u00e0 un groupe de porte-avions qu&rsquo;il a qualifi\u00e9 \u00e0 plusieurs reprises d'\u00a0\u00bbarmada\u00a0\u00bb.<\/p>\n<p class=\"mb-4 text-lg md:leading-8 break-words\">Les \u00c9tats-Unis ont d\u00e9ploy\u00e9 dans la r\u00e9gion un groupe naval dirig\u00e9 par le porte-avions USS Abraham Lincoln.<\/p>\n<p class=\"mb-4 text-lg md:leading-8 break-words\">Ces pourparlers surviennent moins d&rsquo;un mois apr\u00e8s une vague de protestations en Iran, d\u00e9clench\u00e9e par l&rsquo;hyperinflation et la forte hausse du co\u00fbt de la vie, qui s&rsquo;est rapidement transform\u00e9e en manifestations contre le r\u00e9gime des mollahs. Selon des groupes de d\u00e9fense des droits humains et des observateurs de l&rsquo;Iran, ces mouvements ont \u00e9t\u00e9 brutalement r\u00e9prim\u00e9s, avec un bilan pouvant atteindre 30 000 morts.<\/p>\n<p class=\"mb-4 text-lg md:leading-8 break-words\">D&rsquo;apr\u00e8s l&rsquo;ONG Human Rights Activists News Agency, pr\u00e8s de 51 000 personnes auraient \u00e9t\u00e9 arr\u00eat\u00e9es.<\/p>\n<p class=\"mb-4 text-lg md:leading-8 break-words\"><b class=\"c-widget-related__title__text\">Related<\/b><\/p>\n<p class=\"mb-4 text-lg md:leading-8 break-words\">Trump a d&rsquo;abord menac\u00e9 d&rsquo;une action militaire contre T\u00e9h\u00e9ran en r\u00e9ponse \u00e0 la r\u00e9pression des manifestants et a assur\u00e9 \u00e0 ces derniers que \u00ab\u00a0l&rsquo;aide \u00e9tait en route\u00a0\u00bb.<\/p>\n<p class=\"mb-4 text-lg md:leading-8 break-words\">L&rsquo;Iran a, de son c\u00f4t\u00e9, r\u00e9p\u00e9t\u00e9 \u00e0 plusieurs reprises qu&rsquo;il riposterait en cas d&rsquo;attaque.<\/p>\n<p class=\"mb-4 text-lg md:leading-8 break-words\">Les \u00c9tats-Unis pr\u00e9voyaient initialement d&rsquo;organiser les discussions en Turquie, en associant les pays de la r\u00e9gion et en \u00e9largissant l&rsquo;ordre du jour au\u2011del\u00e0 du nucl\u00e9aire. Mais, selon une source r\u00e9gionale proche des n\u00e9gociations cit\u00e9e par l&rsquo;AFP, ils ont chang\u00e9 de plan face aux demandes iraniennes.<\/p>\n","protected":false},"excerpt":{"rendered":"L&rsquo;Iran et les \u00c9tats-Unis ont convenu de poursuivre les n\u00e9gociations apr\u00e8s des discussions indirectes \u00e0 Mascate, la capitale&hellip;\n","protected":false},"author":2,"featured_media":716131,"comment_status":"","ping_status":"","sticky":false,"template":"","format":"standard","meta":{"footnotes":""},"categories":[1589],"tags":[10461,11,73,1866,3019,7402,12,10458,6989,1864,1865,1863,308],"class_list":{"0":"post-716130","1":"post","2":"type-post","3":"status-publish","4":"format-standard","5":"has-post-thumbnail","7":"category-etats-unis","8":"tag-abbas-araghchi","9":"tag-actualites","10":"tag-etats-unis","11":"tag-etats-unis-damerique","12":"tag-iran","13":"tag-le-moyen-orient","14":"tag-news","15":"tag-programme-nucleaire-iranien","16":"tag-steve-witkoff","17":"tag-united-states","18":"tag-united-states-of-america","19":"tag-us","20":"tag-usa"},"share_on_mastodon":{"url":"https:\/\/pubeurope.com\/@fr\/116024767444593115","error":""},"_links":{"self":[{"href":"https:\/\/www.europesays.com\/fr\/wp-json\/wp\/v2\/posts\/716130","targetHints":{"allow":["GET"]}}],"collection":[{"href":"https:\/\/www.europesays.com\/fr\/wp-json\/wp\/v2\/posts"}],"about":[{"href":"https:\/\/www.europesays.com\/fr\/wp-json\/wp\/v2\/types\/post"}],"author":[{"embeddable":true,"href":"https:\/\/www.europesays.com\/fr\/wp-json\/wp\/v2\/users\/2"}],"replies":[{"embeddable":true,"href":"https:\/\/www.europesays.com\/fr\/wp-json\/wp\/v2\/comments?post=716130"}],"version-history":[{"count":0,"href":"https:\/\/www.europesays.com\/fr\/wp-json\/wp\/v2\/posts\/716130\/revisions"}],"wp:featuredmedia":[{"embeddable":true,"href":"https:\/\/www.europesays.com\/fr\/wp-json\/wp\/v2\/media\/716131"}],"wp:attachment":[{"href":"https:\/\/www.europesays.com\/fr\/wp-json\/wp\/v2\/media?parent=716130"}],"wp:term":[{"taxonomy":"category","embeddable":true,"href":"https:\/\/www.europesays.com\/fr\/wp-json\/wp\/v2\/categories?post=716130"},{"taxonomy":"post_tag","embeddable":true,"href":"https:\/\/www.europesays.com\/fr\/wp-json\/wp\/v2\/tags?post=716130"}],"curies":[{"name":"wp","href":"https:\/\/api.w.org\/{rel}","templated":true}]}}