{"id":716132,"date":"2026-02-06T17:03:21","date_gmt":"2026-02-06T17:03:21","guid":{"rendered":"https:\/\/www.europesays.com\/fr\/716132\/"},"modified":"2026-02-06T17:03:21","modified_gmt":"2026-02-06T17:03:21","slug":"lex-prince-andrew-doit-il-etre-radie-de-lordre-de-succession-au-trone","status":"publish","type":"post","link":"https:\/\/www.europesays.com\/fr\/716132\/","title":{"rendered":"L\u2019ex-prince Andrew doit-il \u00eatre radi\u00e9 de l\u2019ordre de succession au tr\u00f4ne ?"},"content":{"rendered":"<p>Huiti\u00e8me. C\u2019est la position qu\u2019occupe \u00e0 ce jour <a target=\"_blank\" href=\"https:\/\/www.pointdevue.fr\/grand-angle\/biographies\/prince-andrew\" rel=\"noopener\">Andrew Mountbatten-Windsor<\/a> dans la liste des <a target=\"_blank\" href=\"https:\/\/www.royal.uk\/encyclopedia\/succession\" rel=\"nofollow noopener\">successibles au tr\u00f4ne britannique<\/a>. \u00c0 <a target=\"_blank\" href=\"https:\/\/www.pointdevue.fr\/royal\/royaume-uni\/dans-les-archives-de-point-de-vue-langleterre-eclate-de-joie-cest-un-petit-prince\" rel=\"noopener\">sa naissance, le 19 f\u00e9vrier 1960<\/a>, il \u00e9tait second derri\u00e8re son fr\u00e8re a\u00een\u00e9, <a target=\"_blank\" href=\"https:\/\/www.pointdevue.fr\/grand-angle\/biographies\/charles-iii\" rel=\"noopener\">Charles<\/a>. Bient\u00f4t 66 ans plus tard, l\u2019ancien duc d\u2019York arrive d\u00e9sormais <strong>juste apr\u00e8s le <\/strong><a target=\"_blank\" href=\"https:\/\/www.pointdevue.fr\/grand-angle\/biographies\/archie-de-sussex\" rel=\"noopener\"><strong>prince Archie<\/strong><\/a><strong>, 6e, et la <\/strong><a target=\"_blank\" href=\"https:\/\/www.pointdevue.fr\/grand-angle\/biographies\/lilibet-de-sussex\" rel=\"noopener\"><strong>princesse Lilibet<\/strong><\/a><strong>, 7e<\/strong> \u2013 les deux enfants de son neveu le <a target=\"_blank\" href=\"https:\/\/www.pointdevue.fr\/grand-angle\/biographies\/prince-harry\" rel=\"noopener\">prince Harry<\/a>. Andrew figure dans la liste juste <strong>avant sa fille a\u00een\u00e9e la <\/strong><a target=\"_blank\" href=\"https:\/\/www.pointdevue.fr\/grand-angle\/biographies\/princesse-beatrice\" rel=\"noopener\"><strong>princesse Beatrice<\/strong><\/a> (9e), elle-m\u00eame suivie de ses propres filles Sienna (10e) et Athena (11e).<\/p>\n<p><img decoding=\"async\" src=\"https:\/\/www.europesays.com\/fr\/wp-content\/uploads\/2026\/02\/GettyImages-1154584430fbtvmA7BRJ.jpg\" alt=\"Andrew en uniforme au palais de Buckingham pour Trooping the Colour, le 8 juin 2019. Ce sera sa derni\u00e8re apparition \u00e0 ce balcon.\"\/><strong>Andrew en uniforme au palais de Buckingham pour Trooping the Colour, le 8 juin 2019. Ce sera sa derni\u00e8re apparition \u00e0 ce balcon.<\/strong> \u00a9 Neil Mockford\/GC Images\/Getty Images<\/p>\n<p>Autrement dit, il faudrait un drame qui terrasserait \u00e0 la fois Charles III, l\u2019ensemble de la famille h\u00e9riti\u00e8re de Galles ainsi que celle de Sussex avant qu\u2019Andrew ne soit appel\u00e9 \u00e0 monter sur le tr\u00f4ne. Mais <strong>m\u00eame tr\u00e8s improbable, cela reste l\u00e9galement une possibilit\u00e9<\/strong>. D\u00e9chu de <a target=\"_blank\" href=\"https:\/\/www.pointdevue.fr\/royal\/royaume-uni\/andrew-mountbatten-windsor-dechu-officiellement-de-ses-dernieres-distinctions\" rel=\"noopener\">l\u2019int\u00e9gralit\u00e9 de ses titres et honneurs<\/a>, pouss\u00e9 \u00e0 <a target=\"_blank\" href=\"https:\/\/www.pointdevue.fr\/royal\/royaume-uni\/lex-prince-andrew-a-quitte-royal-lodge-exfiltre-de-windsor-en-pleine-nuit\" rel=\"noopener\">l\u2019exil dans le Norfolk<\/a>, le paria garde pourtant sa position dans l&rsquo;ordre de succession.<\/p>\n<p>Opinion publique et r\u00e8gles successorales\u00a0: pourquoi il est peu probable qu\u2019Andrew soit exclu<\/p>\n<p>68% des lecteurs de Hello ayant <a target=\"_blank\" href=\"https:\/\/www.hellomagazine.com\/royalty\/881888\/andrew-mountbatten-windsor-should-be-removed-from-line-of-succession-say-hello-readers\/\" rel=\"nofollow noopener\">r\u00e9pondu au r\u00e9cent sondage<\/a> lanc\u00e9 par le magazine estiment que <strong>l\u2019ex-prince devrait \u00eatre \u00e9cart\u00e9 de la ligne de succession<\/strong>. Pour autant, la man\u0153uvre n\u00e9cessiterait l\u2019engagement d\u2019un processus constitutionnel lourd et particuli\u00e8rement long. <strong>L\u2019accord de chacun des royaumes du Commonwealth, ces pays o\u00f9 Charles III est chef d\u2019\u00c9tat, est en effet n\u00e9cessaire \u00e0 toute modification des lois successorales<\/strong>.<\/p>\n<p>Comme l\u2019explique \u00e0 Hello l\u2019expert de la monarchie Robert Jobson, \u00ab\u00a0il faut un Acte du parlement, mais pas seulement des d\u00e9put\u00e9s \u00e0 Westminster. Selon le Statut de Westminster de 1931, les 15 royaumes du Commonwealth, o\u00f9 le monarque britannique r\u00e8gne encore, doivent donner leur accord et faire voter la loi dans leurs parlements respectifs. <strong>Une m\u00eame l\u00e9gislation doit donc \u00eatre adopt\u00e9e par le Canada, l&rsquo;Australie, la Nouvelle-Z\u00e9lande, la Jama\u00efque et onze autres parlements ind\u00e9pendants<\/strong>. Ce n&rsquo;est pas sans pr\u00e9c\u00e9dent, mais cela n\u00e9cessite la volont\u00e9 des d\u00e9put\u00e9s et le temps n\u00e9cessaire pour que cette loi soit adopt\u00e9e.\u00a0\u00bb<\/p>\n<p>Et Jobson d\u2019ajouter que le pays a d\u2019autres priorit\u00e9s. \u00ab\u00a0Face \u00e0 l&rsquo;agitation politique mondiale actuelle, les d\u00e9put\u00e9s de Westminster sont peu enclins \u00e0 consacrer du temps \u00e0 l&rsquo;adoption de cette loi. Ouvrir le d\u00e9bat parlementaire sur la loi de succession risque d&rsquo;entra\u00eener <strong>des mois de gros titres n\u00e9gatifs dans la presse, d&rsquo;amendements hostiles ou, pire encore, de chaos constitutionnel<\/strong>.\u00a0\u00bb<\/p>\n<p>Ceux qui ont perdu leur place dans l\u2019ordre de succession<\/p>\n<p>Jamais un membre de la famille royale britannique n\u2019a encore \u00e9t\u00e9 radi\u00e9 de l\u2019ordre de succession sur d\u00e9cision du monarque. En revanche, certains ont <strong>perdu leur place en renon\u00e7ant d\u2019eux-m\u00eames \u00e0 leurs droits<\/strong>. \u00c0 commencer par le tr\u00e8s \u00e9ph\u00e9m\u00e8re <a target=\"_blank\" href=\"https:\/\/www.pointdevue.fr\/grand-angle\/biographies\/edouard-viii\" rel=\"noopener\"><strong>\u00c9douard VIII<\/strong><\/a><strong>, \u00e0 <\/strong><a target=\"_blank\" href=\"https:\/\/www.pointdevue.fr\/royal\/royaume-uni\/labdication-dedouard-viii-aimer-a-perdre-la-couronne\" rel=\"noopener\"><strong>son abdication<\/strong> en 1936<\/a>.\u00a0<\/p>\n<p><img decoding=\"async\" src=\"https:\/\/www.europesays.com\/fr\/wp-content\/uploads\/2026\/02\/GettyImages-1406203347pH7JIhBoOc.jpg\" alt=\"Lady Marina Windsor et sa grand-tante, la princesse Michael de Kent, dans les tribunes de Wimbledon, en 2022.\"\/><strong>Lady Marina Windsor et sa grand-tante, la princesse Michael de Kent, dans les tribunes de Wimbledon, en 2022.<\/strong> \u00a9Karwai Tang\/WireImage\/Getty<\/p>\n<p>Plus r\u00e9cemment, <strong>lord Nicholas Windsor et lady Marina Windsor<\/strong>, respectivement le fils et la petite-fille du <a target=\"_blank\" href=\"https:\/\/www.pointdevue.fr\/grand-angle\/biographies\/duc-de-kent\" rel=\"noopener\">duc<\/a> et de la <a target=\"_blank\" href=\"https:\/\/www.pointdevue.fr\/grand-angle\/biographies\/katharine-kent\" rel=\"noopener\">duchesse de Kent<\/a>, ont eux aussi renonc\u00e9 \u00e0 leurs droits quand ils se sont convertis au catholicisme. La liste des successibles \u00e0 la Couronne, et donc au poste de chef de l\u2019\u00c9glise anglicane, est <strong>depuis l&rsquo;Acte d&rsquo;\u00e9tablissement de 1701 r\u00e9serv\u00e9e aux protestants<\/strong>. L\u2019issue est peu probable, mais une conversion ferait de la m\u00eame fa\u00e7on perdre automatiquement ses droits \u00e0 l&rsquo;ex-mari de <a target=\"_blank\" href=\"https:\/\/www.pointdevue.fr\/grand-angle\/biographies\/sarah-ferguson\" rel=\"noopener\">Sarah Ferguson<\/a>.<\/p>\n<p>2011, accord de Perth et amendement des r\u00e8gles<\/p>\n<p>Le dernier grand <strong>changement dans les lois successorales<\/strong> a \u00e9t\u00e9 initi\u00e9 en 2011, quelques mois apr\u00e8s le mariage du <a target=\"_blank\" href=\"https:\/\/www.pointdevue.fr\/grand-angle\/biographies\/prince-william\" rel=\"noopener\">prince William<\/a> avec <a target=\"_blank\" href=\"https:\/\/www.pointdevue.fr\/grand-angle\/biographies\/kate-middleton\" rel=\"noopener\">Kate Middleton<\/a>. En octobre, la reine <a target=\"_blank\" href=\"https:\/\/www.pointdevue.fr\/grand-angle\/biographies\/elisabeth-ii\" rel=\"noopener\">\u00c9lisabeth II<\/a> profite de la <strong>r\u00e9union des chefs de gouvernements du Commonwealth \u00e0 Perth<\/strong>, en Australie, pour leur soumettre une proposition de loi visant \u00e0 abolir la primog\u00e9niture \u00e0 pr\u00e9f\u00e9rence masculine au profit de <strong>l\u2019\u00e9galit\u00e9 des sexes dans la pr\u00e9s\u00e9ance au tr\u00f4ne<\/strong>. L&rsquo;application de cette proposition a pris <strong>pr\u00e8s de quatre ans,<\/strong> le temps d&rsquo;\u00eatre traduite en actes de loi et vot\u00e9e par les d\u00e9put\u00e9s aux quatre coins du Commonwealth. Elle n&rsquo;est officiellement entr\u00e9e en vigueur qu&rsquo;en mars 2015 &#8211; et mise en application pour tous les h\u00e9ritiers n\u00e9s depuis le jour de la proposition, en 2011. Quatre ans, selon le sujet \u00e0 d\u00e9battre, cela peut parfois sembler une \u00e9ternit\u00e9. \u00a0<\/p>\n<p>Lire aussi &gt;&gt; <a target=\"_blank\" href=\"https:\/\/www.pointdevue.fr\/royal\/royaume-uni\/andrew-mountbatten-windsor-reloge-du-rififi-a-sandringham\" rel=\"noopener\">Andrew Mountbatten-Windsor relog\u00e9, du rififi \u00e0 Sandringham<\/a><\/p>\n","protected":false},"excerpt":{"rendered":"Huiti\u00e8me. C\u2019est la position qu\u2019occupe \u00e0 ce jour Andrew Mountbatten-Windsor dans la liste des successibles au tr\u00f4ne britannique.&hellip;\n","protected":false},"author":2,"featured_media":716133,"comment_status":"","ping_status":"","sticky":false,"template":"","format":"standard","meta":{"footnotes":""},"categories":[1588],"tags":[11,1777,674,12,473,1853,1851,1850,1852],"class_list":{"0":"post-716132","1":"post","2":"type-post","3":"status-publish","4":"format-standard","5":"has-post-thumbnail","7":"category-royaume-uni","8":"tag-actualites","9":"tag-eu","10":"tag-europe","11":"tag-news","12":"tag-royaume-uni","13":"tag-royaume-uni-de-grande-bretagne-et-dirlande-du-nord","14":"tag-uk","15":"tag-united-kingdom","16":"tag-united-kingdom-of-great-britain-and-northern-ireland"},"share_on_mastodon":{"url":"https:\/\/pubeurope.com\/@fr\/116024770935213648","error":""},"_links":{"self":[{"href":"https:\/\/www.europesays.com\/fr\/wp-json\/wp\/v2\/posts\/716132","targetHints":{"allow":["GET"]}}],"collection":[{"href":"https:\/\/www.europesays.com\/fr\/wp-json\/wp\/v2\/posts"}],"about":[{"href":"https:\/\/www.europesays.com\/fr\/wp-json\/wp\/v2\/types\/post"}],"author":[{"embeddable":true,"href":"https:\/\/www.europesays.com\/fr\/wp-json\/wp\/v2\/users\/2"}],"replies":[{"embeddable":true,"href":"https:\/\/www.europesays.com\/fr\/wp-json\/wp\/v2\/comments?post=716132"}],"version-history":[{"count":0,"href":"https:\/\/www.europesays.com\/fr\/wp-json\/wp\/v2\/posts\/716132\/revisions"}],"wp:featuredmedia":[{"embeddable":true,"href":"https:\/\/www.europesays.com\/fr\/wp-json\/wp\/v2\/media\/716133"}],"wp:attachment":[{"href":"https:\/\/www.europesays.com\/fr\/wp-json\/wp\/v2\/media?parent=716132"}],"wp:term":[{"taxonomy":"category","embeddable":true,"href":"https:\/\/www.europesays.com\/fr\/wp-json\/wp\/v2\/categories?post=716132"},{"taxonomy":"post_tag","embeddable":true,"href":"https:\/\/www.europesays.com\/fr\/wp-json\/wp\/v2\/tags?post=716132"}],"curies":[{"name":"wp","href":"https:\/\/api.w.org\/{rel}","templated":true}]}}