{"id":716134,"date":"2026-02-06T17:04:21","date_gmt":"2026-02-06T17:04:21","guid":{"rendered":"https:\/\/www.europesays.com\/fr\/716134\/"},"modified":"2026-02-06T17:04:21","modified_gmt":"2026-02-06T17:04:21","slug":"leco-du-monde-lallemagne-revient-en-force-hausse-de-88-des-commandes-aux-usines","status":"publish","type":"post","link":"https:\/\/www.europesays.com\/fr\/716134\/","title":{"rendered":"L&rsquo;\u00e9co du monde : L&rsquo;Allemagne revient en force, hausse de 8,8% des commandes aux usines"},"content":{"rendered":"<p><img loading=\"lazy\" decoding=\"async\" src=\"https:\/\/www.europesays.com\/fr\/wp-content\/uploads\/2026\/02\/L-eco-du-monde-L-Allemagne-revient-en-force-hausse-de-8-8-des-commandes-aux-usines-06-02-2231121.web.webp\" width=\"1200\" height=\"675\" alt=\"placeholder video\"\/><\/p>\n<p>Ce vendredi 6 f\u00e9vrier, Fran\u00e7ois Rimeu, strat\u00e9giste senior chez Cr\u00e9dit MUTUEL AM, a abord\u00e9 les fruits du plan de relance \u00e9conomique allemand avec l&rsquo;augmentation des commandes aux usines, et la hausse de l&rsquo;euro en tant qu&rsquo;\u00e9ventuel variable poussant la BCE \u00e0 baisser ses taux, dans l&rsquo;\u00e9mission BFM Bourse pr\u00e9sent\u00e9e par Guillaume Sommerer. BFM Bourse est \u00e0 voir ou \u00e9couter du lundi au vendredi sur BFM Business.<\/p>\n<p>Aujourd&rsquo;hui \u00e0 16h32 | Dur\u00e9e : 4:42<\/p>\n","protected":false},"excerpt":{"rendered":"Ce vendredi 6 f\u00e9vrier, Fran\u00e7ois Rimeu, strat\u00e9giste senior chez Cr\u00e9dit MUTUEL AM, a abord\u00e9 les fruits du plan&hellip;\n","protected":false},"author":2,"featured_media":716135,"comment_status":"","ping_status":"","sticky":false,"template":"","format":"standard","meta":{"footnotes":""},"categories":[1587],"tags":[11,672,1804,1805,1803,1777,674,1801,12,1802],"class_list":{"0":"post-716134","1":"post","2":"type-post","3":"status-publish","4":"format-standard","5":"has-post-thumbnail","7":"category-allemagne","8":"tag-actualites","9":"tag-allemagne","10":"tag-bundesrepublik-deutschland","11":"tag-de","12":"tag-deutschland","13":"tag-eu","14":"tag-europe","15":"tag-germany","16":"tag-news","17":"tag-republique-federale-dallemagne"},"share_on_mastodon":{"url":"https:\/\/pubeurope.com\/@fr\/116024774846936323","error":""},"_links":{"self":[{"href":"https:\/\/www.europesays.com\/fr\/wp-json\/wp\/v2\/posts\/716134","targetHints":{"allow":["GET"]}}],"collection":[{"href":"https:\/\/www.europesays.com\/fr\/wp-json\/wp\/v2\/posts"}],"about":[{"href":"https:\/\/www.europesays.com\/fr\/wp-json\/wp\/v2\/types\/post"}],"author":[{"embeddable":true,"href":"https:\/\/www.europesays.com\/fr\/wp-json\/wp\/v2\/users\/2"}],"replies":[{"embeddable":true,"href":"https:\/\/www.europesays.com\/fr\/wp-json\/wp\/v2\/comments?post=716134"}],"version-history":[{"count":0,"href":"https:\/\/www.europesays.com\/fr\/wp-json\/wp\/v2\/posts\/716134\/revisions"}],"wp:featuredmedia":[{"embeddable":true,"href":"https:\/\/www.europesays.com\/fr\/wp-json\/wp\/v2\/media\/716135"}],"wp:attachment":[{"href":"https:\/\/www.europesays.com\/fr\/wp-json\/wp\/v2\/media?parent=716134"}],"wp:term":[{"taxonomy":"category","embeddable":true,"href":"https:\/\/www.europesays.com\/fr\/wp-json\/wp\/v2\/categories?post=716134"},{"taxonomy":"post_tag","embeddable":true,"href":"https:\/\/www.europesays.com\/fr\/wp-json\/wp\/v2\/tags?post=716134"}],"curies":[{"name":"wp","href":"https:\/\/api.w.org\/{rel}","templated":true}]}}