{"id":716138,"date":"2026-02-06T17:06:19","date_gmt":"2026-02-06T17:06:19","guid":{"rendered":"https:\/\/www.europesays.com\/fr\/716138\/"},"modified":"2026-02-06T17:06:19","modified_gmt":"2026-02-06T17:06:19","slug":"malgre-les-incertitudes-un-quart-des-pme-francaises-misent-sur-lexport-en-2026","status":"publish","type":"post","link":"https:\/\/www.europesays.com\/fr\/716138\/","title":{"rendered":"Malgr\u00e9 les incertitudes, un quart des PME fran\u00e7aises misent sur l\u2019export en 2026"},"content":{"rendered":"<p>Malgr\u00e9 le \u00ab\u00a0bazooka douanier\u00a0\u00bb de Donald Trump et les tensions g\u00e9opolitiques, les petites et moyennes entreprises fran\u00e7aises n\u2019ont pas dit leur dernier mot sur l\u2019export. L\u2019\u00e9conomie europ\u00e9enne pourrait en tirer profit.<\/p>\n<p>C\u2019est le principal enseignement du <a href=\"https:\/\/lelab.bpifrance.fr\/enquetes\/24-des-tpe-pme-francaises-prevoient-d-exporter-en-2026-une-ambition-stable-malgre-un-contexte-international-sous-tension\" target=\"_blank\" rel=\"nofollow noopener\">barom\u00e8tre export annuel de Bpifrance Le Lab<\/a>, publi\u00e9 ce vendredi. \u00ab\u00a0L\u2019exportation reste un levier strat\u00e9gique pour les TPE PME fran\u00e7aises, m\u00eame dans un environnement international marqu\u00e9 par l\u2019incertitude\u00a0\u00bb, affirme en ce sens Bpifrance.<\/p>\n<p>Premier chiffre notable\u00a0: pr\u00e8s d\u2019un quart (24\u00a0%) des TPE-PME sond\u00e9es (4\u00a0651 entreprises) comptent exporter en 2026. Une proportion relativement stable, selon Bpifrance. En 2025, elles \u00e9taient en effet 26\u00a0% \u00e0 r\u00e9pondre oui \u00e0 cette question, contre 23\u00a0% en 2024. Sans surprise, les entreprises exportant r\u00e9guli\u00e8rement se montrent \u00ab\u00a0les plus optimistes\u00a0\u00bb sur le chiffre d\u2019affaires g\u00e9n\u00e9r\u00e9 par cette activit\u00e9. 37\u00a0% l\u2019anticipent, contre 29\u00a0% des exportatrices occasionnelles et 19\u00a0% des non-exportatrices.<\/p>\n<p>L\u2019autre enseignement de ce barom\u00e8tre est qu\u2019en 2026, les pays de l\u2019Union europ\u00e9enne (UE) seront les principaux destinataires de ces exportations. Ainsi, note Bpifrance, 86\u00a0% des TPE-PME comptent y envoyer leurs produits, soit 3 points de plus sur un an. Parmi elles, 39\u00a0% le feront exclusivement dans ce territoire.<\/p>\n<p>Toutefois, 61\u00a0% des entreprises sond\u00e9es pr\u00e9voient d\u2019exporter en dehors de l\u2019UE. Une proportion stable, principalement vers l\u2019Am\u00e9rique du Nord (28\u00a0%, soit 2 points de plus), l\u2019Asie et le Moyen-Orient. Bpifrance ajoute que l\u2019industrie devrait porter l\u2019acc\u00e9l\u00e9ration des exportations cette ann\u00e9e.<\/p>\n","protected":false},"excerpt":{"rendered":"Malgr\u00e9 le \u00ab\u00a0bazooka douanier\u00a0\u00bb de Donald Trump et les tensions g\u00e9opolitiques, les petites et moyennes entreprises fran\u00e7aises n\u2019ont&hellip;\n","protected":false},"author":2,"featured_media":716139,"comment_status":"","ping_status":"","sticky":false,"template":"","format":"standard","meta":{"footnotes":"","_share_on_mastodon":"0"},"categories":[1586],"tags":[5734,11,80770,33,20598,1777,674,1779,1011,27,1861,12,25,72034,1778,364],"class_list":["post-716138","post","type-post","status-publish","format-standard","has-post-thumbnail","category-europe","tag-5734","tag-actualites","tag-dexporter","tag-economie","tag-envie","tag-eu","tag-europe","tag-european-union","tag-fr","tag-france","tag-lue","tag-news","tag-republique-francaise","tag-tpe-pme","tag-ue","tag-union-europeenne"],"share_on_mastodon":{"url":"https:\/\/pubeurope.com\/@fr\/116024782826848273","error":""},"_links":{"self":[{"href":"https:\/\/www.europesays.com\/fr\/wp-json\/wp\/v2\/posts\/716138","targetHints":{"allow":["GET"]}}],"collection":[{"href":"https:\/\/www.europesays.com\/fr\/wp-json\/wp\/v2\/posts"}],"about":[{"href":"https:\/\/www.europesays.com\/fr\/wp-json\/wp\/v2\/types\/post"}],"author":[{"embeddable":true,"href":"https:\/\/www.europesays.com\/fr\/wp-json\/wp\/v2\/users\/2"}],"replies":[{"embeddable":true,"href":"https:\/\/www.europesays.com\/fr\/wp-json\/wp\/v2\/comments?post=716138"}],"version-history":[{"count":0,"href":"https:\/\/www.europesays.com\/fr\/wp-json\/wp\/v2\/posts\/716138\/revisions"}],"wp:featuredmedia":[{"embeddable":true,"href":"https:\/\/www.europesays.com\/fr\/wp-json\/wp\/v2\/media\/716139"}],"wp:attachment":[{"href":"https:\/\/www.europesays.com\/fr\/wp-json\/wp\/v2\/media?parent=716138"}],"wp:term":[{"taxonomy":"category","embeddable":true,"href":"https:\/\/www.europesays.com\/fr\/wp-json\/wp\/v2\/categories?post=716138"},{"taxonomy":"post_tag","embeddable":true,"href":"https:\/\/www.europesays.com\/fr\/wp-json\/wp\/v2\/tags?post=716138"}],"curies":[{"name":"wp","href":"https:\/\/api.w.org\/{rel}","templated":true}]}}