{"id":71614,"date":"2025-05-03T11:00:15","date_gmt":"2025-05-03T11:00:15","guid":{"rendered":"https:\/\/www.europesays.com\/fr\/71614\/"},"modified":"2025-05-03T11:00:15","modified_gmt":"2025-05-03T11:00:15","slug":"le-couple-annonce-une-escapade-surprise","status":"publish","type":"post","link":"https:\/\/www.europesays.com\/fr\/71614\/","title":{"rendered":"le couple annonce une escapade surprise"},"content":{"rendered":"<p>L&rsquo;ann\u00e9e 2024 fut assez compliqu\u00e9e pour la famille royale britannique. Au mois de janvier, le roi Charles III et Kate Middleton ont tous les deux \u00e9t\u00e9 hospitalis\u00e9s. Le premier devait se faire op\u00e9rer pour <strong>soigner une hypertrophie de la prostate<\/strong>. Tandis que la seconde devait subir une intervention chirurgicale au niveau de l&rsquo;abdomen pr\u00e9vue de longue date. Malheureusement pour eux, ils ont tous les deux appris qu&rsquo;ils \u00e9taient atteint d&rsquo;un cancer durant leur s\u00e9jour \u00e0 l&rsquo;h\u00f4pital. Contrairement \u00e0 sa belle-fille, qui a gard\u00e9 le secret sur son \u00e9tat de sant\u00e9 durant de nombreuses semaines. Le roi Charles III a d\u00e9cid\u00e9 de se montrer transparent avec ses sujets. <strong>Il a ainsi rapidement r\u00e9v\u00e9l\u00e9 au grand jour sa maladie<\/strong>.<\/p>\n<p>Le roi Charles III va prochainement se rendre du c\u00f4t\u00e9 du Canada<\/p>\n<p>Par la suite, le planning du roi Charles III a \u00e9t\u00e9 consid\u00e9rablement all\u00e9g\u00e9. Afin de favoriser sa convalescence. Ainsi, les d\u00e9placement du souverain britannique \u00e0 l&rsquo;\u00e9tranger ont \u00e9t\u00e9 limit\u00e9s au strict minimum. Alors qu&rsquo;il semble reprendre du poil de la b\u00eate depuis le d\u00e9but de l&rsquo;ann\u00e9e 2025. Le monarque anglais va <strong>prochainement traverser l&rsquo;oc\u00e9an Atlantique<\/strong> avec la reine consort Camilla Parker Bowles. En effet, le palais de Buckingham a r\u00e9cemment annonc\u00e9 que le roi Charles III allait se rendre au Canada les 26 et 27 mai 2025. \u00ab\u00a0Le roi, accompagn\u00e9 de la reine, assistera \u00e0 <strong>l&rsquo;ouverture officielle du Parlement du Canada, \u00e0 Ottawa<\/strong>\u00ab\u00a0, est-il notamment pr\u00e9cis\u00e9 dans le communiqu\u00e9. Une (&#8230;)<\/p>\n<p><a href=\"https:\/\/www.closermag.fr\/royautes\/charles-et-camilla-prets-a-quitter-le-royaume-uni-le-couple-annonce-une-escapade-surprise-3541870\" rel=\"nofollow noopener\" target=\"_blank\" data-ylk=\"slk:Lire la suite sur Closer;elm:context_link;itc:0;sec:content-canvas\" class=\"link \">Lire la suite sur Closer<\/a><\/p>\n<p><a href=\"https:\/\/www.closermag.fr\/people\/en-tant-que-victime-sara-forestier-revient-sur-sa-plainte-contre-nicolas-duvauchelle-3541883\" rel=\"nofollow noopener\" target=\"_blank\" data-ylk=\"slk:&quot;En tant que victime\u2026&quot; : Sara Forestier revient sur sa plainte contre Nicolas Duvauchelle;elm:context_link;itc:0;sec:content-canvas\" class=\"link \">\u00ab\u00a0En tant que victime\u2026\u00a0\u00bb : Sara Forestier revient sur sa plainte contre Nicolas Duvauchelle<\/a><br \/><a href=\"https:\/\/www.closermag.fr\/royautes\/prince-harry-avec-sa-derniere-sortie-sur-letat-de-sante-de-son-pere-il-declenche-la-panique-au-sein-de-la-famille-royale-3541882\" rel=\"nofollow noopener\" target=\"_blank\" data-ylk=\"slk:Prince Harry : avec sa derni\u00e8re sortie sur l\u2019\u00e9tat de sant\u00e9 de son p\u00e8re, il d\u00e9clenche la panique au sein de la famille royale;elm:context_link;itc:0;sec:content-canvas\" class=\"link \">Prince Harry : avec sa derni\u00e8re sortie sur l\u2019\u00e9tat de sant\u00e9 de son p\u00e8re, il d\u00e9clenche la panique au sein de la famille royale<\/a><br \/><a href=\"https:\/\/www.closermag.fr\/royautes\/ca-pouvait-nuire-a-sa-sante-stephane-bern-fait-un-lien-entre-le-cancer-de-charles-iii-et-le-prince-harry-3541878\" rel=\"nofollow noopener\" target=\"_blank\" data-ylk=\"slk:&quot;\u00c7a pouvait nuire \u00e0 sa sant\u00e9&quot; : St\u00e9phane Bern fait un lien entre le cancer de Charles III et le prince Harry;elm:context_link;itc:0;sec:content-canvas\" class=\"link \">\u00ab\u00a0\u00c7a pouvait nuire \u00e0 sa sant\u00e9\u00a0\u00bb : St\u00e9phane Bern fait un lien entre le cancer de Charles III et le prince Harry<\/a><br \/><a href=\"https:\/\/www.closermag.fr\/people\/carla-bruni-ces-paroles-de-chanson-quelle-a-discretement-changees-quand-nicolas-sarkozy-est-devenu-president-3541872\" rel=\"nofollow noopener\" target=\"_blank\" data-ylk=\"slk:Carla Bruni : ces paroles de chanson qu\u2019elle a discr\u00e8tement chang\u00e9es quand Nicolas Sarkozy est devenu pr\u00e9sident;elm:context_link;itc:0;sec:content-canvas\" class=\"link \">Carla Bruni : ces paroles de chanson qu\u2019elle a discr\u00e8tement chang\u00e9es quand Nicolas Sarkozy est devenu pr\u00e9sident<\/a><br \/><a href=\"https:\/\/www.closermag.fr\/tv_tele_realite\/jai-un-fantasme-michel-polnareff-cash-sur-ses-pensees-les-plus-intimes-3541864\" rel=\"nofollow noopener\" target=\"_blank\" data-ylk=\"slk:&quot;J\u2019ai un fantasme\u2026&quot; : Michel Polnareff cash sur ses pens\u00e9es les plus intimes;elm:context_link;itc:0;sec:content-canvas\" class=\"link \">\u00ab\u00a0J\u2019ai un fantasme\u2026\u00a0\u00bb : Michel Polnareff cash sur ses pens\u00e9es les plus intimes<\/a><\/p>\n","protected":false},"excerpt":{"rendered":"L&rsquo;ann\u00e9e 2024 fut assez compliqu\u00e9e pour la famille royale britannique. Au mois de janvier, le roi Charles III&hellip;\n","protected":false},"author":2,"featured_media":71615,"comment_status":"","ping_status":"","sticky":false,"template":"","format":"standard","meta":{"footnotes":""},"categories":[1588],"tags":[11,581,1777,674,545,17420,5858,12,17421,473,1853,1851,1850,1852],"class_list":{"0":"post-71614","1":"post","2":"type-post","3":"status-publish","4":"format-standard","5":"has-post-thumbnail","7":"category-royaume-uni","8":"tag-actualites","9":"tag-charles-iii","10":"tag-eu","11":"tag-europe","12":"tag-famille-royale-britannique","13":"tag-hypertrophie-de-la-prostate","14":"tag-kate-middleton","15":"tag-news","16":"tag-palais-de-buckingham","17":"tag-royaume-uni","18":"tag-royaume-uni-de-grande-bretagne-et-dirlande-du-nord","19":"tag-uk","20":"tag-united-kingdom","21":"tag-united-kingdom-of-great-britain-and-northern-ireland"},"share_on_mastodon":{"url":"https:\/\/pubeurope.com\/@fr\/114443558858577290","error":""},"_links":{"self":[{"href":"https:\/\/www.europesays.com\/fr\/wp-json\/wp\/v2\/posts\/71614","targetHints":{"allow":["GET"]}}],"collection":[{"href":"https:\/\/www.europesays.com\/fr\/wp-json\/wp\/v2\/posts"}],"about":[{"href":"https:\/\/www.europesays.com\/fr\/wp-json\/wp\/v2\/types\/post"}],"author":[{"embeddable":true,"href":"https:\/\/www.europesays.com\/fr\/wp-json\/wp\/v2\/users\/2"}],"replies":[{"embeddable":true,"href":"https:\/\/www.europesays.com\/fr\/wp-json\/wp\/v2\/comments?post=71614"}],"version-history":[{"count":0,"href":"https:\/\/www.europesays.com\/fr\/wp-json\/wp\/v2\/posts\/71614\/revisions"}],"wp:featuredmedia":[{"embeddable":true,"href":"https:\/\/www.europesays.com\/fr\/wp-json\/wp\/v2\/media\/71615"}],"wp:attachment":[{"href":"https:\/\/www.europesays.com\/fr\/wp-json\/wp\/v2\/media?parent=71614"}],"wp:term":[{"taxonomy":"category","embeddable":true,"href":"https:\/\/www.europesays.com\/fr\/wp-json\/wp\/v2\/categories?post=71614"},{"taxonomy":"post_tag","embeddable":true,"href":"https:\/\/www.europesays.com\/fr\/wp-json\/wp\/v2\/tags?post=71614"}],"curies":[{"name":"wp","href":"https:\/\/api.w.org\/{rel}","templated":true}]}}