{"id":716140,"date":"2026-02-06T17:07:16","date_gmt":"2026-02-06T17:07:16","guid":{"rendered":"https:\/\/www.europesays.com\/fr\/716140\/"},"modified":"2026-02-06T17:07:16","modified_gmt":"2026-02-06T17:07:16","slug":"lenquete-conclut-a-une-defaillance-institutionnelle-dans-la-mort-de-linstitutrice-cible-de-propos-lesbophobes","status":"publish","type":"post","link":"https:\/\/www.europesays.com\/fr\/716140\/","title":{"rendered":"l\u2019enqu\u00eate conclut \u00e0\u00a0une \u00ab\u00a0d\u00e9faillance institutionnelle\u00a0\u00bb dans la\u00a0mort de\u00a0l\u2019institutrice, cible de propos lesbophobes"},"content":{"rendered":"<p>                      <img loading=\"lazy\" decoding=\"async\" src=\"https:\/\/www.europesays.com\/fr\/wp-content\/uploads\/2026\/02\/fae8872_upload-1-7glsbqpp7i7g-000-73ff39e.jpg\" alt=\"L\u2019\u00e9cole primaire de Moussages (Cantal), o\u00f9 travaillait Caroline Grandjean-Paccoud, en septembre\u00a02025.\"   width=\"664\" height=\"443\"\/>    L\u2019\u00e9cole primaire de Moussages (Cantal), o\u00f9 travaillait Caroline Grandjean-Paccoud, en septembre\u00a02025.  C\u00c9LINE CASTELLA \/ AFP                          <\/p>\n<p class=\"article__paragraph  \">L\u2019enqu\u00eate administrative diligent\u00e9e apr\u00e8s <a href=\"https:\/\/www.lemonde.fr\/societe\/article\/2025\/09\/02\/apres-le-suicide-d-une-directrice-d-ecole-du-cantal-victime-d-injures-et-de-menaces-homophobes-un-choc-et-des-questions_6638479_3224.html\" rel=\"nofollow noopener\" target=\"_blank\">le suicide de Caroline Grandjean, directrice d\u2019\u00e9cole dans le Cantal<\/a> victime de propos lesbophobes, qui s\u2019est suicid\u00e9e en septembre, a conclu \u00e0 une \u00ab\u00a0d\u00e9faillance institutionnelle dans le soutien\u00a0\u00bb qui lui avait \u00e9t\u00e9 apport\u00e9, a fait savoir le minist\u00e8re de l\u2019\u00e9ducation, vendredi 6\u00a0f\u00e9vrier.<\/p>\n<p class=\"article__paragraph  \">\u00ab\u00a0Ce constat repose en partie sur le sentiment \u00e9prouv\u00e9 par l\u2019enseignante que l\u2019institution n\u2019a pas toujours fait bloc avec elle face aux conflits avec certains parents\u00a0\u00bb, souligne le minist\u00e8re, confirmant une information de <a href=\"https:\/\/www.lamontagne.fr\/aurillac-15000\/actualites\/le-combat-continue-apres-le-suicide-d-une-institutrice-harcelee-dans-le-cantal-on-ne-sarretera-pas-tant-quon-naura-pas-retrouve-le-corbeau_14825351\/\" target=\"_blank\" rel=\"noopener nofollow\" title=\"Nouvelle fen\u00eatre\">La Montagne<\/a>. Il rapporte que l\u2019enqu\u00eate a not\u00e9 \u00ab\u00a0des d\u00e9cisions administratives v\u00e9cues comme des injustices, par exemple s\u2019agissant du refus d\u2019attribuer une bonification de points li\u00e9e \u00e0 son handicap (RQTH) pour sa mobilit\u00e9\u00a0\u00bb.<\/p>\n<p class=\"article__paragraph  \">Selon le minist\u00e8re, \u00ab\u00a0bien que cette bonification n\u2019\u00e9tait pas math\u00e9matiquement n\u00e9cessaire pour obtenir sa mutation, ce refus, fond\u00e9 sur une lecture stricte des r\u00e8glements, a priv\u00e9 Mme\u00a0Grandjean d\u2019une forme de reconnaissance et de soutien institutionnel dont elle avait besoin \u00e0 ce moment-l\u00e0\u00a0\u00bb.<\/p>\n<p>                                       Lire aussi le reportage |  Article r\u00e9serv\u00e9 \u00e0 nos abonn\u00e9s  <a href=\"https:\/\/www.lemonde.fr\/societe\/article\/2025\/09\/06\/a-moussages-apres-le-suicide-d-une-directrice-d-ecole-la-sideration-et-le-silence_6639171_3224.html\" class=\"js-article-read-also catcher--favoris__link\" data-premium=\"1\" id=\"article-title-3436426\" rel=\"nofollow noopener\" target=\"_blank\">Apr\u00e8s le suicide de Caroline Grandjean-Paccoud, la sid\u00e9ration et le silence du village de Moussages<\/a>    <\/p>\n<p>   Lire plus tard  <\/p>\n<p>                          \u00ab\u00a0Les responsables ne sont pas reconnus\u00a0\u00bb                    <\/p>\n<p class=\"article__paragraph  \">\u00ab\u00a0C\u2019est un sentiment de satisfaction que l\u2019\u00e9ducation nationale reconnaisse une d\u00e9faillance mais, derri\u00e8re, il y a des responsables et ils ne sont pas reconnus dans le rapport\u00a0\u00bb, a d\u00e9clar\u00e9 \u00e0 l\u2019Agence France-Presse (AFP) Christine Grandjean-Paccoud, dont l\u2019\u00e9pouse s\u2019est donn\u00e9 la mort le jour de la derni\u00e8re rentr\u00e9e scolaire. \u00ab\u00a0Je suis en col\u00e8re que cette enqu\u00eate ne soit pas intervenue plus t\u00f4t, notamment quand les syndicats ont fait un signalement \u00e0 la Dasen [direction acad\u00e9mique des services de l\u2019\u00e9ducation nationale] en stipulant qu\u2019elle jouait avec la vie d\u2019un agent et qu\u2019ils n\u2019ont eu aucune r\u00e9ponse. C\u2019est grave\u00a0\u00bb, estime-t-elle.<\/p>\n<p class=\"article__paragraph  \">Apr\u00e8s le suicide de la directrice, le minist\u00e8re de l\u2019\u00e9ducation nationale avait diligent\u00e9 une enqu\u00eate administrative sur les causes du suicide. En novembre, <a href=\"https:\/\/www.lemonde.fr\/societe\/article\/2025\/11\/13\/l-epouse-de-caroline-grandjean-porte-plainte-contre-l-education-nationale-pour-harcelement_6653197_3224.html\" rel=\"nofollow noopener\" target=\"_blank\">Mme\u00a0Paccoud avait, par ailleurs, port\u00e9 plainte<\/a> contre l\u2019\u00e9ducation nationale pour \u00ab\u00a0harc\u00e8lement\u00a0\u00bb. La plainte visait \u00e9galement le maire du village de Moussages, o\u00f9 est situ\u00e9e l\u2019\u00e9cole primaire dont elle avait aussi \u00e9t\u00e9 la directrice.<\/p>\n<p class=\"article__paragraph  \">\u00ab\u00a0Bien s\u00fbr qu\u2019il y a des responsables, mais on ne l\u00e2che rien, mon avocat fera le reste au p\u00e9nal pour qu\u2019ils soient reconnus et qu\u2019il y ait un proc\u00e8s\u00a0\u00bb, assure la veuve de Caroline Grandjean. \u00ab\u00a0Je me bats pour Caroline, elle me donne la force de le faire\u00a0\u00bb, dit-elle, expliquant que l\u2019enseignante de 42\u00a0ans n\u2019avait \u00ab\u00a0jamais \u00e9t\u00e9 reconnue comme victime\u00a0\u00bb\u00a0: \u00ab\u00a0S\u2019il y a une chose qu\u2019elle d\u00e9testait c\u2019\u00e9tait l\u2019injustice, je l\u2019ai vu se d\u00e9truire, elle n\u2019\u00e9tait plus elle-m\u00eame.\u00a0\u00bb<\/p>\n<p class=\"article__paragraph  \">Le minist\u00e8re annonce, par ailleurs, \u00ab\u00a0renforcer la formation de ses cadres \u00e0 la gestion des situations de d\u00e9tresse psychologique\u00a0\u00bb, \u00ab\u00a0\u00e0 la lumi\u00e8re de ces conclusions, et conform\u00e9ment aux recommandations de la mission\u00a0\u00bb. \u00ab\u00a0L\u2019objectif est de garantir qu\u2019\u00e0 l\u2019avenir nos processus RH [ressources humaines] ne soient pas seulement r\u00e9glementaires, mais trait\u00e9s avec toute l\u2019humanit\u00e9 et le discernement requis\u00a0\u00bb, a-t-il ajout\u00e9.<\/p>\n<p>                    \u00ab\u00a0Un certain nombre de dysfonctionnements\u00a0\u00bb                    <\/p>\n<p class=\"article__paragraph  \">Thierry Pajot, secr\u00e9taire g\u00e9n\u00e9ral du syndicat des directeurs et directrices d\u2019\u00e9cole S2DE, est \u00ab\u00a0satisfait, comme toute la communaut\u00e9 enseignante, que les trois inspecteurs g\u00e9n\u00e9raux concluent \u00e0 une faute institutionnelle de la hi\u00e9rarchie de proximit\u00e9\u00a0\u00bb. \u00ab\u00a0L\u2019\u00e9ducation nationale a un \u00e9norme travail de RH \u00e0 mettre en place\u00a0\u00bb, ajoute-t-il.<\/p>\n<p> Le Monde Ateliers  <\/p>\n<p> <a href=\"https:\/\/ateliers.lemonde.fr\/?inread\" class=\"inread__link js-services-inread-link\" target=\"_blank\" rel=\"nofollow noopener\">  <\/p>\n<p>Cours en ligne, cours du soir, ateliers : d\u00e9veloppez vos comp\u00e9tences<\/p>\n<p>D\u00e9couvrir<\/p>\n<p> <\/a>      <\/p>\n<p> Newsletter  <\/p>\n<p> <a href=\"https:\/\/www.lemonde.fr\/newsletters\/a-la-une\/\" class=\"inread__link js-services-inread-link\" target=\"_blank\" rel=\"nofollow noopener\">  <\/p>\n<p>\u00ab A la une \u00bb<\/p>\n<p>Chaque matin, parcourez l&rsquo;essentiel de l&rsquo;actualit\u00e9 du jour avec les derniers titres du \u00ab Monde \u00bb<\/p>\n<p>S&rsquo;inscrire<\/p>\n<p> <\/a>      <\/p>\n<p> Newsletter  <\/p>\n<p> <a href=\"https:\/\/www.lemonde.fr\/newsletters\/la-revue-du-monde\/\" class=\"inread__link js-services-inread-link\" target=\"_blank\" rel=\"nofollow noopener\">  <\/p>\n<p>\u00ab La revue du Monde \u00bb<\/p>\n<p>Chaque week-end, la r\u00e9daction s\u00e9lectionne les articles de la semaine qu\u2019il ne fallait pas manquer<\/p>\n<p>S&rsquo;inscrire<\/p>\n<p> <\/a>      <\/p>\n<p> Le Monde  <\/p>\n<p> <a href=\"https:\/\/www.lemonde.fr\/climat\/meteo\/?lmd_medium=display&amp;lmd_campaign=not_edito_lmfr&amp;lmd_creation=autre&amp;lmd_format=inread&amp;lmd_source=autopromo\" class=\"inread__link js-services-inread-link\" target=\"_blank\" rel=\"nofollow noopener\">  <\/p>\n<p>\u00ab La M\u00e9t\u00e9o du Climat \u00bb<\/p>\n<p>Explorez notre portail m\u00e9t\u00e9o et plongez dans nos analyses pour mieux d\u00e9crypter le climat d\u2019aujourd\u2019hui et de demain.<\/p>\n<p>D\u00e9couvrir<\/p>\n<p> <\/a>          <\/p>\n<p> Newsletter  <\/p>\n<p> <a href=\"https:\/\/www.lemonde.fr\/newsletters\/la-revue-du-monde\/\" class=\"inread__link js-services-inread-link\" target=\"_blank\" rel=\"nofollow noopener\">  <\/p>\n<p>\u00ab La revue du Monde \u00bb<\/p>\n<p>Chaque week-end, la r\u00e9daction s\u00e9lectionne les articles de la semaine qu\u2019il ne fallait pas manquer<\/p>\n<p>S&rsquo;inscrire<\/p>\n<p> <\/a>      <\/p>\n<p> Newsletter  <\/p>\n<p> <a href=\"https:\/\/www.lemonde.fr\/newsletters\/a-la-une\/\" class=\"inread__link js-services-inread-link\" target=\"_blank\" rel=\"nofollow noopener\">  <\/p>\n<p>\u00ab A la une \u00bb<\/p>\n<p>Chaque matin, parcourez l&rsquo;essentiel de l&rsquo;actualit\u00e9 du jour avec les derniers titres du \u00ab Monde \u00bb<\/p>\n<p>S&rsquo;inscrire<\/p>\n<p> <\/a>      <\/p>\n<p> Le Monde  <\/p>\n<p> <a href=\"https:\/\/www.lemonde.fr\/climat\/meteo\/?lmd_medium=display&amp;lmd_campaign=not_edito_lmfr&amp;lmd_creation=autre&amp;lmd_format=inread&amp;lmd_source=autopromo\" class=\"inread__link js-services-inread-link\" target=\"_blank\" rel=\"nofollow noopener\">  <\/p>\n<p>\u00ab La M\u00e9t\u00e9o du Climat \u00bb<\/p>\n<p>Explorez notre portail m\u00e9t\u00e9o et plongez dans nos analyses pour mieux d\u00e9crypter le climat d\u2019aujourd\u2019hui et de demain.<\/p>\n<p>D\u00e9couvrir<\/p>\n<p> <\/a>             <\/p>\n<p class=\"article__paragraph  \">Pour St\u00e9phanie Lavergne, cosecr\u00e9taire d\u00e9partemental du Snuipp-FSU dans le Cantal, les conclusions du rapport ne sont pas \u00ab\u00a0surprenantes puisque ce sont des d\u00e9faillances que nous avions signal\u00e9es\u00a0\u00bb. Ce rapport, selon elle, \u00ab\u00a0met la lumi\u00e8re sur un certain nombre de dysfonctionnements (\u2026) qui auraient pu \u00eatre \u00e9vit\u00e9s\u00a0\u00bb.<\/p>\n<p class=\"article__paragraph  \">Saluant la \u00ab\u00a0reconnaissance d\u2019une d\u00e9faillance\u00a0\u00bb, Julia Torlet, pr\u00e9sidente de SOS Homophobie, d\u00e9plore toutefois l\u2019absence de \u00ab\u00a0reconnaissance du harc\u00e8lement lesbophobe\u00a0\u00bb. \u00ab\u00a0Si on ne nomme pas les choses, on ne peut pas les combattre. S\u2019il devait y avoir un cas similaire, on risque de se retrouver face au m\u00eame probl\u00e8me\u00a0\u00bb, met-elle en garde.<\/p>\n<p>                    \u00ab\u00a0Acharnement\u00a0\u00bb de sa hi\u00e9rarchie                    <\/p>\n<p class=\"article__paragraph  \">Dans des \u00e9crits laiss\u00e9s avant sa mort, Caroline Grandjean \u00e9voquait un \u00ab\u00a0acharnement\u00a0\u00bb et un manque de soutien de sa hi\u00e9rarchie. \u00ab\u00a0Mon combat, c\u2019est qu\u2019elle soit reconnue comme victime\u00a0\u00bb, avait d\u00e9clar\u00e9 Mme\u00a0Paccoud \u00e0 la presse \u00e0 la mi-septembre, en annon\u00e7ant son intention de porter plainte contre l\u2019institution.<\/p>\n<p class=\"article__paragraph  \">L\u2019institutrice de 42\u00a0ans \u00e9tait la cible depuis septembre\u00a02023 de harc\u00e8lements en raison de son homosexualit\u00e9 et s\u2019est donn\u00e9 la mort le 1er\u00a0septembre\u00a02025. Un drame qui a suscit\u00e9 l\u2019\u00e9moi dans le monde enseignant. Des tags \u00ab\u00a0sale gouine\u00a0\u00bb et \u00ab\u00a0gouine =\u00a0p\u00e9dophile\u00a0\u00bb avaient notamment \u00e9t\u00e9 d\u00e9couverts sur les murs de son \u00e9cole de Moussages, un village du Cantal de 200\u00a0habitants. Une enqu\u00eate avait \u00e9t\u00e9 ouverte concernant ces inscriptions, mais class\u00e9e sans suite en mars\u00a02025 \u00ab\u00a0en l\u2019absence de faits nouveaux\u00a0\u00bb, avait alors expliqu\u00e9 le parquet.<\/p>\n<p class=\"article__paragraph  \">En arr\u00eat-maladie, l\u2019enseignante s\u2019\u00e9tait vu proposer un poste \u00e0 quelques kilom\u00e8tres de Moussages pour la rentr\u00e9e scolaire, mais avait \u00e9t\u00e9 alors incapable de reprendre le travail.<\/p>\n<p>                                       Lire aussi |  Article r\u00e9serv\u00e9 \u00e0 nos abonn\u00e9s  <a href=\"https:\/\/www.lemonde.fr\/idees\/article\/2025\/09\/10\/suicide-de-caroline-grandjean-l-absence-de-soutien-de-l-education-nationale-est-revelatrice-du-deni-lesbien-qui-structure-notre-societe_6640248_3232.html\" class=\"js-article-read-also catcher--favoris__link\" data-premium=\"1\" id=\"article-title-3437146\" rel=\"nofollow noopener\" target=\"_blank\">Suicide de Caroline Grandjean\u00a0: \u00ab\u00a0L\u2019absence de soutien de l\u2019\u00e9ducation nationale est r\u00e9v\u00e9latrice du d\u00e9ni lesbien qui structure notre soci\u00e9t\u00e9\u00a0\u00bb<\/a>    <\/p>\n<p>   Lire plus tard  <\/p>\n<p class=\"author__detail\">  Le Monde avec AFP  <\/p>\n","protected":false},"excerpt":{"rendered":"L\u2019\u00e9cole primaire de Moussages (Cantal), o\u00f9 travaillait Caroline Grandjean-Paccoud, en septembre\u00a02025. C\u00c9LINE CASTELLA \/ AFP L\u2019enqu\u00eate administrative diligent\u00e9e&hellip;\n","protected":false},"author":2,"featured_media":716141,"comment_status":"","ping_status":"","sticky":false,"template":"","format":"standard","meta":{"footnotes":""},"categories":[2],"tags":[11,1011,27,12,25],"class_list":{"0":"post-716140","1":"post","2":"type-post","3":"status-publish","4":"format-standard","5":"has-post-thumbnail","7":"category-actualites","8":"tag-actualites","9":"tag-fr","10":"tag-france","11":"tag-news","12":"tag-republique-francaise"},"share_on_mastodon":{"url":"https:\/\/pubeurope.com\/@fr\/116024786659784528","error":""},"_links":{"self":[{"href":"https:\/\/www.europesays.com\/fr\/wp-json\/wp\/v2\/posts\/716140","targetHints":{"allow":["GET"]}}],"collection":[{"href":"https:\/\/www.europesays.com\/fr\/wp-json\/wp\/v2\/posts"}],"about":[{"href":"https:\/\/www.europesays.com\/fr\/wp-json\/wp\/v2\/types\/post"}],"author":[{"embeddable":true,"href":"https:\/\/www.europesays.com\/fr\/wp-json\/wp\/v2\/users\/2"}],"replies":[{"embeddable":true,"href":"https:\/\/www.europesays.com\/fr\/wp-json\/wp\/v2\/comments?post=716140"}],"version-history":[{"count":0,"href":"https:\/\/www.europesays.com\/fr\/wp-json\/wp\/v2\/posts\/716140\/revisions"}],"wp:featuredmedia":[{"embeddable":true,"href":"https:\/\/www.europesays.com\/fr\/wp-json\/wp\/v2\/media\/716141"}],"wp:attachment":[{"href":"https:\/\/www.europesays.com\/fr\/wp-json\/wp\/v2\/media?parent=716140"}],"wp:term":[{"taxonomy":"category","embeddable":true,"href":"https:\/\/www.europesays.com\/fr\/wp-json\/wp\/v2\/categories?post=716140"},{"taxonomy":"post_tag","embeddable":true,"href":"https:\/\/www.europesays.com\/fr\/wp-json\/wp\/v2\/tags?post=716140"}],"curies":[{"name":"wp","href":"https:\/\/api.w.org\/{rel}","templated":true}]}}