{"id":716142,"date":"2026-02-06T17:08:17","date_gmt":"2026-02-06T17:08:17","guid":{"rendered":"https:\/\/www.europesays.com\/fr\/716142\/"},"modified":"2026-02-06T17:08:17","modified_gmt":"2026-02-06T17:08:17","slug":"les-etats-unis-napportent-ils-aucune-aide-a-lukraine-depuis-le-retour-de-donald-trump","status":"publish","type":"post","link":"https:\/\/www.europesays.com\/fr\/716142\/","title":{"rendered":"Les \u00c9tats-Unis n&rsquo;apportent-ils aucune aide \u00e0 l&rsquo;Ukraine depuis le retour de Donald Trump ?"},"content":{"rendered":"<p class=\"c-chapo \">\n  L&rsquo;ancien ministre des Affaires \u00e9trang\u00e8res Jean-Yves Le Drian affirme que les \u00c9tats-Unis de Donald Trump n&rsquo;aident plus l&rsquo;Ukraine, contrairement \u00e0 l&rsquo;Europe.\n<\/p>\n<p>    Publi\u00e9 le 06\/02\/2026 09:48<\/p>\n<p>      Mis \u00e0 jour le 06\/02\/2026 09:49<\/p>\n<p>        Temps de lecture : 3min<\/p>\n<p>    <img decoding=\"async\"  alt=\"Des soldats ukrainiens se pr\u00e9parent \u00e0 tirer avec un lance-roquettes multiple BM-21 Grad vers des positions russes, le 21 janvier 2026. (IRYNA RYBAKOVA \/ THE 93RD KHOLODNYI YAR SEPARATE)\" width=\"432\" height=\"243\" src=\"https:\/\/www.europesays.com\/fr\/wp-content\/uploads\/2026\/02\/ukrainesoldats-6985a9e77c705964719223.jpg\" fetchpriority=\"high\"\/><\/p>\n<p>      Des soldats ukrainiens se pr\u00e9parent \u00e0 tirer avec un lance-roquettes multiple BM-21 Grad vers des positions russes, le 21 janvier 2026. (IRYNA RYBAKOVA \/ THE 93RD KHOLODNYI YAR SEPARATE)<\/p>\n<p>Des pourparlers entre l&rsquo;Ukraine et la Russie ont d\u00e9bouch\u00e9 sur un nouvel \u00e9change de prisonniers, jeudi 5 f\u00e9vrier. Kiev a annonc\u00e9 dans la foul\u00e9e que de nouveaux pourparlers vont se tenir \u00ab\u00a0dans les semaines \u00e0 venir\u00a0\u00bb entre les Ukrainiens, les Russes et les Am\u00e9ricains, pour trouver une issue \u00e0 la guerre qui dure depuis bient\u00f4t quatre ans. Ces rencontres, organis\u00e9es par les \u00c9tats-Unis, placent Donald Trump au c\u0153ur des enjeux internationaux.<\/p>\n<p>Mais Jean-Yves Le Drian, l&rsquo;ancien ministre fran\u00e7ais des Affaires \u00e9trang\u00e8res, a tenu \u00e0 rappeler, jeudi 5 f\u00e9vrier, dans le <a href=\"https:\/\/www.youtube.com\/watch?v=bd256vj8pu4\" target=\"_blank\" rel=\"noopener\" data-tooltip-url=\"https:\/\/www.youtube.com\/watch?v=bd256vj8pu4\">8h30 de franceinfo<\/a> que, derri\u00e8re ce r\u00f4le sur la sc\u00e8ne internationale, les \u00c9tats-Unis de Donald Trump ont un peu l\u00e2ch\u00e9 l&rsquo;Ukraine. \u00ab\u00a0L&rsquo;essentiel de l&rsquo;aide qui est apport\u00e9e \u00e0 l&rsquo;Ukraine est aujourd&rsquo;hui europ\u00e9enne, a-t-il affirm\u00e9, et le pr\u00e9sident Trump n&rsquo;apporte aucune aide financi\u00e8re et aucune aide capacitaire en termes d&rsquo;armement \u00e0 l&rsquo;Ukraine depuis qu&rsquo;il est l\u00e0.\u00a0\u00bb Vrai ou Faux ?<\/p>\n<p>Il est vrai que les \u00c9tats-Unis n&rsquo;ont plus apport\u00e9 aucune aide financi\u00e8re, ni militaire, ni humanitaire \u00e0 l&rsquo;Ukraine depuis le retour de Donald Trump \u00e0 la Maison Blanche. Le Kiel Institute, un institut de recherche \u00e9conomique ind\u00e9pendant allemand, suit pr\u00e9cis\u00e9ment les <a href=\"https:\/\/www.kielinstitut.de\/topics\/war-against-ukraine\/ukraine-support-tracker\/\" target=\"_blank\" rel=\"noopener\" data-tooltip-url=\"https:\/\/www.kielinstitut.de\/topics\/war-against-ukraine\/ukraine-support-tracker\/\">aides financi\u00e8res et mat\u00e9rielles accord\u00e9es \u00e0 Kiev<\/a> depuis le d\u00e9but de la guerre. Ses tableaux de donn\u00e9es, qui courent du 24 janvier 2022 au 31 octobre 2025, montrent que les \u00c9tats-Unis ont donn\u00e9 pour la derni\u00e8re fois \u00e0 l&rsquo;Ukraine le 9 janvier 2025, quelques jours avant l&rsquo;investiture de l&rsquo;actuel pr\u00e9sident am\u00e9ricain, le 20 janvier. Depuis, plus rien.<\/p>\n<p>Il est donc aussi vrai d&rsquo;affirmer que \u00ab\u00a0l&rsquo;essentiel de l&rsquo;aide qui est apport\u00e9e \u00e0 l&rsquo;Ukraine est aujourd&rsquo;hui europ\u00e9enne\u00a0\u00bb. Pendant ces derniers mois, les pays et les institutions europ\u00e9ennes ont continu\u00e9 d&rsquo;aider l&rsquo;Ukraine en envoyant l&rsquo;\u00e9quivalent de 50 milliards d&rsquo;euros d&rsquo;aide financi\u00e8re, militaire et humanitaire, ce qui a fait d&rsquo;eux les plus grands soutiens de Kiev en 2025, devant le Japon et le Canada.<\/p>\n<p>Mais, m\u00eame avant que les \u00c9tats-Unis ne cessent d&rsquo;aider financi\u00e8rement et mat\u00e9riellement, la zone europ\u00e9enne \u00e9tait d\u00e9j\u00e0 le plus grand soutien de l&rsquo;Ukraine. Au 31 octobre 2025, l&rsquo;Europe avait envoy\u00e9 l&rsquo;\u00e9quivalent de 189,55 milliards d&rsquo;euros d&rsquo;aide \u00e0 Kiev, contre 114,63 milliards d&rsquo;euros pour les \u00c9tats-Unis.<\/p>\n<p>En Europe, les institutions europ\u00e9ennes sont les plus grands soutiens de l&rsquo;Ukraine, suivies par l&rsquo;Allemagne, le Royaume-Uni, le Danemark, les Pays-Bas, la Su\u00e8de puis la France, situ\u00e9e juste devant la Norv\u00e8ge. N\u00e9anmoins, outre les moyens financiers et mat\u00e9riels, il est n\u00e9cessaire de souligner que les \u00c9tats-Unis aident aussi l&rsquo;Ukraine en organisant des pourparlers, des n\u00e9gociations et en maintenant le dialogue avec la Russie, bien que les positions de Donald Trump envers le pr\u00e9sident ukrainien Volodymyr Zelensky aient pu \u00eatre extr\u00eamement dures, voire humiliantes.<\/p>\n<p>Par ailleurs, le <a href=\"https:\/\/www.ft.com\/content\/f9f42c10-3a30-4ee1-aff7-3368dd831c8c\" target=\"_blank\" rel=\"noopener\" data-tooltip-url=\"https:\/\/www.ft.com\/content\/f9f42c10-3a30-4ee1-aff7-3368dd831c8c\">Financial Times<\/a> affirme que, ces derniers mois, les \u00c9tats-Unis ont fourni des renseignements sur les installations \u00e9nerg\u00e9tiques russes \u00e0 l&rsquo;Ukraine, pour qu&rsquo;elle puisse les bombarder.<\/p>\n","protected":false},"excerpt":{"rendered":"L&rsquo;ancien ministre des Affaires \u00e9trang\u00e8res Jean-Yves Le Drian affirme que les \u00c9tats-Unis de Donald Trump n&rsquo;aident plus l&rsquo;Ukraine,&hellip;\n","protected":false},"author":2,"featured_media":716143,"comment_status":"","ping_status":"","sticky":false,"template":"","format":"standard","meta":{"footnotes":""},"categories":[2],"tags":[11,1011,27,12,25],"class_list":{"0":"post-716142","1":"post","2":"type-post","3":"status-publish","4":"format-standard","5":"has-post-thumbnail","7":"category-actualites","8":"tag-actualites","9":"tag-fr","10":"tag-france","11":"tag-news","12":"tag-republique-francaise"},"share_on_mastodon":{"url":"https:\/\/pubeurope.com\/@fr\/116024790824464033","error":""},"_links":{"self":[{"href":"https:\/\/www.europesays.com\/fr\/wp-json\/wp\/v2\/posts\/716142","targetHints":{"allow":["GET"]}}],"collection":[{"href":"https:\/\/www.europesays.com\/fr\/wp-json\/wp\/v2\/posts"}],"about":[{"href":"https:\/\/www.europesays.com\/fr\/wp-json\/wp\/v2\/types\/post"}],"author":[{"embeddable":true,"href":"https:\/\/www.europesays.com\/fr\/wp-json\/wp\/v2\/users\/2"}],"replies":[{"embeddable":true,"href":"https:\/\/www.europesays.com\/fr\/wp-json\/wp\/v2\/comments?post=716142"}],"version-history":[{"count":0,"href":"https:\/\/www.europesays.com\/fr\/wp-json\/wp\/v2\/posts\/716142\/revisions"}],"wp:featuredmedia":[{"embeddable":true,"href":"https:\/\/www.europesays.com\/fr\/wp-json\/wp\/v2\/media\/716143"}],"wp:attachment":[{"href":"https:\/\/www.europesays.com\/fr\/wp-json\/wp\/v2\/media?parent=716142"}],"wp:term":[{"taxonomy":"category","embeddable":true,"href":"https:\/\/www.europesays.com\/fr\/wp-json\/wp\/v2\/categories?post=716142"},{"taxonomy":"post_tag","embeddable":true,"href":"https:\/\/www.europesays.com\/fr\/wp-json\/wp\/v2\/tags?post=716142"}],"curies":[{"name":"wp","href":"https:\/\/api.w.org\/{rel}","templated":true}]}}