{"id":716172,"date":"2026-02-06T17:30:13","date_gmt":"2026-02-06T17:30:13","guid":{"rendered":"https:\/\/www.europesays.com\/fr\/716172\/"},"modified":"2026-02-06T17:30:13","modified_gmt":"2026-02-06T17:30:13","slug":"depression-marta-le-portugal-encaisse-une-3e-tempete-daffile","status":"publish","type":"post","link":"https:\/\/www.europesays.com\/fr\/716172\/","title":{"rendered":"D\u00e9pression Marta, le Portugal encaisse une 3e temp\u00eate d&rsquo;affil\u00e9"},"content":{"rendered":"<p>Alors que le pays panse encore les plaies laiss\u00e9es par les temp\u00eates Kristin <a href=\"#a414bf75-f64f-4722-b46e-173aadcbda38\" id=\"a414bf75-f64f-4722-b46e-173aadcbda38-link\">1<\/a> et Leonardo <a href=\"#7e814018-ec87-4ba8-a577-0c092047345c\" id=\"7e814018-ec87-4ba8-a577-0c092047345c-link\">2<\/a>,<strong> une nouvelle d\u00e9pression, baptis\u00e9e Marta, s\u2019appr\u00eate \u00e0 balayer le territoire continental \u00e0 partir de samedi matin<\/strong>. D\u2019apr\u00e8s les pr\u00e9visions de l\u2019Institut portugais de la mer et de l\u2019atmosph\u00e8re (IPMA), cet \u00e9pisode viendra renforcer une dynamique m\u00e9t\u00e9orologique d\u2019exception, marqu\u00e9e par une intensit\u00e9 rare et une succession de perturbations qui bousculent les capacit\u00e9s de r\u00e9ponse de l\u2019\u00c9tat, des collectivit\u00e9s locales et des populations.<\/p>\n<p>Des pr\u00e9cipitations abondantes et une vuln\u00e9rabilit\u00e9 territoriale accrue<\/p>\n<p>La trajectoire de la d\u00e9pression Marta devrait concerner d\u2019abord le Sud du pays, notamment l\u2019<strong>Alentejo<\/strong> et l\u2019<strong>Algarve<\/strong>, avec des cumuls de <strong>pr\u00e9cipitations atteignant 60 millim\u00e8tres en 24 heures.<\/strong> Cette quantit\u00e9, \u00e9quivalente \u00e0 un mois de pluie dans certaines zones comme <a href=\"https:\/\/www.portugal.fr\/Evora-histoire-et-patrimoine.html\" type=\"post\" id=\"1358\" rel=\"nofollow noopener\" target=\"_blank\">\u00c9vora<\/a>, risque d\u2019aggraver la saturation des sols et de provoquer de nouvelles crues, alors que de nombreux cours d\u2019eau sont d\u00e9j\u00e0 en d\u00e9bordement. \u00c0 cela s\u2019ajoutent des <strong>rafales de vent pouvant atteindre 120 km\/h<\/strong> dans les zones montagneuses et des <strong>chutes de neige <\/strong>significatives au-dessus de 900 m\u00e8tres, notamment dans la <a href=\"https:\/\/www.portugal.fr\/La-Serra-da-Estrela.html\" type=\"post\" id=\"1482\" rel=\"nofollow noopener\" target=\"_blank\">Serra da Estrela<\/a>.<\/p>\n<p>Le ph\u00e9nom\u00e8ne prend une ampleur particuli\u00e8re en raison des effets de saturation hydraulique accumul\u00e9s. Le <strong>Centre<\/strong>, <strong>Lisbonne<\/strong> et la <strong>vall\u00e9e du Tage<\/strong> figurent parmi les r\u00e9gions les plus expos\u00e9es, \u00e0 la fois par leur vuln\u00e9rabilit\u00e9 g\u00e9ographique et par la pression exerc\u00e9e par les crues venues d\u2019Espagne. Plusieurs barrages situ\u00e9s de l\u2019autre c\u00f4t\u00e9 de la fronti\u00e8re ont d\u00e9pass\u00e9 leur capacit\u00e9 de r\u00e9tention et lib\u00e8rent d\u00e9sormais plusieurs milliers de m\u00e8tres cubes d\u2019eau par seconde dans les bassins du Tage, du Douro et du Guadiana.<\/p>\n<p>La pression combin\u00e9e de la mer, des fleuves et de la pluie<\/p>\n<p>\u00c0 la pluie persistante s\u2019ajoute une <strong>agitation maritime remarquable<\/strong>. L\u2019ensemble du littoral continental est plac\u00e9 en vigilance orange par l\u2019IPMA. Sur la c\u00f4te ouest, au sud du cap Carvoeiro, des vagues de plus de 7 m\u00e8tres sont attendues, avec des pics pouvant atteindre 13 m\u00e8tres. La c\u00f4te sud de l\u2019Algarve n\u2019est pas \u00e9pargn\u00e9e, avec des hauteurs significatives pr\u00e9vues jusqu\u2019\u00e0 5 m\u00e8tres. Ce r\u00e9gime de houle met en p\u00e9ril certaines infrastructures portuaires et contribue \u00e0 l\u2019<a href=\"https:\/\/www.portugal.fr\/Le-littoral-en-danger-avec-lerosion-cotiere-au-Portugal.html\" type=\"post\" id=\"12053\" rel=\"nofollow noopener\" target=\"_blank\">\u00e9rosion<\/a> acc\u00e9l\u00e9r\u00e9e de la ligne c\u00f4ti\u00e8re, d\u00e9j\u00e0 observ\u00e9e ces derniers jours dans des secteurs comme le Furadouro, o\u00f9 un recul de huit m\u00e8tres a \u00e9t\u00e9 mesur\u00e9 en 24 heures.<\/p>\n<p>Les cons\u00e9quences s\u2019av\u00e8rent multiples : interruption de voies ferr\u00e9es, inondation de zones industrielles, coupures d\u2019\u00e9lectricit\u00e9, affaissement de terrains et mise en danger de plusieurs habitations construites en zone inondable. \u00c0 Leix\u00f5es, une partie du brise-lames a c\u00e9d\u00e9 sous l\u2019assaut des vagues. Ces dommages s\u2019ajoutent \u00e0 <a href=\"https:\/\/www.portugal.fr\/Tempete-Kristin-plus-de-50-monuments-endomages.html\" type=\"post\" id=\"21709\" rel=\"nofollow noopener\" target=\"_blank\">ceux caus\u00e9s par les deux d\u00e9pressions pr\u00e9c\u00e9dentes<\/a>, qui ont d\u00e9j\u00e0 provoqu\u00e9 douze d\u00e9c\u00e8s et plusieurs centaines de bless\u00e9s ou de sinistr\u00e9s.<\/p>\n<p>Une situation hydrologique critique<\/p>\n<p>La gestion des flux hydriques devient un enjeu central. Selon Jos\u00e9 Pimenta Machado, pr\u00e9sident de l\u2019Agence portugaise de l\u2019environnement (APA), la situation actuelle constitue \u00ab un cas sans pr\u00e9c\u00e9dent \u00bb, du fait de la conjonction entre les pr\u00e9cipitations locales, les apports transfrontaliers et les d\u00e9bordements de barrages. Le fleuve Tage concentre les plus vives inqui\u00e9tudes : les autorit\u00e9s ont demand\u00e9 aux habitants des zones riveraines d\u2019\u00e9vacuer pr\u00e9ventivement leur domicile, en raison du risque de mont\u00e9e rapide des eaux.<\/p>\n<blockquote class=\"wp-block-quote has-ast-global-color-4-background-color has-background is-layout-flow wp-block-quote-is-layout-flow\">\n<p class=\"has-medium-font-size\"><strong>Les retenues d\u2019eau, nagu\u00e8re menac\u00e9es par la s\u00e9cheresse, sont d\u00e9sormais contraintes \u00e0 des d\u00e9charges massives<\/strong><\/p>\n<\/blockquote>\n<p>Dans le sud du pays, les retenues d\u2019eau, nagu\u00e8re menac\u00e9es par la s\u00e9cheresse, sont d\u00e9sormais contraintes \u00e0 des d\u00e9charges massives. Les barrages de Bravura (Algarve) et Santa Clara (Alentejo) figurent parmi les plus sollicit\u00e9s. Le syst\u00e8me hydraulique portugais, con\u00e7u pour des al\u00e9as saisonniers, semble aujourd\u2019hui d\u00e9pass\u00e9 par la simultan\u00e9it\u00e9 et la fr\u00e9quence des \u00e9pisodes extr\u00eames. L\u2019APA, qui coordonne le suivi, avertit que les prochaines 48 heures seront d\u00e9cisives pour \u00e9valuer les besoins d\u2019ajustement et anticiper d\u2019\u00e9ventuelles situations de catastrophe.<\/p>\n<p>Un encha\u00eenement de temp\u00eates r\u00e9v\u00e9lateur de nouveaux d\u00e9s\u00e9quilibres<\/p>\n<p>Le caract\u00e8re in\u00e9dit de cette situation r\u00e9side moins dans l\u2019intensit\u00e9 de chaque temp\u00eate que dans leur r\u00e9p\u00e9tition rapproch\u00e9e. Les m\u00e9t\u00e9orologues parlent d\u00e9sormais d\u2019un v\u00e9ritable \u00ab <strong>train de d\u00e9pressions<\/strong> \u00bb, avec des noyaux d\u2019instabilit\u00e9 qui se succ\u00e8dent \u00e0 intervalle r\u00e9gulier, sans laisser aux sols, aux infrastructures ni aux populations le temps de r\u00e9cup\u00e9rer. Selon Nuno Lopes, m\u00e9t\u00e9orologue \u00e0 l\u2019IPMA, le ph\u00e9nom\u00e8ne Marta correspond \u00e0 \u00ab une phase de centrifugation \u00bb dans un cycle perturb\u00e9 assimilable \u00e0 une machine \u00e0 laver climatique. Cette m\u00e9taphore souligne la saturation du territoire, o\u00f9 <strong>chaque apport d\u2019eau suppl\u00e9mentaire produit des effets disproportionn\u00e9s<\/strong>.<\/p>\n<p>Outre les pluies et les vents, la <strong>neige<\/strong> renforce cette dynamique d\u2019accumulation. Dans le <strong>Nord<\/strong> et le <strong>Centre<\/strong>, la couche neigeuse d\u00e9passe d\u00e9j\u00e0 les 25 centim\u00e8tres au-dessus de 1400 m\u00e8tres, et la persistance des temp\u00e9ratures basses pourrait entra\u00eener des \u00e9pisodes de verglas d\u00e8s le d\u00e9but de semaine prochaine. Dans plusieurs districts : Braga, Viana do Castelo, Castelo Branco, Vila Real, Guarda, l\u2019alerte est maintenue pour la journ\u00e9e de samedi. Quant \u00e0 la d\u00e9pression suivante, elle est d\u00e9j\u00e0 en cours de formation au large de l\u2019Atlantique et pourrait atteindre le Portugal en d\u00e9but de semaine.<\/p>\n<p>Une r\u00e9ponse publique sous pression<\/p>\n<p>Face \u00e0 cette s\u00e9quence m\u00e9t\u00e9orologique exceptionnelle, le gouvernement a d\u00e9cr\u00e9t\u00e9 l\u2019<a href=\"https:\/\/www.portugal.fr\/Le-Portugal-decrete-letat-de-calamite-apres-la-tempete-Kristin.html\" type=\"post\" id=\"21278\" rel=\"nofollow noopener\" target=\"_blank\">\u00e9tat de calamit\u00e9 dans 68 communes<\/a> et annonc\u00e9 un <a href=\"https:\/\/www.portugal.fr\/Tempete-Kristin-un-plan-de-2,5-milliards-E-pour-aider-les-sinistres.html\" type=\"post\" id=\"21525\" rel=\"nofollow noopener\" target=\"_blank\">plan d\u2019aide d\u2019un montant potentiel de 2,5 milliards d\u2019euros<\/a>. Les autorit\u00e9s civiles et militaires sont mobilis\u00e9es, mais les capacit\u00e9s logistiques montrent leurs limites. La Protection civile multiplie les appels \u00e0 la prudence et recommande la fermeture pr\u00e9ventive de plusieurs axes routiers et \u00e9tablissements publics.<\/p>\n<p>Cette mobilisation, aussi rapide soit-elle, ne masque pas les carences structurelles mises en lumi\u00e8re par cette crise. Le Portugal, pays d\u00e9j\u00e0 expos\u00e9 \u00e0 la s\u00e9cheresse chronique, se trouve d\u00e9sormais confront\u00e9 \u00e0 une vuln\u00e9rabilit\u00e9 nouvelle face aux exc\u00e8s d\u2019eau. Le changement climatique ne se manifeste pas seulement par des records thermiques, mais par l\u2019intensification et l\u2019encha\u00eenement de ph\u00e9nom\u00e8nes hydrom\u00e9t\u00e9orologiques extr\u00eames. Et cette nouvelle normalit\u00e9 impose une refonte profonde de l\u2019am\u00e9nagement du territoire, des syst\u00e8mes d\u2019alerte et de la politique de pr\u00e9vention des risques naturels.<\/p>\n<p><\/p>\n","protected":false},"excerpt":{"rendered":"Alors que le pays panse encore les plaies laiss\u00e9es par les temp\u00eates Kristin 1 et Leonardo 2, une&hellip;\n","protected":false},"author":2,"featured_media":716173,"comment_status":"","ping_status":"","sticky":false,"template":"","format":"standard","meta":{"footnotes":""},"categories":[5],"tags":[11,1011,27,14,2487,12,28],"class_list":{"0":"post-716172","1":"post","2":"type-post","3":"status-publish","4":"format-standard","5":"has-post-thumbnail","7":"category-international","8":"tag-actualites","9":"tag-fr","10":"tag-france","11":"tag-international","12":"tag-meteo","13":"tag-news","14":"tag-world"},"share_on_mastodon":{"url":"https:\/\/pubeurope.com\/@fr\/116024877080610042","error":""},"_links":{"self":[{"href":"https:\/\/www.europesays.com\/fr\/wp-json\/wp\/v2\/posts\/716172","targetHints":{"allow":["GET"]}}],"collection":[{"href":"https:\/\/www.europesays.com\/fr\/wp-json\/wp\/v2\/posts"}],"about":[{"href":"https:\/\/www.europesays.com\/fr\/wp-json\/wp\/v2\/types\/post"}],"author":[{"embeddable":true,"href":"https:\/\/www.europesays.com\/fr\/wp-json\/wp\/v2\/users\/2"}],"replies":[{"embeddable":true,"href":"https:\/\/www.europesays.com\/fr\/wp-json\/wp\/v2\/comments?post=716172"}],"version-history":[{"count":0,"href":"https:\/\/www.europesays.com\/fr\/wp-json\/wp\/v2\/posts\/716172\/revisions"}],"wp:featuredmedia":[{"embeddable":true,"href":"https:\/\/www.europesays.com\/fr\/wp-json\/wp\/v2\/media\/716173"}],"wp:attachment":[{"href":"https:\/\/www.europesays.com\/fr\/wp-json\/wp\/v2\/media?parent=716172"}],"wp:term":[{"taxonomy":"category","embeddable":true,"href":"https:\/\/www.europesays.com\/fr\/wp-json\/wp\/v2\/categories?post=716172"},{"taxonomy":"post_tag","embeddable":true,"href":"https:\/\/www.europesays.com\/fr\/wp-json\/wp\/v2\/tags?post=716172"}],"curies":[{"name":"wp","href":"https:\/\/api.w.org\/{rel}","templated":true}]}}