{"id":716174,"date":"2026-02-06T17:31:21","date_gmt":"2026-02-06T17:31:21","guid":{"rendered":"https:\/\/www.europesays.com\/fr\/716174\/"},"modified":"2026-02-06T17:31:21","modified_gmt":"2026-02-06T17:31:21","slug":"detenu-au-venezuela-ce-francais-raconte-ses-5-mois-de-calvaire-ou-il-a-ete-torture-par-des-vampires","status":"publish","type":"post","link":"https:\/\/www.europesays.com\/fr\/716174\/","title":{"rendered":"D\u00e9tenu au Venezuela, ce Fran\u00e7ais raconte ses 5\u00a0mois de \u00ab\u00a0calvaire\u00a0\u00bb, o\u00f9 il a \u00e9t\u00e9 tortur\u00e9 par des \u00ab\u00a0vampires\u00a0\u00bb"},"content":{"rendered":"<p>        <img decoding=\"async\" loading=\"lazy\" src=\"https:\/\/www.europesays.com\/fr\/wp-content\/uploads\/2026\/02\/0041895_upload-1-vwbkkb4825fs-afp-20260205-96793kc-v5-highres-francevenezuelacolombiadiplomacy.jpg\"  width=\"728\" height=\"409\" alt=\"D\u00e9tenu au Venezuela, ce Fran\u00e7ais raconte ses 5\u00a0mois de \u00ab\u00a0calvaire\u00a0\u00bb, o\u00f9 il a \u00e9t\u00e9 tortur\u00e9 par des \u00ab\u00a0vampires\u00a0\u00bb.\"\/>  <\/p>\n<p>GEOFFROY VAN DER HASSELT \/ AFP<\/p>\n<p>D\u00e9tenu au Venezuela, ce Fran\u00e7ais raconte ses 5\u00a0mois de \u00ab\u00a0calvaire\u00a0\u00bb, o\u00f9 il a \u00e9t\u00e9 tortur\u00e9 par des \u00ab\u00a0vampires\u00a0\u00bb.<\/p>\n<p class=\"asset asset-text\">Il a \u00e9t\u00e9 accus\u00e9 d\u2019\u00eatre un espion avant d\u2019\u00eatre <a href=\"https:\/\/www.huffingtonpost.fr\/international\/article\/camilo-castro-libere-le-francais-detenu-par-le-venezuala-est-sorti-de-detention-apres-quatre-mois-de-disparition-forcee_257190.html\" rel=\"nofollow noopener\" target=\"_blank\">lib\u00e9r\u00e9 en novembre<\/a>. Le Fran\u00e7ais Camilo Castro, 41\u00a0ans, a pass\u00e9 cinq mois en d\u00e9tention au Venezuela, comme prisonnier politique. Ce professeur de yoga est revenu sur son \u00ab\u00a0calvaire\u00a0\u00bb dans un entretien \u00e0 l\u2019AFP depuis la r\u00e9gion parisienne, publi\u00e9 ce vendredi 6\u00a0f\u00e9vrier. Il y raconte sa vie sous la menace de tortures et de ge\u00f4liers qu\u2019il qualifie de \u00ab\u00a0vampires\u00a0\u00bb.<\/p>\n<p class=\"asset asset-text\">\u00ab\u00a0Aujourd\u2019hui \u00e7a va, mais demain, \u00e7a ne va pas. Peut-\u00eatre que dans 30 secondes, je suis en train de pleurer\u00a0\u00bb, a confi\u00e9 Camilo Castro qui dit tenir le coup \u00ab\u00a0gr\u00e2ce \u00e0 la m\u00e9ditation\u00a0\u00bb et \u00ab\u00a0\u00e0 l\u2019amour de [ses] amis et de [sa] famille\u00a0\u00bb. Aupr\u00e8s de l\u2019AFP, il a d\u00e9crit sa d\u00e9tention comme \u00ab\u00a0cinq mois de d\u00e9go\u00fbt, de haine et de ranc\u0153ur\u00a0\u00bb, mais \u00ab\u00a0aussi d\u2019amour et surtout d\u2019esp\u00e9rance, de compassion envers tout un peuple\u00a0\u00bb.<\/p>\n<p class=\"asset asset-text\">Il explique avoir d\u00e9cid\u00e9 de parler pour essayer d\u2019aider les \u00ab\u00a0centaines de V\u00e9n\u00e9zu\u00e9liens qui sont encore enferm\u00e9s\u00a0\u00bb. Et ce alors que la Cour p\u00e9nale internationale enqu\u00eate sur de possibles crimes contre l\u2019humanit\u00e9 commis sous le gouvernement du <a href=\"https:\/\/www.huffingtonpost.fr\/international\/article\/le-fils-de-nicolas-maduro-partage-de-premieres-declarations-de-son-pere-depuis-sa-prison-new-yorkaise_259082.html\" rel=\"nofollow noopener\" target=\"_blank\">pr\u00e9sident d\u00e9chu Nicolas Maduro<\/a>, et que l\u2019ONU a d\u00e9nonc\u00e9 \u00ab\u00a0des d\u00e9tentions arbitraires\u00a0\u00bb et des cas de \u00ab\u00a0torture et de disparitions forc\u00e9es\u00a0\u00bb. Des accusations toujours ni\u00e9es par Caracas.<\/p>\n<p>    \u00ab\u00a0Il me dit que je vais passer plusieurs ann\u00e9es en prison\u00a0\u00bb    <\/p>\n<p class=\"asset asset-text\">L\u2019an dernier, alors qu\u2019il est install\u00e9 en Colombie pr\u00e8s de la fronti\u00e8re v\u00e9n\u00e9zu\u00e9lienne, Camilo Castro cherche \u00e0 renouveler son visa colombien en sortant du pays pour y entrer \u00e0 nouveau. Il arrive \u00e0 la fronti\u00e8re \u00ab\u00a0le 26\u00a0juin, au petit matin\u00a0\u00bb et est arr\u00eat\u00e9. \u00ab\u00a0Le calvaire commence.\u00a0\u00bb Il est transf\u00e9r\u00e9 en voiture \u00e0 Maracaibo (ouest) par des \u00ab\u00a0hommes masqu\u00e9s\u00a0\u00bb\u00a0: \u00ab\u00a0On m\u2019emm\u00e8ne dans un souterrain, une prison, construite dans un parking.\u00a0\u00bb<\/p>\n<p class=\"asset asset-text\">\u00ab\u00a0On me laisse l\u00e0 toute la nuit, avec les murs humides, des toilettes dans un \u00e9tat lamentable avec des centaines de cafards, des mati\u00e8res f\u00e9cales accumul\u00e9es depuis des mois\u00a0\u00bb, explique Camilo Castro. Celui-ci aper\u00e7oit alors \u00ab\u00a0beaucoup de traces de sang sur les murs\u00a0\u00bb ainsi qu\u2019une table \u00ab\u00a0avec diff\u00e9rents objets de torture, des bouteilles d\u2019eau, des torchons, des sacs plastiques, des gaz lacrymog\u00e8nes, des bouteilles insecticides\u00a0\u00bb.<\/p>\n<p class=\"asset asset-text\">\u00ab\u00a0Le lendemain, je me fais interroger par un agent de la DGCIM [les renseignements militaires] qui m\u2019impressionne beaucoup, raconte Camilo Castro, il me dit que lui ne gobe pas cette histoire de prof de yoga qui construit sa vie en Colombie. Il me dit que je vais passer plusieurs ann\u00e9es en prison, que je suis un espion.\u00a0\u00bb<\/p>\n<p class=\"asset asset-text\">\u00ab\u00a0Il me dit qu\u2019il a les moyens de \u201cm\u2019ouvrir\u201d et qu\u2019il est pay\u00e9 pour \u00e7a\u00a0\u00bb, affirme le quadrag\u00e9naire, qui est aussi asperg\u00e9 de scopolamine, une substance utilis\u00e9e comme s\u00e9rum de v\u00e9rit\u00e9.<\/p>\n<p>                     Des prisonniers qui souffrent de \u00ab\u00a0diarrh\u00e9es\u00a0\u00bb et d\u2019\u00ab\u00a0infections\u00a0\u00bb    <\/p>\n<p class=\"asset asset-text\">Camilo Castro est ensuite transf\u00e9r\u00e9 vers Caracas, toujours par la route. L\u00e0, il est enferm\u00e9 dans les locaux de DGCIM, \u00ab\u00a0dans un souterrain, par terre. Menott\u00e9 et avec une capuche\u00a0\u00bb sur la t\u00eate en permanence. Au bout de cinq jours, on lui propose d\u2019aller \u00ab\u00a0voir le soleil\u00a0\u00bb. Cela reste \u00ab\u00a0un des plus beaux souvenirs de ma vie\u00a0\u00bb, affirme-t-il.<\/p>\n<p class=\"asset asset-text\">La tr\u00eave ne dure que quelques instants. Envoy\u00e9 dans la prison Rodeo 1 \u00e0 environ 40\u00a0km de Caracas, o\u00f9 sont enferm\u00e9es des dizaines de d\u00e9tenus politiques et beaucoup d\u2019\u00e9trangers, il est d\u2019abord soulag\u00e9 car les gangs n\u2019y font pas la loi. \u00ab\u00a0\u201cOn est tous comme toi ici, on a \u00e9t\u00e9 s\u00e9questr\u00e9s, on sait ce que tu viens de vivre. D\u00e9tends-toi ici, personne ne te fera du mal. Il n\u2019y a aucun d\u00e9linquant\u201d\u00a0\u00bb, lui dit un cod\u00e9tenu.<\/p>\n<p class=\"asset asset-text\">Le soulagement ne dure pas. Le quotidien est difficile avec peu de nourriture et des maladies r\u00e9currentes\u00a0: \u00ab\u00a0On avait toujours des diarrh\u00e9es, des infections dans la gorge, poumons. On n\u2019avait pas vraiment de toilettes (un trou) et on avait de l\u2019eau deux fois par jour. Il y avait toujours une odeur qui \u00e9tait l\u00e0\u2026\u00a0\u00bb, raconte-t-il. Camilo Castro est plong\u00e9 dans un \u00ab\u00a0monde de l\u2019absurde\u00a0\u00bb avec \u00ab\u00a0du folklore v\u00e9n\u00e9zu\u00e9lien \u00e0 un volume extr\u00eamement fort\u00a0\u00bb.<\/p>\n<p class=\"asset asset-text\">Plusieurs fois par semaine, de la propagande du pouvoir d\u2019inspiration socialiste est diffus\u00e9e pendant deux \u00e0 cinq heures.<\/p>\n<p>    \u00ab\u00a0On perd toute notion de libert\u00e9, on est d\u00e9shumanis\u00e9\u00a0\u00bb    <\/p>\n<p class=\"asset asset-text\">\u00ab\u00a0Assez r\u00e9guli\u00e8rement, on \u00e9tait humili\u00e9s la nuit. On nous sortait tous en file indienne, tous attach\u00e9s par des menottes, cagoul\u00e9s. On nous insultait\u00a0\u00bb, se souvient Camilo Castro. Interrogatoires, visites m\u00e9dicales ou \u00ab\u00a0faux proc\u00e8s\u00a0\u00bb\u00a0: tout se passait la nuit. \u00ab\u00a0C\u2019est vraiment des vampires\u00a0! C\u2019est fait pour nous casser [\u2026] on ne peut jamais vraiment se reposer\u00a0\u00bb, analyse-t-il. \u00ab\u00a0On perd toute notion de libert\u00e9, responsabilit\u00e9, d\u2019autonomie [\u2026] on est d\u00e9shumanis\u00e9.\u00a0\u00bb<\/p>\n<p class=\"asset asset-text\">Lors de l\u2019un des simulacres de proc\u00e8s, un \u00ab\u00a0juge qui ressemble \u00e0 un dealer\u00a0\u00bb l\u2019accuse de \u00ab\u00a0terrorisme\u00a0\u00bb, d\u2019\u00eatre un \u00ab\u00a0agent de la CIA, de la DEA, de travailler pour Ivan Simonovis\u00a0\u00bb, un ancien policier v\u00e9n\u00e9zu\u00e9lien exil\u00e9 aux \u00c9tats-Unis et soup\u00e7onn\u00e9 par le pouvoir d\u2019organiser des complots. Camilo Castro raconte avoir subi des \u00ab\u00a0interrogatoires avec un polygraphe\u00a0\u00bb (souvent appel\u00e9 d\u00e9tecteur de mensonge) o\u00f9 on lui r\u00e9p\u00e9tait \u00ab\u00a0les quatre m\u00eames questions pendant des heures\u00a0\u00bb.<\/p>\n<p class=\"asset asset-text\">En permanence p\u00e8se le risque de \u00ab\u00a0punitions\u00a0\u00bb avec envoi au 4e \u00e9tage. L\u00e0, les d\u00e9tenus sont menott\u00e9s, \u00ab\u00a0souvent d\u00e9nud\u00e9s, sans matelas, on devait dormir sur le b\u00e9ton\u00a0\u00bb, dit-il. \u00ab\u00a0Dans ces cellules de punition, les gens \u00e9taient souvent tortur\u00e9s\u00a0\u00bb, battus, \u00ab\u00a0asphyxi\u00e9s avec les gaz lacrymog\u00e8nes\u00a0\u00bb ou de l\u2019insecticide pulv\u00e9ris\u00e9 sous un sac plastique serr\u00e9 autour de la t\u00eate, sous \u00ab\u00a0les rires et les humiliations verbales\u00a0\u00bb, raconte-t-il.<\/p>\n<p class=\"asset asset-text\">\u00ab\u00a0Autre punition possible, l\u2019intubation forc\u00e9e [dans la bouche] avec le pr\u00e9texte d\u2019alimenter. Des tubes dans le nez, l\u2019anus\u2026 Des soldats et aussi les directeurs participaient avec une certaine jouissance \u00e0 ces tortures\u00a0\u00bb, \u00e9voque Camilo Castro. Le Fran\u00e7ais dit avoir voulu se r\u00e9volter pour avoir acc\u00e8s \u00e0 des livres offerts par le service consulaire. Il s\u2019est ravis\u00e9 gr\u00e2ce \u00e0 un voisin \u00ab\u00a0qui avait plus de 20\u00a0ans en prison\u00a0\u00bb.<\/p>\n<p class=\"asset asset-text\">\u00ab\u00a0Il m\u2019a dit\u00a0: \u201cIls vont te torturer. En une minute ils te d\u00e9truisent ton corps, et en cinq minutes ils d\u00e9truisent ton existence. Oublie ces livres, ils sont \u00e9crits, tu les liras un jour. Sois intelligent\u201d\u00a0\u00bb. Lib\u00e9r\u00e9 en novembre, Camille Castro demande \u00e0 \u00eatre reconnu comme victime en France mais dit aussi vouloir retourner au Venezuela, o\u00f9 il a \u00ab\u00a0\u00e9videmment de mauvais souvenirs\u00a0\u00bb mais auquel il est \u00ab\u00a0d\u00e9sormais li\u00e9\u00a0\u00bb.<\/p>\n","protected":false},"excerpt":{"rendered":"GEOFFROY VAN DER HASSELT \/ AFP D\u00e9tenu au Venezuela, ce Fran\u00e7ais raconte ses 5\u00a0mois de \u00ab\u00a0calvaire\u00a0\u00bb, o\u00f9 il&hellip;\n","protected":false},"author":2,"featured_media":716175,"comment_status":"","ping_status":"","sticky":false,"template":"","format":"standard","meta":{"footnotes":""},"categories":[4],"tags":[11,1011,27,14,12,69591,25,24621,337],"class_list":{"0":"post-716174","1":"post","2":"type-post","3":"status-publish","4":"format-standard","5":"has-post-thumbnail","7":"category-france","8":"tag-actualites","9":"tag-fr","10":"tag-france","11":"tag-international","12":"tag-news","13":"tag-prisonniers-politiques","14":"tag-republique-francaise","15":"tag-torture","16":"tag-venezuela"},"share_on_mastodon":{"url":"https:\/\/pubeurope.com\/@fr\/116024881083831077","error":""},"_links":{"self":[{"href":"https:\/\/www.europesays.com\/fr\/wp-json\/wp\/v2\/posts\/716174","targetHints":{"allow":["GET"]}}],"collection":[{"href":"https:\/\/www.europesays.com\/fr\/wp-json\/wp\/v2\/posts"}],"about":[{"href":"https:\/\/www.europesays.com\/fr\/wp-json\/wp\/v2\/types\/post"}],"author":[{"embeddable":true,"href":"https:\/\/www.europesays.com\/fr\/wp-json\/wp\/v2\/users\/2"}],"replies":[{"embeddable":true,"href":"https:\/\/www.europesays.com\/fr\/wp-json\/wp\/v2\/comments?post=716174"}],"version-history":[{"count":0,"href":"https:\/\/www.europesays.com\/fr\/wp-json\/wp\/v2\/posts\/716174\/revisions"}],"wp:featuredmedia":[{"embeddable":true,"href":"https:\/\/www.europesays.com\/fr\/wp-json\/wp\/v2\/media\/716175"}],"wp:attachment":[{"href":"https:\/\/www.europesays.com\/fr\/wp-json\/wp\/v2\/media?parent=716174"}],"wp:term":[{"taxonomy":"category","embeddable":true,"href":"https:\/\/www.europesays.com\/fr\/wp-json\/wp\/v2\/categories?post=716174"},{"taxonomy":"post_tag","embeddable":true,"href":"https:\/\/www.europesays.com\/fr\/wp-json\/wp\/v2\/tags?post=716174"}],"curies":[{"name":"wp","href":"https:\/\/api.w.org\/{rel}","templated":true}]}}