{"id":71618,"date":"2025-05-03T11:02:10","date_gmt":"2025-05-03T11:02:10","guid":{"rendered":"https:\/\/www.europesays.com\/fr\/71618\/"},"modified":"2025-05-03T11:02:10","modified_gmt":"2025-05-03T11:02:10","slug":"leurope-se-passera-bien-dun-sherif-allemand","status":"publish","type":"post","link":"https:\/\/www.europesays.com\/fr\/71618\/","title":{"rendered":"L\u2019Europe se passera bien d\u2019un sh\u00e9rif allemand"},"content":{"rendered":"<p>              <a tabindex=\"-1\" title=\"Fr\u00e9d\u00e9ric Koller\" href=\"https:\/\/www.letemps.ch\/profil\/frederic-koller\" target=\"_blank\" rel=\"noopener\"><\/p>\n<p>                    <img decoding=\"async\" src=\"https:\/\/www.europesays.com\/fr\/wp-content\/uploads\/2025\/04\/1743813744_853_small.jpeg\" class=\"lazy\" alt=\"\"\/><\/p>\n<p><\/a>        <\/p>\n<p>    Publi\u00e9 le 03 mai 2025 \u00e0 12:03. \/ Modifi\u00e9 le 03 mai 2025 \u00e0 12:05.<\/p>\n<p> 3 min. de lecture<\/p>\n<p>Le premier parti d\u2019Europe tenait en d\u00e9but de semaine son congr\u00e8s \u00e0 Valence. Une fois le black-out espagnol surmont\u00e9, la grande famille du Parti populaire europ\u00e9en (PPE, de centre droit) a ouvert les yeux sur une nouvelle r\u00e9alit\u00e9: l\u2019h\u00e9g\u00e9monie de la CDU. Ursula von\u00a0der\u00a0Leyen, reconduite \u00e0 la pr\u00e9sidence de la Commission europ\u00e9enne l\u2019an dernier, a fait valoir son bilan. Manfred Weber, r\u00e9\u00e9lu \u00e0 cette occasion \u00e0 la t\u00eate de son groupe, devrait en toute logique conserver la pr\u00e9sidence du Parlement europ\u00e9en. L\u2019enthousiasme est mont\u00e9 d\u2019un cran avec l\u2019intervention de Friedrich Merz pour affirmer le leadership allemand. Les choix de la premi\u00e8re \u00e9conomie du continent p\u00e8seront plus que jamais au sein du Conseil europ\u00e9en.<\/p>\n<p>Dans la salle du congr\u00e8s valencien, un observateur glissait au reporter d\u2019<a href=\"https:\/\/www.euractiv.com\/section\/politics\/news\/sheriff-merz-is-in-epp-town\/\" rel=\"nofollow noopener\" target=\"_blank\">Euractiv<\/a>: \u00abLes d\u00e9mocrates-chr\u00e9tiens allemands sont de retour pour de bon. Merz est le nouveau sh\u00e9rif en ville et Von der Leyen suit.\u00bb Le site d\u2019information sur l\u2019Europe ajoute que le futur chancelier \u2013 qui sera confirm\u00e9 par le Bundestag le 6\u00a0mai \u2013 \u00aba crois\u00e9 le regard des figures de proue du PPE au premier rang pour dresser ce qui ressemblait \u00e0 une liste de devoirs pour les hauts responsables du parti \u00e0 Bruxelles\u00bb. Sur l\u2019immigration, l\u2019environnement, la d\u00e9fense, c\u2019est la promesse d\u2019un virage conservateur.<\/p>\n<p>    La suite de l&rsquo;article vous int\u00e9resse?<\/p>\n<p>Tout comprendre, mieux s\u2019informer: acc\u00e9dez au meilleur du journalisme suisse avec notre offre combin\u00e9e <b>Le Temps &amp; Heidi.news<\/b>. &#13;\n<\/p>\n<p>Abonnez-vous en quelques clics et payez facilement avec <b>Twint<\/b>.<\/p>\n<p>    <a class=\"button is-secondary\" data-event=\"click-&gt;clicked\" href=\"https:\/\/www.letemps.ch\/abonnements?wall_id=1\" target=\"_blank\" rel=\"noopener\">Je m\u2019abonne<\/a><\/p>\n<p class=\"post-subscribe__login\">\n        Vous avez d\u00e9j\u00e0 un compte ?<br \/>\n        <a class=\"link\" rel=\"nofollow noopener\" href=\"https:\/\/www.letemps.ch\/compte\/connexion?return_to=https%3A%2F%2Fwww.letemps.ch%2Fopinions%2Fchroniques%2Fl-europe-se-passera-bien-d-un-sherif-allemand\" target=\"_blank\">Se connecter<\/a>\n      <\/p>\n","protected":false},"excerpt":{"rendered":"Publi\u00e9 le 03 mai 2025 \u00e0 12:03. \/ Modifi\u00e9 le 03 mai 2025 \u00e0 12:05. 3 min. de&hellip;\n","protected":false},"author":2,"featured_media":71619,"comment_status":"","ping_status":"","sticky":false,"template":"","format":"standard","meta":{"footnotes":""},"categories":[1586],"tags":[11,672,1777,674,1011,27,12,301,25],"class_list":{"0":"post-71618","1":"post","2":"type-post","3":"status-publish","4":"format-standard","5":"has-post-thumbnail","7":"category-europe","8":"tag-actualites","9":"tag-allemagne","10":"tag-eu","11":"tag-europe","12":"tag-fr","13":"tag-france","14":"tag-news","15":"tag-premium","16":"tag-republique-francaise"},"share_on_mastodon":{"url":"https:\/\/pubeurope.com\/@fr\/114443566715355422","error":""},"_links":{"self":[{"href":"https:\/\/www.europesays.com\/fr\/wp-json\/wp\/v2\/posts\/71618","targetHints":{"allow":["GET"]}}],"collection":[{"href":"https:\/\/www.europesays.com\/fr\/wp-json\/wp\/v2\/posts"}],"about":[{"href":"https:\/\/www.europesays.com\/fr\/wp-json\/wp\/v2\/types\/post"}],"author":[{"embeddable":true,"href":"https:\/\/www.europesays.com\/fr\/wp-json\/wp\/v2\/users\/2"}],"replies":[{"embeddable":true,"href":"https:\/\/www.europesays.com\/fr\/wp-json\/wp\/v2\/comments?post=71618"}],"version-history":[{"count":0,"href":"https:\/\/www.europesays.com\/fr\/wp-json\/wp\/v2\/posts\/71618\/revisions"}],"wp:featuredmedia":[{"embeddable":true,"href":"https:\/\/www.europesays.com\/fr\/wp-json\/wp\/v2\/media\/71619"}],"wp:attachment":[{"href":"https:\/\/www.europesays.com\/fr\/wp-json\/wp\/v2\/media?parent=71618"}],"wp:term":[{"taxonomy":"category","embeddable":true,"href":"https:\/\/www.europesays.com\/fr\/wp-json\/wp\/v2\/categories?post=71618"},{"taxonomy":"post_tag","embeddable":true,"href":"https:\/\/www.europesays.com\/fr\/wp-json\/wp\/v2\/tags?post=71618"}],"curies":[{"name":"wp","href":"https:\/\/api.w.org\/{rel}","templated":true}]}}