{"id":71624,"date":"2025-05-03T11:05:09","date_gmt":"2025-05-03T11:05:09","guid":{"rendered":"https:\/\/www.europesays.com\/fr\/71624\/"},"modified":"2025-05-03T11:05:09","modified_gmt":"2025-05-03T11:05:09","slug":"plusieurs-lignes-de-transiliens-et-de-rer-seront-perturbees-des-lundi-5-mai","status":"publish","type":"post","link":"https:\/\/www.europesays.com\/fr\/71624\/","title":{"rendered":"plusieurs lignes de Transiliens et de RER seront perturb\u00e9es d\u00e8s lundi 5 mai"},"content":{"rendered":"<p>\u00a0\u00bb<br \/>\n        data-script=\u00a0\u00bbhttps:\/\/static.lefigaro.fr\/widget-video\/short-ttl\/video\/index.js\u00a0\u00bb<br \/>\n    &gt;<\/p>\n<p>Le premier syndicat de la SNCF, la CGT-Cheminots, a appel\u00e9 les agents \u00e0 se mobiliser d\u00e8s le 5 mai, tandis que SUD-Rail a invit\u00e9 les conducteurs \u00e0 la gr\u00e8ve le 7 mai, veille de jour f\u00e9ri\u00e9.<\/p>\n<p class=\"fig-paragraph\">Les voyageurs vont devoir prendre leur mal en patience. \u00c0 l\u2019occasion du pont du 8 mai, les syndicats de la\u00a0<a href=\"http:\/\/www.lefigaro.fr\/flash-eco\/sncf-voyageurs-pressenti-pour-exploiter-la-premiere-ligne-ferroviaire-ouverte-a-la-concurrence-en-region-parisienne-20250502\" data-fig-type=\"NewsFlash\" data-gtm-custom-categorie=\"navigation\" data-gtm-custom-action=\"crossclick\" data-gtm-custom-label=\"Contextuel\" data-gtm-event=\"customEventSPE\" data-fig-domain=\"LEFIGARO\" target=\"_blank\" rel=\"noopener\">SNCF<\/a>\u00a0ont annonc\u00e9 une semaine de\u00a0<a href=\"http:\/\/www.lefigaro.fr\/conjoncture\/c-en-est-fini-avec-le-train-desormais-je-prends-ma-voiture-les-francais-tentent-de-s-organiser-avant-la-semaine-de-greve-a-la-sncf-20250502\" data-fig-type=\"Article\" data-gtm-custom-categorie=\"navigation\" data-gtm-custom-action=\"crossclick\" data-gtm-custom-label=\"Contextuel\" data-gtm-event=\"customEventSPE\" data-fig-domain=\"LEFIGARO\" target=\"_blank\" rel=\"noopener\">gr\u00e8ve<\/a>, qui va fortement perturber l\u2019ensemble des lignes ferroviaires tricolores mais aussi le trafic francilien. Certains Transiliens d\u00e9pendent notamment de la SNCF, tout comme les RER, qui sont \u00e0 la fois g\u00e9r\u00e9s par l\u2019entreprise ferroviaire publique et la RATP.<\/p>\n<p class=\"fig-paragraph\">Si les pr\u00e9visions exactes du trafic seront connues dimanche apr\u00e8s-midi, le compte X du RER B a d\u00e9j\u00e0 averti que des \u00abperturbations\u00bb seraient \u00e0 pr\u00e9voir d\u00e8s lundi. Dans les commentaires, un internaute demande \u00abs\u2019il y aura une forte perturbation en direction de l\u2019a\u00e9roport Charles de Gaulle\u00bb. En r\u00e9ponse, le compte du RER B explique \u00ab\u00eatre actuellement en trafic perturb\u00e9 sur l\u2019ensemble de la ligne\u00bb, sans donner plus de d\u00e9tails.<\/p>\n<p class=\"fig-paragraph\">La ligne H, qui rejoint la Gare du Nord \u00e0 Creil, Pontoise et Luzarches, \u00e9voque, elle \u00abun trafic l\u00e9g\u00e8rement perturb\u00e9 sur la ligne H\u00bb \u00e0 partir de lundi. Les voyageurs devront \u00e9galement s\u2019attendre \u00e0 un \u00abtrafic perturb\u00e9 sur les lignes N et U qui relient respectivement la gare de Montparnasse \u00e0 Rambouillet, Dreux et Mantes-la-Jolie et la D\u00e9fense jusqu\u2019\u00e0 la Verri\u00e8re.<\/p>\n<p class=\"fig-paragraph\">Le premier syndicat de la SNCF, la CGT-Cheminots, a appel\u00e9 les agents \u00e0 se mobiliser d\u00e8s le 5 mai, tandis que SUD-Rail a invit\u00e9 les conducteurs \u00e0 la gr\u00e8ve le 7 mai, veille de jour f\u00e9ri\u00e9. Les contr\u00f4leurs sont aussi appel\u00e9s \u00e0 se mobiliser les 9, 10 et 11 mai par SUD-Rail, ainsi que par un influent collectif de contr\u00f4leurs baptis\u00e9 CNA. \u00abOn n\u2019a pas forc\u00e9ment envie d\u2019aller \u00e0 la gr\u00e8ve. Par contre, on a des revendications l\u00e9gitimes sur la table\u00bb, a estim\u00e9 Fabien Villedieu, secr\u00e9taire f\u00e9d\u00e9ral de Sud-Rail.<\/p>\n<p class=\"fig-paragraph\">Vendredi, le ministre des Transports,\u00a0<a href=\"http:\/\/www.lefigaro.fr\/conjoncture\/greve-les-francais-commencent-a-en-avoir-ras-le-bol-de-ce-qu-il-se-passe-a-la-sncf-selon-le-ministre-de-transports-20250502\" data-fig-type=\"NewsFlash\" data-gtm-custom-categorie=\"navigation\" data-gtm-custom-action=\"crossclick\" data-gtm-custom-label=\"Contextuel\" data-gtm-event=\"customEventSPE\" data-fig-domain=\"LEFIGARO\" target=\"_blank\" rel=\"noopener\">Philippe Tabarot<\/a>, a tap\u00e9 du poing sur la table arguant que \u00ables Fran\u00e7ais commencent \u00e0 en avoir ras le bol de ce qu\u2019il se passe \u00e0 la SNCF\u00bb. Certains Fran\u00e7ais se sont\u00a0<a href=\"http:\/\/www.lefigaro.fr\/conjoncture\/greve-sncf-a-l-approche-du-pont-du-8-mai-les-voyageurs-se-tournent-vers-trenitalia-les-bus-et-le-covoiturage-20250430\" data-fig-type=\"NewsFlash\" data-gtm-custom-categorie=\"navigation\" data-gtm-custom-action=\"crossclick\" data-gtm-custom-label=\"Contextuel\" data-gtm-event=\"customEventSPE\" data-fig-domain=\"LEFIGARO\" target=\"_blank\" rel=\"noopener\">d\u00e9j\u00e0 organis\u00e9s<\/a>\u00a0et ont r\u00e9serv\u00e9 des plans B, comme des billets Trenitalia ou des voyages en bus BlablaCar ou Flixbus.<\/p>\n","protected":false},"excerpt":{"rendered":"\u00a0\u00bb data-script=\u00a0\u00bbhttps:\/\/static.lefigaro.fr\/widget-video\/short-ttl\/video\/index.js\u00a0\u00bb &gt; Le premier syndicat de la SNCF, la CGT-Cheminots, a appel\u00e9 les agents \u00e0 se mobiliser&hellip;\n","protected":false},"author":2,"featured_media":71625,"comment_status":"","ping_status":"","sticky":false,"template":"","format":"standard","meta":{"footnotes":""},"categories":[2],"tags":[11,8334,343,8327,8324,8328,257,590,8333,1011,27,8329,662,12,8325,8331,8332,8323,25,8322,1019,2215,801,8330,800,8326],"class_list":{"0":"post-71624","1":"post","2":"type-post","3":"status-publish","4":"format-standard","5":"has-post-thumbnail","7":"category-actualites","8":"tag-actualites","9":"tag-actualites-sociales","10":"tag-cac-40","11":"tag-comoite-dentreprise","12":"tag-conjoncture","13":"tag-elections-syndicales","14":"tag-entreprise","15":"tag-finance","16":"tag-fiscalite-des-entreprises","17":"tag-fr","18":"tag-france","19":"tag-gestion-entreprise","20":"tag-ile-de-france","21":"tag-news","22":"tag-oeuvres-sociales","23":"tag-pme","24":"tag-pmi","25":"tag-primes","26":"tag-republique-francaise","27":"tag-ressources-humaines","28":"tag-rh","29":"tag-sncf","30":"tag-social","31":"tag-tpe","32":"tag-transports","33":"tag-trseorerie"},"share_on_mastodon":{"url":"https:\/\/pubeurope.com\/@fr\/114443578556439255","error":""},"_links":{"self":[{"href":"https:\/\/www.europesays.com\/fr\/wp-json\/wp\/v2\/posts\/71624","targetHints":{"allow":["GET"]}}],"collection":[{"href":"https:\/\/www.europesays.com\/fr\/wp-json\/wp\/v2\/posts"}],"about":[{"href":"https:\/\/www.europesays.com\/fr\/wp-json\/wp\/v2\/types\/post"}],"author":[{"embeddable":true,"href":"https:\/\/www.europesays.com\/fr\/wp-json\/wp\/v2\/users\/2"}],"replies":[{"embeddable":true,"href":"https:\/\/www.europesays.com\/fr\/wp-json\/wp\/v2\/comments?post=71624"}],"version-history":[{"count":0,"href":"https:\/\/www.europesays.com\/fr\/wp-json\/wp\/v2\/posts\/71624\/revisions"}],"wp:featuredmedia":[{"embeddable":true,"href":"https:\/\/www.europesays.com\/fr\/wp-json\/wp\/v2\/media\/71625"}],"wp:attachment":[{"href":"https:\/\/www.europesays.com\/fr\/wp-json\/wp\/v2\/media?parent=71624"}],"wp:term":[{"taxonomy":"category","embeddable":true,"href":"https:\/\/www.europesays.com\/fr\/wp-json\/wp\/v2\/categories?post=71624"},{"taxonomy":"post_tag","embeddable":true,"href":"https:\/\/www.europesays.com\/fr\/wp-json\/wp\/v2\/tags?post=71624"}],"curies":[{"name":"wp","href":"https:\/\/api.w.org\/{rel}","templated":true}]}}