{"id":71636,"date":"2025-05-03T11:14:08","date_gmt":"2025-05-03T11:14:08","guid":{"rendered":"https:\/\/www.europesays.com\/fr\/71636\/"},"modified":"2025-05-03T11:14:08","modified_gmt":"2025-05-03T11:14:08","slug":"tous-les-engages-du-week-end-14-actualite","status":"publish","type":"post","link":"https:\/\/www.europesays.com\/fr\/71636\/","title":{"rendered":"Tous les engag\u00e9s du week-end #14 &#8211; Actualit\u00e9"},"content":{"rendered":"<p style=\"text-align: justify;\">Chaque semaine, DirectVelo vous propose de retrouver toutes les listes des engag\u00e9s (ou des partants) des \u00e9preuves fran\u00e7aises, des courses internationales WorldTour jusqu&rsquo;aux \u00e9preuves r\u00e9gionales Toutes Cat\u00e9gories.<\/p>\n<p><strong>Jeudi 1er mai<\/strong><br \/>Grand Prix KBA-V\u00e9randaline (F\u00e9d\u00e9rale Juniors) &#8211;\u00a0<strong><a href=\"https:\/\/www.directvelo.com\/actualite\/120292\/grand-prix-kba-verandaline-les-engages\" target=\"_blank\" rel=\"noopener\">Voir ici<\/a><\/strong> &#8211;<br \/>Boucles Ding\u00e9ennes (\u00c9preuve r\u00e9gionale) &#8211;\u00a0<strong><a href=\"https:\/\/www.directvelo.com\/actualite\/120271\/boucles-dingeennes-les-engages\" target=\"_blank\" rel=\"noopener\">Voir ici<\/a><\/strong> &#8211;<br \/>Grand Prix d&rsquo;Harou\u00e9 (\u00c9preuve r\u00e9gionale) &#8211;\u00a0<strong><a href=\"https:\/\/www.directvelo.com\/actualite\/120293\/grand-prix-dharoue-les-engages\" target=\"_blank\" rel=\"noopener\">Voir ici<\/a><\/strong> &#8211;<br \/>Grand Prix des Travailleurs de l&rsquo;EDS (\u00c9preuve r\u00e9gionale) &#8211;\u00a0<strong><a href=\"https:\/\/www.directvelo.com\/actualite\/120294\/grand-prix-des-travailleurs-de-leds-les-engages\" target=\"_blank\" rel=\"noopener\">Voir ici<\/a><\/strong> &#8211;<br \/>Grand Prix du Muguet \u00e0 Gouffern-en-Auge (\u00c9preuve r\u00e9gionale) &#8211;\u00a0<strong><a href=\"https:\/\/www.directvelo.com\/actualite\/120295\/grand-prix-du-muguet-a-gouffern-en-auge-les-engages\" target=\"_blank\" rel=\"noopener\">Voir ici<\/a><\/strong> &#8211;<br \/>Prix de Nevers (\u00c9preuve r\u00e9gionale) &#8211;\u00a0<strong><a href=\"https:\/\/www.directvelo.com\/actualite\/120296\/grand-prix-de-nevers-les-engages\" target=\"_blank\" rel=\"noopener\">Voir ici<\/a><\/strong> &#8211;<\/p>\n<p><strong>Vendredi 2 mai<\/strong><br \/>Chrono 47 N2 Hommes (Coupe de France N2) &#8211;\u00a0<strong><a href=\"https:\/\/www.directvelo.com\/actualite\/120344\/chrono-47-n2-hommes-les-partants\" target=\"_blank\" rel=\"noopener\">Voir ici<\/a><\/strong> &#8211;<br \/>Chrono 47 N3 Hommes (Coupe de France N3) &#8211;\u00a0<strong><a href=\"https:\/\/www.directvelo.com\/actualite\/120343\/chrono-47-n3-hommes-les-partants\" target=\"_blank\" rel=\"noopener\">Voir ici<\/a><\/strong> &#8211;<br \/>Chrono 47 Femmes (Coupe de France N2 Femmes) &#8211;\u00a0<strong><a href=\"https:\/\/www.directvelo.com\/actualite\/120342\/chrono-47-n2-femmes-les-partantes\" target=\"_blank\" rel=\"noopener\">Voir ici<\/a><\/strong> &#8211;<br \/>Chrono 47 Juniors (Coupe de France U19) &#8211;\u00a0<strong><a href=\"https:\/\/www.directvelo.com\/actualite\/120341\/chrono-47-juniors-les-partants\" target=\"_blank\" rel=\"noopener\">Voir ici<\/a><\/strong> &#8211;<\/p>\n<p><strong>Samedi 3 mai<\/strong><br \/>Grand Prix de la Sologne des \u00c9tangs (Coupe de France N1) &#8211;\u00a0<strong><a href=\"https:\/\/www.directvelo.com\/actualite\/120369\/grand-prix-de-la-sologne-des-etangs-les-partants\" target=\"_blank\" rel=\"noopener\">Voir ici<\/a><\/strong> &#8211;<br \/>Ronde du Bassin Sioule Limagne (F\u00e9d\u00e9rale Juniors) &#8211; 03 et 04\/05 &#8211; A venir &#8211;<br \/>Grand Prix de la CASC &#8211; CLM (\u00c9preuve r\u00e9gionale) &#8211;\u00a0<strong><a href=\"https:\/\/www.directvelo.com\/actualite\/120386\/grand-prix-de-la-casc-clm-les-engages\" target=\"_blank\" rel=\"noopener\">Voir ici<\/a><\/strong> &#8211;<br \/>Ronde du Queyran (\u00c9preuve r\u00e9gionale) &#8211;\u00a0<strong><a href=\"https:\/\/www.directvelo.com\/actualite\/120338\/ronde-du-queyran-les-engages\" target=\"_blank\" rel=\"noopener\">Voir ici<\/a><\/strong> &#8211;<br \/>Tour des Mauges (\u00c9preuve r\u00e9gionale) &#8211; 03 et 04\/05 &#8211;\u00a0<strong><a href=\"https:\/\/www.directvelo.com\/actualite\/120367\/tour-des-mauges-les-engages\" target=\"_blank\" rel=\"noopener\">Voir ici<\/a><\/strong> &#8211;<\/p>\n<p><strong>Dimanche 4 mai<\/strong><br \/>Tour du Carmausin S\u00e9gala U19 (1.1 &#8211; Coupe de France U19) &#8211;\u00a0<strong><a href=\"https:\/\/www.directvelo.com\/actualite\/120370\/tour-du-carmausin-segala-u19-les-engages\" target=\"_blank\" rel=\"noopener\">Voir ici<\/a><\/strong> &#8211;<br \/>Tour du Cher (\u00c9lite Nationale) &#8211;\u00a0<strong><a href=\"https:\/\/www.directvelo.com\/actualite\/120339\/tour-du-cher-les-engages\" target=\"_blank\" rel=\"noopener\">Voir ici<\/a><\/strong> &#8211;<br \/>Championnat des \u00celes de Guadeloupe &#8211; Espoirs (Championnat r\u00e9gional)\u00a0&#8211; A venir &#8211;<br \/>Grand Prix de la CASC &#8211; Course en ligne (\u00c9preuve r\u00e9gionale)\u00a0&#8211; <strong><a href=\"https:\/\/www.directvelo.com\/actualite\/120389\/grand-prix-de-la-casc-course-en-ligne-les-engages\" target=\"_blank\" rel=\"noopener\">Voir ic<\/a><\/strong>i &#8211;<br \/>Grand Prix de Sentheim (\u00c9preuve r\u00e9gionale) &#8211;\u00a0<strong><a href=\"https:\/\/www.directvelo.com\/actualite\/120387\/grand-prix-de-sentheim-les-engages\" target=\"_blank\" rel=\"noopener\">Voir ici<\/a><\/strong> &#8211;<br \/>Prix du Saugeais (\u00c9preuve r\u00e9gionale) &#8211;\u00a0<strong><a href=\"https:\/\/www.directvelo.com\/actualite\/120354\/prix-du-saugeais-les-engages\" target=\"_blank\" rel=\"noopener\">Voir ici<\/a><\/strong> &#8211;<\/p>\n<p><strong>Lundi 5 mai<\/strong><br \/>Prix du quartier Saint-Georges \u00e0 P\u00e9rigueux (\u00c9preuve r\u00e9gionale) &#8211; A venir &#8211;<\/p>\n<p><strong>Mercredi 7 mai<\/strong><br \/>Grand Prix du Conseil D\u00e9partemental des \u00celes de Guadeloupe (\u00c9preuve r\u00e9gionale) &#8211; 07 au 11\/05 &#8211; A venir &#8211;<\/p>\n","protected":false},"excerpt":{"rendered":"Chaque semaine, DirectVelo vous propose de retrouver toutes les listes des engag\u00e9s (ou des partants) des \u00e9preuves fran\u00e7aises,&hellip;\n","protected":false},"author":2,"featured_media":71637,"comment_status":"","ping_status":"","sticky":false,"template":"","format":"standard","meta":{"footnotes":""},"categories":[1411],"tags":[834,828,836,829,837,827,83,826,824,823,1154,207,814,817,815,816,822,821,832,211,839,1011,27,820,818,819,835,831,830,833,838,60,212,208,825],"class_list":{"0":"post-71636","1":"post","2":"type-post","3":"status-publish","4":"format-standard","5":"has-post-thumbnail","7":"category-cyclisme","8":"tag-attaque","9":"tag-belgique","10":"tag-braquet","11":"tag-bretagne","12":"tag-chute","13":"tag-competition","14":"tag-coupe-de-france","15":"tag-coureur","16":"tag-course-cyclisme","17":"tag-course-cycliste","18":"tag-cycling","19":"tag-cyclisme","20":"tag-direct","21":"tag-direct-velo","22":"tag-directvelo","23":"tag-directvelo-com","24":"tag-epreuve","25":"tag-epreuve-cycliste","26":"tag-federation-francaise-de-cyclisme","27":"tag-ffc","28":"tag-flandres","29":"tag-fr","30":"tag-france","31":"tag-live","32":"tag-live-course","33":"tag-live-epreuve","34":"tag-peloton","35":"tag-radio-peloton","36":"tag-radio-tour","37":"tag-ravitaillement","38":"tag-relance","39":"tag-sports","40":"tag-uci","41":"tag-velo","42":"tag-velos"},"share_on_mastodon":{"url":"https:\/\/pubeurope.com\/@fr\/114443613855607222","error":""},"_links":{"self":[{"href":"https:\/\/www.europesays.com\/fr\/wp-json\/wp\/v2\/posts\/71636","targetHints":{"allow":["GET"]}}],"collection":[{"href":"https:\/\/www.europesays.com\/fr\/wp-json\/wp\/v2\/posts"}],"about":[{"href":"https:\/\/www.europesays.com\/fr\/wp-json\/wp\/v2\/types\/post"}],"author":[{"embeddable":true,"href":"https:\/\/www.europesays.com\/fr\/wp-json\/wp\/v2\/users\/2"}],"replies":[{"embeddable":true,"href":"https:\/\/www.europesays.com\/fr\/wp-json\/wp\/v2\/comments?post=71636"}],"version-history":[{"count":0,"href":"https:\/\/www.europesays.com\/fr\/wp-json\/wp\/v2\/posts\/71636\/revisions"}],"wp:featuredmedia":[{"embeddable":true,"href":"https:\/\/www.europesays.com\/fr\/wp-json\/wp\/v2\/media\/71637"}],"wp:attachment":[{"href":"https:\/\/www.europesays.com\/fr\/wp-json\/wp\/v2\/media?parent=71636"}],"wp:term":[{"taxonomy":"category","embeddable":true,"href":"https:\/\/www.europesays.com\/fr\/wp-json\/wp\/v2\/categories?post=71636"},{"taxonomy":"post_tag","embeddable":true,"href":"https:\/\/www.europesays.com\/fr\/wp-json\/wp\/v2\/tags?post=71636"}],"curies":[{"name":"wp","href":"https:\/\/api.w.org\/{rel}","templated":true}]}}