{"id":71642,"date":"2025-05-03T11:17:10","date_gmt":"2025-05-03T11:17:10","guid":{"rendered":"https:\/\/www.europesays.com\/fr\/71642\/"},"modified":"2025-05-03T11:17:10","modified_gmt":"2025-05-03T11:17:10","slug":"un-petit-appartement-intimiste-et-paisible-pres-de-lassemblee-nationale-a-paris","status":"publish","type":"post","link":"https:\/\/www.europesays.com\/fr\/71642\/","title":{"rendered":"Un petit appartement intimiste et paisible pr\u00e8s de l&rsquo;Assembl\u00e9e nationale \u00e0 Paris"},"content":{"rendered":"<p><img fetchpriority=\"high\" decoding=\"async\" width=\"1920\" height=\"1279\" src=\"https:\/\/www.europesays.com\/fr\/wp-content\/uploads\/2025\/05\/sandra-benhamou-appartement-universite-credit-photo-amaury-laparra-hd-45.jpg\" alt=\"\" class=\"wp-image-51118\"  \/>Table de Charlotte Perriand, sculpture et chaises de Philolaos Tloupas (Galerie 2021 Design), suspension d\u2019Isamu Noguchi, miroir de Fontana Arte (Maison Verrsen).<\/p>\n<p class=\"has-drop-cap\">L\u2019appartement est orient\u00e9 plein nord. Une contrari\u00e9t\u00e9 pour certains. En aucun cas pour <a href=\"https:\/\/www.milkdecoration.com\/tag\/sandra-benhamou\/\" target=\"_blank\" rel=\"noreferrer noopener\">Sandra Benhamou <\/a>qui sait appr\u00e9cier la qui\u00e9tude qu\u2019offre cette exposition. Pas de rayons solaires fac\u00e9tieux, mais une douce lueur diffuse et constante. Il \u00e9mane de ces lieux une atmosph\u00e8re r\u00eaveuse, hors du temps et des modes, comme en suspens. Pour homog\u00e9n\u00e9iser davantage la luminosit\u00e9, la d\u00e9coratrice a pris le parti de la filtrer \u00e0 travers des voilages revisit\u00e9s et des portes vitr\u00e9es \u2014 des \u00e9l\u00e9ments d\u00e9coratifs un brin d\u00e9suet qu\u2019elle se pla\u00eet \u00e0 remettre au go\u00fbt du jour. Les murs sont blancs, imparablement blancs. Blanc \u00e9galement le stuc textur\u00e9 de la chemin\u00e9e du salon, le vase d\u2019Alessio Tasca pos\u00e9 sur son plateau, l\u2019\u0153uvre textile de <strong>Sheila Hicks<\/strong> accroch\u00e9e au-dessus. Quelques touches de ciel et de c\u00e9ladon rythment le tapis du salon, des cama\u00efeux de brun r\u00e9chauffent la chambre. Cette volont\u00e9 de douceur s\u2019affirme \u00e9galement par l\u2019architecture enveloppante, tout en courbes et contre-courbes, qu\u2019il s\u2019agisse des portes cintr\u00e9es, de l\u2019arche des biblioth\u00e8ques, des corniches arrondies aux plafonds ou encore des lignes ondoyantes de la chemin\u00e9e. \u201cJ\u2019ai con\u00e7u cet int\u00e9rieur de 80 m2 pour les besoins d\u2019une de mes clientes qui voyage beaucoup. Il s\u2019agit d\u2019un pied-\u00e0-terre, c\u2019est donc un lieu de passage, assure Sandra Benhamou. L\u2019antith\u00e8se d\u2019une maison de famille grouillante de vie ou l\u2019on aime s\u2019entourer d\u2019objets \u00e9vocateurs de souvenirs heureux. Rien de cela ici, il s\u2019agit d\u2019un espace intime et concentr\u00e9, qui refl\u00e8te la personnalit\u00e9 d\u2019une femme douce mais volontaire, qui vient ici pour se poser, se retrouver. \u00c0 vrai dire, me sentant assez proche des d\u00e9sirs et envies de ma cliente, j\u2019ai un peu con\u00e7u cet endroit comme s\u2019il m\u2019\u00e9tait destin\u00e9.\u201d<\/p>\n<p>\n                    T\u00eate de lit dessin\u00e9e sur mesure, surmont\u00e9e d\u2019une \u0153uvre de Gideon Rubin (galerie Alon Segev). Chaise en bois brutaliste. Couvre-lit Caravane. Les portes de placard sont tapiss\u00e9es de tissu Dedar.                <\/p>\n<p>Architecte d\u2019int\u00e9rieur parisienne aux origines italo-tunisiennes, longtemps rest\u00e9e aux \u00c9tats-Unis o\u00f9 elle a \u0153uvr\u00e9 un temps dans le domaine du cin\u00e9ma, Sandra Benhamou s\u2019illustre par des int\u00e9rieurs d\u00e9licats et cultiv\u00e9s. Collectionneuse d\u2019art contemporain et de photographie, admiratrice des grands ma\u00eetres de l\u2019architecture et du design italien, elle aime m\u00e9langer pi\u00e8ces vintage, objets d\u2019art et mobilier dessin\u00e9 par ses soins. On retrouve donc, dans le salon de cet appartement \u00e0 l\u2019ambiance volontairement atemporelle, un canap\u00e9 d\u2019Afra et Tobia Scarpa, des c\u00e9ramiques graphiques d\u2019<a href=\"https:\/\/www.milkdecoration.com\/tag\/ettore-sottsass\/\" target=\"_blank\" rel=\"noreferrer noopener\">Ettore Sottsass<\/a> ou encore un fauteuil en Inox poli d\u2019esprit seventies issu du r\u00e9pertoire de la d\u00e9coratrice, et plus pr\u00e9cis\u00e9ment de sa collection \u201cGinger\u201d pr\u00e9sent\u00e9e en 2020 \u00e0 l\u2019occasion de la <a href=\"https:\/\/www.milkdecoration.com\/tag\/paris-design-week-2023\/\" target=\"_blank\" rel=\"noreferrer noopener\">Paris Design Week<\/a>.<\/p>\n<p>Sandra Benhamou, qui a pour habitude de repenser les circulations afin de fluidifier les espaces, de les rendre plus agr\u00e9able \u00e0 vivre, a enti\u00e8rement restructur\u00e9 l\u2019appartement. \u201c\u00c0 vrai dire, le plan \u00e9tait biscornu, les \u00e9l\u00e9ments d\u2019origine \u2014 chemin\u00e9es, moulures et portes \u2014 n\u2019avaient rien d\u2019exceptionnel. Nous avons donc pr\u00e9f\u00e9r\u00e9 simplifier, \u00e9purer structurellement l\u2019enveloppe et ajouter ici et l\u00e0 des \u00e9l\u00e9ments \u00e9vocateurs d\u2019un pass\u00e9 imaginaire. Cela passe, par exemple, par un parquet typiquement parisien dans le salon, des tomettes de terre cuite dans la cuisine, un mobilier de cuisine aux dessins na\u00effs un brin sixties \u2014 non plus en stratifi\u00e9 color\u00e9 comme \u00e0 l\u2019\u00e9poque, mais en ch\u00eane massif.\u201d Quand d\u2019autres d\u00e9ploient des moodboards bavards et d\u00e9roulent motifs et jeux de texture \u00e0 n\u2019en plus finir, Sandra Benhamou, tout en retenue, privil\u00e9gie une approche intimiste, paisible et d\u00e9licate de la d\u00e9coration.<\/p>\n<p>\n                    Vase en c\u00e9ramique d\u2019Alessio Tasca (galerie 2021 Design), \u0153uvre textile de Sheila Hicks (galerie Frank Elbaz).                <\/p>\n<p>\n                    Dans la salle de bains aux carreaux blancs artisanaux, robinetterie Vola.                <\/p>\n<p>            <img loading=\"lazy\" decoding=\"async\" width=\"1920\" height=\"1279\" src=\"https:\/\/www.europesays.com\/fr\/wp-content\/uploads\/2025\/05\/sandra-benhamou-appart-universite-credit-photo-amaury-laparra-hd2.jpg\" alt=\"\" class=\"wp-image-51113\"  \/><br \/>Dans le salon, autour d\u2019une table basse de Tito Agnoli, canap\u00e9 de Tobia et Afra Scarpa et fauteuil en Inox poli de Sandra Benhamou. Tapis Diurne. La chemin\u00e9e en stuc a \u00e9t\u00e9 dessin\u00e9e par la d\u00e9coratrice.<\/p>\n","protected":false},"excerpt":{"rendered":"Table de Charlotte Perriand, sculpture et chaises de Philolaos Tloupas (Galerie 2021 Design), suspension d\u2019Isamu Noguchi, miroir de&hellip;\n","protected":false},"author":2,"featured_media":71643,"comment_status":"","ping_status":"","sticky":false,"template":"","format":"standard","meta":{"footnotes":""},"categories":[1358],"tags":[1350,1348,1384,1385,4397,1386,58,59,1011,27,16978,626,17427],"class_list":{"0":"post-71642","1":"post","2":"type-post","3":"status-publish","4":"format-standard","5":"has-post-thumbnail","7":"category-arts-et-design","8":"tag-architecture","9":"tag-arts","10":"tag-arts-and-design","11":"tag-arts-et-design","12":"tag-decoration","13":"tag-design","14":"tag-divertissement","15":"tag-entertainment","16":"tag-fr","17":"tag-france","18":"tag-interieur","19":"tag-paris","20":"tag-sandra-benhamou"},"share_on_mastodon":{"url":"https:\/\/pubeurope.com\/@fr\/114443625683493645","error":""},"_links":{"self":[{"href":"https:\/\/www.europesays.com\/fr\/wp-json\/wp\/v2\/posts\/71642","targetHints":{"allow":["GET"]}}],"collection":[{"href":"https:\/\/www.europesays.com\/fr\/wp-json\/wp\/v2\/posts"}],"about":[{"href":"https:\/\/www.europesays.com\/fr\/wp-json\/wp\/v2\/types\/post"}],"author":[{"embeddable":true,"href":"https:\/\/www.europesays.com\/fr\/wp-json\/wp\/v2\/users\/2"}],"replies":[{"embeddable":true,"href":"https:\/\/www.europesays.com\/fr\/wp-json\/wp\/v2\/comments?post=71642"}],"version-history":[{"count":0,"href":"https:\/\/www.europesays.com\/fr\/wp-json\/wp\/v2\/posts\/71642\/revisions"}],"wp:featuredmedia":[{"embeddable":true,"href":"https:\/\/www.europesays.com\/fr\/wp-json\/wp\/v2\/media\/71643"}],"wp:attachment":[{"href":"https:\/\/www.europesays.com\/fr\/wp-json\/wp\/v2\/media?parent=71642"}],"wp:term":[{"taxonomy":"category","embeddable":true,"href":"https:\/\/www.europesays.com\/fr\/wp-json\/wp\/v2\/categories?post=71642"},{"taxonomy":"post_tag","embeddable":true,"href":"https:\/\/www.europesays.com\/fr\/wp-json\/wp\/v2\/tags?post=71642"}],"curies":[{"name":"wp","href":"https:\/\/api.w.org\/{rel}","templated":true}]}}