{"id":716574,"date":"2026-02-06T21:28:13","date_gmt":"2026-02-06T21:28:13","guid":{"rendered":"https:\/\/www.europesays.com\/fr\/716574\/"},"modified":"2026-02-06T21:28:13","modified_gmt":"2026-02-06T21:28:13","slug":"une-petition-circule-pour-linstallation-de-barrieres-sur-les-quais-des-bassins-a-flot","status":"publish","type":"post","link":"https:\/\/www.europesays.com\/fr\/716574\/","title":{"rendered":"une p\u00e9tition circule pour l\u2019installation de barri\u00e8res sur les quais des bassins \u00e0 flot"},"content":{"rendered":"<p>\u00ab\u00a0On a lanc\u00e9 l\u2019id\u00e9e dans la semaine qui suivait son d\u00e9c\u00e8s. Les premi\u00e8res d\u00e9marches ont \u00e9t\u00e9 r\u00e9alis\u00e9es d\u00e8s les semaines d\u2019apr\u00e8s.\u00a0\u00bb Anatole Delabre est l\u2019un des camarades de classe du jeune homme disparu. Boulevers\u00e9s par les \u00e9v\u00e9nements, lui et 43\u00a0autres personnes se sont organis\u00e9s. Ils ont lanc\u00e9 <a href=\"https:\/\/www.change.org\/p\/installer-des-gardes-corps-tout-le-long-des-quais-des-bassins-%C3%A0-flots\" target=\"_blank\" rel=\"nofollow noopener\">une p\u00e9tition fin janvier sur le site change.org<\/a> pour obtenir l\u2019installation de barri\u00e8res le long des quais des bassins \u00e0 flot, \u00ab\u00a0d\u00e8s qu\u2019on a eu l\u2019accord de sa famille\u00a0\u00bb. \u00ab\u00a0C\u2019est important, d\u00e9j\u00e0 pour notre ami, parce qu\u2019on est jeunes et qu\u2019on ne s\u2019attend pas \u00e0 ce que ce genre d\u2019accident se produise.\u00a0\u00bb<\/p>\n<blockquote><p>\u00ab\u00a0C\u2019est important, parce qu\u2019on est jeunes et qu\u2019on ne s\u2019attend pas \u00e0 ce que ce genre d\u2019accident se produise\u00a0\u00bb<\/p><\/blockquote>\n<p>Accompagn\u00e9 par une amie, Isaure Chevalier, il s\u2019est charg\u00e9 de la r\u00e9daction du texte, alors que Gabriel Bennat, un autre camarade de la victime, s\u2019est occup\u00e9 de la mise en ligne. En seulement deux jours, la p\u00e9tition atteignait d\u00e9j\u00e0 les\u00a01\u00a0000\u00a0signataires.\u00a0Le vendredi 6\u00a0f\u00e9vrier, ils \u00e9taient 1\u00a0498\u00a0\u00e0 soutenir le projet.<\/p>\n<p>\u00ab\u00a0Une zone dangereuse\u00a0\u00bb<\/p>\n<p>Situ\u00e9s au nord de Bordeaux, les bassins \u00e0 flot sont une ancienne zone portuaire et industrielle. Quinze mille habitants s\u2019y croisent quotidiennement, entre les \u00e9tablissements culturels et de commerces. Et la vie nocturne n\u2019est pas en reste. De nombreux bars, clubs et bo\u00eetes de nuit sont install\u00e9s dans les environs.<\/p>\n<p>        <img decoding=\"async\" id=\"27743023\" src=\"https:\/\/www.europesays.com\/fr\/wp-content\/uploads\/2026\/02\/img-2178.jpg\" alt=\"Anatole Delabre, camarade de classe du jeune homme d\u00e9c\u00e9d\u00e9, est l\u2019un des lanceurs de la p\u00e9tition.\" itemprop=\"contentURL\"\/><\/p>\n<p>    Anatole Delabre, camarade de classe du jeune homme d\u00e9c\u00e9d\u00e9, est l\u2019un des lanceurs de la p\u00e9tition.<\/p>\n<p>S. C.\u00a0\/ SO<\/p>\n<p>\u00ab\u00a0C\u2019est une zone qui peut \u00eatre dangereuse, surtout le soir. Des fois, il y a des bagarres, des gens qui sortent de bo\u00eetes de nuit alcoolis\u00e9s, qui peuvent manquer de lucidit\u00e9 et qui restent dans la zone. Les bassins peuvent alors repr\u00e9senter un risque important\u00a0\u00bb, regrette le jeune homme.<\/p>\n<p>D\u2019autant plus que des trag\u00e9dies similaires se sont d\u00e9j\u00e0 produites aux abords de la Garonne. <a href=\"https:\/\/www.sudouest.fr\/gironde\/bordeaux\/etudiant-disparu-a-bordeaux-il-y-a-une-dizaine-d-annees-six-etudiants-morts-noyes-dans-la-garonne-apres-une-soiree-arrosee-7571945.php\" rel=\"nofollow noopener\" target=\"_blank\">Entre 2011 et 2013, six \u00e9tudiants ont perdu la vie, morts noy\u00e9s dans la Garonne. <\/a>Le 7\u00a0f\u00e9vrier 2024, le corps d\u2019un \u00e9tudiant \u00e9tait retrouv\u00e9 dans les eaux des bassins \u00e0 flot. Derni\u00e8rement, le 25\u00a0mars 2025, <a href=\"https:\/\/www.sudouest.fr\/gironde\/bordeaux-un-corps-repeche-dans-les-bassins-a-flot-23774753.php\" rel=\"nofollow noopener\" target=\"_blank\">le corps d\u2019un Floiracais de 58\u00a0ans y \u00e9tait rep\u00each\u00e9 \u00e9galement<\/a>.<\/p>\n<p>Un sujet en discussion<\/p>\n<p>Le sujet de la s\u00e9curisation est r\u00e9guli\u00e8rement en discussion entre le Port de Bordeaux, Bordeaux M\u00e9tropole et la mairie de quartier Bordeaux maritime. Selon le Port de Bordeaux, sur les quais du Sud bassins \u00e0 flot 1 et du Nord bassins \u00e0 flot 2, l\u2019espace public est g\u00e9r\u00e9 par Bordeaux M\u00e9tropole. \u00ab\u00a0Jusqu\u2019\u00e0 pr\u00e9sent, comme dans les autres villes portuaires, Bordeaux M\u00e9tropole avait d\u00e9cid\u00e9 de ne pas mettre de barri\u00e8res.\u00a0Dans les bassins \u00e0 flot, situ\u00e9s en eaux calmes, des \u00e9chelles et des bou\u00e9es sont en place depuis toujours. Enfin, compte tenu des derniers accidents, le port est \u00e0 nouveau en dialogue avec Bordeaux M\u00e9tropole et la mairie pour faire \u00e9voluer \u00e9ventuellement les protections et les alertes.\u00a0\u00bb<\/p>\n","protected":false},"excerpt":{"rendered":"\u00ab\u00a0On a lanc\u00e9 l\u2019id\u00e9e dans la semaine qui suivait son d\u00e9c\u00e8s. Les premi\u00e8res d\u00e9marches ont \u00e9t\u00e9 r\u00e9alis\u00e9es d\u00e8s&hellip;\n","protected":false},"author":2,"featured_media":716575,"comment_status":"","ping_status":"","sticky":false,"template":"","format":"standard","meta":{"footnotes":""},"categories":[2817],"tags":[1111,11,1997,1777,674,1011,27,12,2219,25],"class_list":{"0":"post-716574","1":"post","2":"type-post","3":"status-publish","4":"format-standard","5":"has-post-thumbnail","7":"category-bordeaux","8":"tag-actu","9":"tag-actualites","10":"tag-bordeaux","11":"tag-eu","12":"tag-europe","13":"tag-fr","14":"tag-france","15":"tag-news","16":"tag-nouvelle-aquitaine","17":"tag-republique-francaise"},"share_on_mastodon":{"url":"https:\/\/pubeurope.com\/@fr\/116025812888118470","error":""},"_links":{"self":[{"href":"https:\/\/www.europesays.com\/fr\/wp-json\/wp\/v2\/posts\/716574","targetHints":{"allow":["GET"]}}],"collection":[{"href":"https:\/\/www.europesays.com\/fr\/wp-json\/wp\/v2\/posts"}],"about":[{"href":"https:\/\/www.europesays.com\/fr\/wp-json\/wp\/v2\/types\/post"}],"author":[{"embeddable":true,"href":"https:\/\/www.europesays.com\/fr\/wp-json\/wp\/v2\/users\/2"}],"replies":[{"embeddable":true,"href":"https:\/\/www.europesays.com\/fr\/wp-json\/wp\/v2\/comments?post=716574"}],"version-history":[{"count":0,"href":"https:\/\/www.europesays.com\/fr\/wp-json\/wp\/v2\/posts\/716574\/revisions"}],"wp:featuredmedia":[{"embeddable":true,"href":"https:\/\/www.europesays.com\/fr\/wp-json\/wp\/v2\/media\/716575"}],"wp:attachment":[{"href":"https:\/\/www.europesays.com\/fr\/wp-json\/wp\/v2\/media?parent=716574"}],"wp:term":[{"taxonomy":"category","embeddable":true,"href":"https:\/\/www.europesays.com\/fr\/wp-json\/wp\/v2\/categories?post=716574"},{"taxonomy":"post_tag","embeddable":true,"href":"https:\/\/www.europesays.com\/fr\/wp-json\/wp\/v2\/tags?post=716574"}],"curies":[{"name":"wp","href":"https:\/\/api.w.org\/{rel}","templated":true}]}}