{"id":71661,"date":"2025-05-03T11:27:08","date_gmt":"2025-05-03T11:27:08","guid":{"rendered":"https:\/\/www.europesays.com\/fr\/71661\/"},"modified":"2025-05-03T11:27:08","modified_gmt":"2025-05-03T11:27:08","slug":"apres-de-nouvelles-frappes-larmee-israelienne-dit-etre-deployee-dans-le-sud-en-soutien-aux-druzes-liberation","status":"publish","type":"post","link":"https:\/\/www.europesays.com\/fr\/71661\/","title":{"rendered":"apr\u00e8s de nouvelles frappes, l\u2019arm\u00e9e isra\u00e9lienne dit \u00ab\u00eatre d\u00e9ploy\u00e9e dans le sud\u00bb en soutien aux druzes \u2013 Lib\u00e9ration"},"content":{"rendered":"<p class=\"sc-ksZaOG ehjQrN text-element\">Quelques heures apr\u00e8s <a href=\"https:\/\/www.liberation.fr\/international\/moyen-orient\/syrie-israel-bombarde-pres-du-palais-du-president-charaa-accuse-de-mener-une-campagne-genocidaire-contre-les-druzes-20250502_TYCARKMRX5HJNNWK5LIKYLQAWQ\/\" target=\"_blank\" rel=\"nofollow noopener\" title=\"https:\/\/www.liberation.fr\/international\/moyen-orient\/syrie-israel-bombarde-pres-du-palais-du-president-charaa-accuse-de-mener-une-campagne-genocidaire-contre-les-druzes-20250502_TYCARKMRX5HJNNWK5LIKYLQAWQ\/\">avoir cibl\u00e9 les abords du palais pr\u00e9sidentiel<\/a>, l\u2018aviation isra\u00e9lienne a men\u00e9 de nouvelles frappes \u00e0 travers la Syrie dans la nuit du vendredi 2 au samedi 3 mai, les bombardements \u00ables plus violents\u00bb depuis le d\u00e9but de l\u2019ann\u00e9e, a d\u00e9clar\u00e9 l\u2019Observatoire syrien des droits de l\u2019homme (OSDH). Selon cette ONG, qui dispose d\u2019un vaste r\u00e9seau de sources dans le pays en guerre, \u00abplus de 20 frappes isra\u00e9liennes ont vis\u00e9 des entrep\u00f4ts et des sites militaires \u00e0 Deraa, pr\u00e8s de Damas et dans les r\u00e9gions de Hama et de Lattaqui\u00e9\u00bb.<\/p>\n<p class=\"sc-ksZaOG ehjQrN text-element\">L\u2019agence officielle syrienne Sana a annonc\u00e9 qu\u2019un \u00abcivil\u00bb a \u00e9t\u00e9 tu\u00e9 dans les environs de la capitale, l\u2019arm\u00e9e isra\u00e9lienne confirmant de son c\u00f4t\u00e9 avoir vis\u00e9 des infrastructures militaires pr\u00e8s de la capitale de la Syrie, pays avec lequel Isra\u00ebl est toujours en \u00e9tat de guerre.<\/p>\n<p class=\"sc-ksZaOG ehjQrN text-element\">Dans le courant de la matin\u00e9e, un communiqu\u00e9 militaire a fait savoir que l\u2018arm\u00e9e isra\u00e9lienne \u00abest d\u00e9ploy\u00e9e dans le sud de la Syrie et est pr\u00eate \u00e0 emp\u00eacher l\u2019entr\u00e9e de forces hostiles dans la zone des villages druzes\u00bb, sans donner plus de pr\u00e9cisions sur le nombre de troupes isra\u00e9liennes en Syrie, ni l\u2019\u00e9tendue de ce d\u00e9ploiement.<\/p>\n<p class=\"sc-ksZaOG ehjQrN text-element\">Peu de temps apr\u00e8s, l\u2018envoy\u00e9 sp\u00e9cial de l\u2019ONU pour la Syrie a appel\u00e9 Isra\u00ebl \u00e0 stopper sans plus tarder son offensive. \u00abJe condamne fermement les violations continues et croissantes de la souverainet\u00e9 de la Syrie par Isra\u00ebl, y compris les multiples frappes a\u00e9riennes \u00e0 Damas et dans d\u2019autres villes\u00bb, a \u00e9crit Geir Pedersen dans un communiqu\u00e9, demandant \u00abque ces attaques cessent imm\u00e9diatement et qu\u2019Isra\u00ebl cesse de mettre en danger les civils syriens et respecte le droit international ainsi que la souverainet\u00e9, l\u2019unit\u00e9, l\u2019int\u00e9grit\u00e9 territoriale et l\u2019ind\u00e9pendance de la Syrie\u00bb.<\/p>\n<p class=\"sc-ksZaOG ehjQrN text-element\"><a href=\"https:\/\/www.liberation.fr\/international\/moyen-orient\/en-syrie-le-nouveau-pouvoir-au-defi-de-ranimer-une-economie-a-lagonie-20250428_H3E3DTGHLNCGNLSFXY4NQ5RS5E\/\" target=\"_blank\" rel=\"nofollow noopener\" title=\"https:\/\/www.liberation.fr\/international\/moyen-orient\/en-syrie-le-nouveau-pouvoir-au-defi-de-ranimer-une-economie-a-lagonie-20250428_H3E3DTGHLNCGNLSFXY4NQ5RS5E\/\">Depuis la chute du pr\u00e9sident Bachar al-Assad<\/a> en d\u00e9cembre,<a href=\"https:\/\/www.liberation.fr\/international\/moyen-orient\/la-syrie-piegee-entre-la-mefiance-israelienne-et-la-volonte-dexpansion-turque-20250429_PZJKJ2AJ5RHYVCJRQZNUPP4NVY\/\" target=\"_blank\" rel=\"nofollow noopener\" title=\"https:\/\/www.liberation.fr\/international\/moyen-orient\/la-syrie-piegee-entre-la-mefiance-israelienne-et-la-volonte-dexpansion-turque-20250429_PZJKJ2AJ5RHYVCJRQZNUPP4NVY\/\"> Isra\u00ebl, qui consid\u00e8re les nouvelles autorit\u00e9s avec m\u00e9fiance<\/a>, a men\u00e9 des centaines d\u2019attaques contre des sites militaires en Syrie, affirmant vouloir emp\u00eacher que des armes ne tombent entre les mains des nouvelles autorit\u00e9s qu\u2019il qualifie de \u00abjihadistes\u00bb. L\u2019Etat h\u00e9breu a aussi envoy\u00e9 des troupes dans une zone d\u00e9militaris\u00e9e du plateau du Golan.<\/p>\n<p class=\"sc-ksZaOG ehjQrN text-element\">Vendredi \u00e0 l\u2019aube, Isra\u00ebl avait annonc\u00e9 avoir bombard\u00e9 pr\u00e8s du palais pr\u00e9sidentiel d\u2019Ahmed al-Charaa, en guise d\u2019avertissement contre toute atteinte \u00e0 la minorit\u00e9 druze de Syrie. Ce que la pr\u00e9sidence syrienne a qualifi\u00e9 de \u00abdangereuse escalade\u00bb a aussi \u00e9t\u00e9 condamn\u00e9 par le secr\u00e9taire g\u00e9n\u00e9ral de l\u2019ONU, Antonio Guterres.<\/p>\n<p class=\"sc-ksZaOG ehjQrN text-element\">Ces faits sont survenus apr\u00e8s <a href=\"https:\/\/www.liberation.fr\/international\/moyen-orient\/en-syrie-les-druzes-vises-par-une-vague-de-violences-au-sud-de-damas-20250501_B5ZF3NSGAJCULJ6FJIMV6MDBX4\/\" target=\"_blank\" rel=\"nofollow noopener\" title=\"https:\/\/www.liberation.fr\/international\/moyen-orient\/en-syrie-les-druzes-vises-par-une-vague-de-violences-au-sud-de-damas-20250501_B5ZF3NSGAJCULJ6FJIMV6MDBX4\/\">des violences confessionnelles<\/a> en d\u00e9but de semaine entre groupes arm\u00e9s li\u00e9s au pouvoir syrien et combattants druzes qui ont fait plus de 100 morts pr\u00e8s de Damas et dans le sud, voisin d\u2019Isra\u00ebl, selon l\u2019OSDH.<\/p>\n<p class=\"sc-ksZaOG ehjQrN text-element\">Selon l\u2019analyste ind\u00e9pendant Michael Horowitz, Isra\u00ebl \u00abesp\u00e8re \u00e0 la fois se trouver des alli\u00e9s locaux, particuli\u00e8rement dans le sud syrien, mais aussi peser dans la balance \u00e0 un moment o\u00f9 le futur de la Syrie reste incertain\u00bb.<\/p>\n<p class=\"sc-ksZaOG ehjQrN text-element\">\u00abC\u2019est un message clair envoy\u00e9 au r\u00e9gime syrien. Nous ne permettrons pas que des forces [syriennes] soient d\u00e9p\u00each\u00e9es au sud de Damas ou menacent de quelque mani\u00e8re que ce soit la communaut\u00e9 druze\u00bb, ont affirm\u00e9 le Premier ministre Benyamin N\u00e9tanyahou et son ministre de la D\u00e9fense, Isra\u00ebl Katz.<\/p>\n<p class=\"sc-ksZaOG ehjQrN text-element\">En r\u00e9action, le Qatar a fustig\u00e9 une \u00abagression flagrante contre la souverainet\u00e9\u00bb de la Syrie, tandis que l\u2019Arabie Saoudite a \u00abr\u00e9affirm\u00e9 son rejet cat\u00e9gorique des agressions isra\u00e9liennes sapant la stabilit\u00e9\u00bb du pays. \u00abLa Syrie ne doit pas devenir le terrain de jeu des tensions r\u00e9gionales\u00bb a mis en garde l\u2019Allemagne, appelant le nouveau pouvoir syrien \u00e0 assurer \u00abla protection de la population civile\u00bb et \u00abtous les acteurs\u00bb \u00e0 \u00abla plus grande retenue\u00bb.<\/p>\n<p class=\"sc-ksZaOG ehjQrN text-element\">Isra\u00ebl avait menac\u00e9 d\u2019agir \u00abavec force\u00bb si Damas ne prot\u00e9geait pas sa communaut\u00e9 druze. Depuis l\u2019arriv\u00e9e au pouvoir, le 8 d\u00e9cembre, d\u2019une coalition men\u00e9e par des islamistes sunnites, Isra\u00ebl a pris fait et cause pour les druzes de Syrie. Cette communaut\u00e9 \u00e9sot\u00e9rique, issue d\u2019une branche de l\u2019islam chiite, est \u00e9galement implant\u00e9e en Isra\u00ebl et au Liban.<\/p>\n<p class=\"sc-ksZaOG ehjQrN text-element\">Dans ce contexte, le pr\u00e9sident Ahmed al-Charaa a re\u00e7u vendredi \u00e0 Damas le chef druze libanais Walid Joumblatt, qui avait appel\u00e9 ses coreligionnaires en Syrie \u00e0 \u00abrefuser l\u2019ing\u00e9rence d\u2019Isra\u00ebl\u00bb.<\/p>\n<p class=\"sc-ksZaOG ehjQrN text-element\"><b>Mise \u00e0 jour <\/b>\u00e0 12 h 30, avec l\u2019ajout du communiqu\u00e9 de l\u2018envoy\u00e9 sp\u00e9cial de l\u2019ONU pour la Syrie.<\/p>\n","protected":false},"excerpt":{"rendered":"Quelques heures apr\u00e8s avoir cibl\u00e9 les abords du palais pr\u00e9sidentiel, l\u2018aviation isra\u00e9lienne a men\u00e9 de nouvelles frappes \u00e0&hellip;\n","protected":false},"author":2,"featured_media":71662,"comment_status":"","ping_status":"","sticky":false,"template":"","format":"standard","meta":{"footnotes":""},"categories":[5],"tags":[11,1011,27,3522,14,664,12,32,28],"class_list":{"0":"post-71661","1":"post","2":"type-post","3":"status-publish","4":"format-standard","5":"has-post-thumbnail","7":"category-international","8":"tag-actualites","9":"tag-fr","10":"tag-france","11":"tag-guerre-hamas-israel","12":"tag-international","13":"tag-israel","14":"tag-news","15":"tag-syrie","16":"tag-world"},"share_on_mastodon":{"url":"https:\/\/pubeurope.com\/@fr\/114443664974367448","error":""},"_links":{"self":[{"href":"https:\/\/www.europesays.com\/fr\/wp-json\/wp\/v2\/posts\/71661","targetHints":{"allow":["GET"]}}],"collection":[{"href":"https:\/\/www.europesays.com\/fr\/wp-json\/wp\/v2\/posts"}],"about":[{"href":"https:\/\/www.europesays.com\/fr\/wp-json\/wp\/v2\/types\/post"}],"author":[{"embeddable":true,"href":"https:\/\/www.europesays.com\/fr\/wp-json\/wp\/v2\/users\/2"}],"replies":[{"embeddable":true,"href":"https:\/\/www.europesays.com\/fr\/wp-json\/wp\/v2\/comments?post=71661"}],"version-history":[{"count":0,"href":"https:\/\/www.europesays.com\/fr\/wp-json\/wp\/v2\/posts\/71661\/revisions"}],"wp:featuredmedia":[{"embeddable":true,"href":"https:\/\/www.europesays.com\/fr\/wp-json\/wp\/v2\/media\/71662"}],"wp:attachment":[{"href":"https:\/\/www.europesays.com\/fr\/wp-json\/wp\/v2\/media?parent=71661"}],"wp:term":[{"taxonomy":"category","embeddable":true,"href":"https:\/\/www.europesays.com\/fr\/wp-json\/wp\/v2\/categories?post=71661"},{"taxonomy":"post_tag","embeddable":true,"href":"https:\/\/www.europesays.com\/fr\/wp-json\/wp\/v2\/tags?post=71661"}],"curies":[{"name":"wp","href":"https:\/\/api.w.org\/{rel}","templated":true}]}}