{"id":71693,"date":"2025-05-03T11:48:17","date_gmt":"2025-05-03T11:48:17","guid":{"rendered":"https:\/\/www.europesays.com\/fr\/71693\/"},"modified":"2025-05-03T11:48:17","modified_gmt":"2025-05-03T11:48:17","slug":"defait-a-nice-le-stade-de-reims-doit-encore-attendre-pour-son-maintien-sport-club","status":"publish","type":"post","link":"https:\/\/www.europesays.com\/fr\/71693\/","title":{"rendered":"D\u00e9fait \u00e0 Nice, le Stade de Reims doit encore attendre pour son maintien \u2022 Sport Club"},"content":{"rendered":"<p><strong>Men\u00e9s d\u00e8s le premier quart d\u2019heure \u00e0 cause d\u2019une m\u00e9sentente entre Joseph Okumu et Yehvann Diouf, les R\u00e9mois ont connu une soir\u00e9e difficile \u00e0 Nice ce vendredi, en ouverture de la 32e journ\u00e9e de Ligue 1. Malgr\u00e9 un r\u00e9veil apr\u00e8s la pause, les hommes de Samba Diawara n\u2019ont jamais r\u00e9ussi \u00e0 v\u00e9ritablement inqui\u00e9ter Marcin Bulka ou ont manqu\u00e9 d\u2019efficacit\u00e9. Une d\u00e9faite qui laisse encore planer le doute sur le maintien avant la r\u00e9ception de Saint-\u00c9tienne \u00e0 Delaune samedi prochain.<br \/><\/strong><\/p>\n<blockquote><p>\n<strong>LA\u00a0FEUILLE\u00a0DE\u00a0MATCH<\/strong>\n<\/p><\/blockquote>\n<p style=\"text-align: center;\"><strong>NICE <img loading=\"lazy\" decoding=\"async\" class=\"sFlh5c FyHeAf iPVvYb\" src=\"https:\/\/www.europesays.com\/fr\/wp-content\/uploads\/2025\/05\/1200px-Logo_OGC_Nice_2013.svg.png\" alt=\"Fichier:Logo OGC Nice 2013.svg \u2014 Wikip\u00e9dia\" width=\"13\" height=\"16\"\/> 1-0 <img loading=\"lazy\" data-recalc-dims=\"1\" decoding=\"async\" class=\"\" src=\"https:\/\/www.europesays.com\/fr\/wp-content\/uploads\/2025\/05\/club-logo-1687948873.734277.png\" width=\"18\" height=\"18\"\/> STADE DE REIMS<\/strong><\/p>\n<p><strong>MI-TEMPS<\/strong> : 1-0<br \/><strong>SPECTATEURS<\/strong> : 24000<br \/><strong>ARBITRE<\/strong> : M. Abdelatif Kherradji<br \/><strong>BUT<\/strong> \u2013 Sanson (15e) pour Nice<br \/><strong>AVERTISSEMENTS <\/strong>\u2013 Aux Ni\u00e7ois Rosario (6e) et Mendy (41e)<strong> ; <\/strong>aux R\u00e9mois Gbane (62e) et Nakamura (72e)<strong><br \/><img loading=\"lazy\" decoding=\"async\" class=\"sFlh5c FyHeAf iPVvYb\" src=\"https:\/\/www.europesays.com\/fr\/wp-content\/uploads\/2025\/05\/1200px-Logo_OGC_Nice_2013.svg.png\" alt=\"Fichier:Logo OGC Nice 2013.svg \u2014 Wikip\u00e9dia\" width=\"13\" height=\"16\"\/> NICE : <\/strong>Bulka \u2013 Mendy (Dante, 68e), Bombito, Bard \u2013 Clauss, Sanson (Diop, 68e), Rosario, Boudaoui (Santamaria, 77e), Abdi \u2013 Bouanani (Cho, 77e), Laborde (Moffi, 89e). Entr : Franck Haise<strong><br \/><img loading=\"lazy\" data-recalc-dims=\"1\" decoding=\"async\" class=\"\" src=\"https:\/\/www.europesays.com\/fr\/wp-content\/uploads\/2025\/05\/club-logo-1687948873.734277.png\" width=\"18\" height=\"18\"\/> REIMS : <\/strong>Diouf \u2013 Akieme, Kipr\u00e9, Gbane, Okumu (Ibrahim, 65e), Buta (Sekine, 81e) \u2013 Kon\u00e9 (Patrick, 81e), Atangana \u2013 Nakamura, Tia (Diakhon, 55e) \u2013 Siebatcheu (Diakit\u00e9, 65e). Entr : Samba Diawara<\/p>\n<blockquote><p>\nLE MATCH\n<\/p><\/blockquote>\n<p class=\"\" data-start=\"188\" data-end=\"644\">Quelques jours apr\u00e8s son nul peu glorieux \u00e0 Montpellier, le Stade de Reims bouclait sa s\u00e9rie de d\u00e9placements dans le sud par un gros morceau, \u00e0 Nice, tout juste vainqueur du Paris Saint-Germain et toujours en course pour une qualification en Ligue des Champions. Et pourtant, plus que dans l\u2019H\u00e9rault, les R\u00e9mois peuvent nourrir des regrets. D\u2019abord parce qu\u2019en s\u2019inclinant sur la C\u00f4te d\u2019Azur, les R\u00e9mois restent sous la menace d\u2019une possible rel\u00e9gation, aussi parce qu\u2019ils auraient pu esp\u00e9rer mieux \u00e0 l\u2019Allianz Riviera.<\/p>\n<p class=\"\" data-start=\"188\" data-end=\"644\">Des R\u00e9mois qui devaient faire sans Junya Ito, pas totalement remis de sa blessure \u00e0 la cheville \u00e0 Montpellier, et remplac\u00e9 par le jeune Martial Tia. Malgr\u00e9 une premi\u00e8re tentative du jeune R\u00e9mois, le Stade subissait d\u2019entr\u00e9e, pris par l\u2019intensit\u00e9 ni\u00e7oise. Dans ces conditions, les prot\u00e9g\u00e9s de Samba Diawara multipliaient les approximations techniques. Si bien qu\u2019apr\u00e8s un quart d\u2019heure, Joseph Okumu, sous pression, perturbait la sortie de Yevhann Diouf sur un centre anodin. Le Kenyan d\u00e9viait le ballon dans les pieds de Morgan Sanson, qui seul au second poteau, n\u2019avait plus qu\u2019\u00e0 conclure dans le but vide.<\/p>\n<p>Entre engagement et \u00e9garements<\/p>\n<p class=\"\" data-start=\"188\" data-end=\"644\">L\u2019ouverture du score ne changeait pas la physionomie de la rencontre. Les R\u00e9mois subissaient le pressing \u00e9touffant des Aiglons. Et peu inspir\u00e9s dans l\u2019utilisation du ballon, ils peinaient \u00e0 remonter le terrain et \u00e0 inqui\u00e9ter la d\u00e9fense adverse. Il fallait attendre les derniers instants de la premi\u00e8re p\u00e9riode pour voir une lueur offensive, avec les tirs successifs de Keito Nakamura d\u00e9vi\u00e9e, puis d\u2019Amadou Kon\u00e9, trop tendre pour inqui\u00e9ter Marcin Bulka. Au retour des vestiaires, Reims offrait un meilleur visage. Plus volontaires, les R\u00e9mois exploitaient les espaces offerts par une \u00e9quipe ni\u00e7oise moins consistante. Mais ils manquaient cruellement d\u2019efficacit\u00e9.<\/p>\n<p class=\"\" data-start=\"188\" data-end=\"644\">Ainsi sur un centre puissant de Nakamura, Valentin Atangana ne parvenait pas \u00e0 reprendre le ballon au point de penalty. Dans la foul\u00e9e, Mamadou Diakhon, tout juste entr\u00e9 en jeu, profitait d\u2019une perte de balle ni\u00e7oise pour frapper \u00e0 l\u2019entr\u00e9e de la surface sans que Bulka, vigilant, ne soit v\u00e9ritablement inqui\u00e9t\u00e9. Nakamura puis Sekine voyaient aussi leur tentative repouss\u00e9e ou contr\u00e9e. Malgr\u00e9 la pression r\u00e9moise sur un adversaire en souffrance, les impr\u00e9cisions techniques restaient trop nombreuses pour esp\u00e9rer mieux. Un nouveau revers qui remet Reims sous pression de ses adversaires directs au classement. La r\u00e9ception de St-Etienne samedi prochain pour la derni\u00e8re \u00e0 domicile de la saison fait office de finale pour le maintien.<\/p>\n<blockquote>\n<blockquote><p>\nLES R\u00c9SULTATS ET LE CLASSEMENT\n<\/p><\/blockquote>\n<p><a style=\"font-size: 11px;\" href=\"https:\/\/v1.scorenco.com\/football\/clubs\/stade-de-reims\/\" target=\"_blank\" rel=\"noopener\">Stade de Reims sur Score\u2019n\u2019co<\/a><\/p>\n<blockquote><p>\nPROCHAIN MATCH\n<\/p><\/blockquote>\n<\/blockquote>\n<p>\ud83c\udd9a Saint-Etienne<br \/>\ud83c\udfc6 33e journ\u00e9e de Ligue 1<br \/>\ud83d\udcc5 samedi 10 mai 2025<br \/>\u231a 21h<br \/>\ud83c\udfdf\u00a0 Stade Delaune, \u00e0 Reims (51)<\/p>\n","protected":false},"excerpt":{"rendered":"Men\u00e9s d\u00e8s le premier quart d\u2019heure \u00e0 cause d\u2019une m\u00e9sentente entre Joseph Okumu et Yehvann Diouf, les R\u00e9mois&hellip;\n","protected":false},"author":2,"featured_media":71694,"comment_status":"","ping_status":"","sticky":false,"template":"","format":"standard","meta":{"footnotes":""},"categories":[2819],"tags":[1111,11,1777,674,1011,27,66,12,2401,882,25,4398,464],"class_list":{"0":"post-71693","1":"post","2":"type-post","3":"status-publish","4":"format-standard","5":"has-post-thumbnail","7":"category-nice","8":"tag-actu","9":"tag-actualites","10":"tag-eu","11":"tag-europe","12":"tag-fr","13":"tag-france","14":"tag-ligue-1","15":"tag-news","16":"tag-nice","17":"tag-provence-alpes-cote-dazur","18":"tag-republique-francaise","19":"tag-sdr","20":"tag-stade-de-reims"},"share_on_mastodon":{"url":"https:\/\/pubeurope.com\/@fr\/114443747604162619","error":""},"_links":{"self":[{"href":"https:\/\/www.europesays.com\/fr\/wp-json\/wp\/v2\/posts\/71693","targetHints":{"allow":["GET"]}}],"collection":[{"href":"https:\/\/www.europesays.com\/fr\/wp-json\/wp\/v2\/posts"}],"about":[{"href":"https:\/\/www.europesays.com\/fr\/wp-json\/wp\/v2\/types\/post"}],"author":[{"embeddable":true,"href":"https:\/\/www.europesays.com\/fr\/wp-json\/wp\/v2\/users\/2"}],"replies":[{"embeddable":true,"href":"https:\/\/www.europesays.com\/fr\/wp-json\/wp\/v2\/comments?post=71693"}],"version-history":[{"count":0,"href":"https:\/\/www.europesays.com\/fr\/wp-json\/wp\/v2\/posts\/71693\/revisions"}],"wp:featuredmedia":[{"embeddable":true,"href":"https:\/\/www.europesays.com\/fr\/wp-json\/wp\/v2\/media\/71694"}],"wp:attachment":[{"href":"https:\/\/www.europesays.com\/fr\/wp-json\/wp\/v2\/media?parent=71693"}],"wp:term":[{"taxonomy":"category","embeddable":true,"href":"https:\/\/www.europesays.com\/fr\/wp-json\/wp\/v2\/categories?post=71693"},{"taxonomy":"post_tag","embeddable":true,"href":"https:\/\/www.europesays.com\/fr\/wp-json\/wp\/v2\/tags?post=71693"}],"curies":[{"name":"wp","href":"https:\/\/api.w.org\/{rel}","templated":true}]}}