{"id":71697,"date":"2025-05-03T11:50:09","date_gmt":"2025-05-03T11:50:09","guid":{"rendered":"https:\/\/www.europesays.com\/fr\/71697\/"},"modified":"2025-05-03T11:50:09","modified_gmt":"2025-05-03T11:50:09","slug":"le-futur-chu-de-nantes-ouvre-ses-portes-au-grand-public-en-juin-deux-ans-avant-le-demenagement","status":"publish","type":"post","link":"https:\/\/www.europesays.com\/fr\/71697\/","title":{"rendered":"Le futur CHU de Nantes ouvre ses portes au grand public en juin, deux ans avant le d\u00e9m\u00e9nagement"},"content":{"rendered":"<p>Des visites sont propos\u00e9es au grand public samedi\u00a07\u00a0et dimanche 8\u00a0juin, sur le site du chantier du CHU de Nantes, de 10\u00a0h \u00e0 18\u00a0h.<\/p>\n<p>Le gros \u0153uvre de la plupart des b\u00e2timents est termin\u00e9 ou en passe de l\u2019\u00eatre. Les Nantais, tout au long d\u2019un parcours tr\u00e8s jalonn\u00e9, balis\u00e9 et s\u00e9curis\u00e9 d\u20191,4\u00a0km, pourront donc, en trente\u00a0minutes, se projeter dans le CHU qui accueillera les patients fin 2027, selon le calendrier pr\u00e9visionnel actuel. Un carnet explicatif accompagnera la balade.<\/p>\n<p><a href=\"https:\/\/www.nouvelhopital-chu-nantes.fr\/evenement\/\" target=\"_self\" rel=\"noopener\">L\u2019inscription \u00e0 ces visites est obligatoire, au pr\u00e9alable,<\/a> chacun doit choisir un cr\u00e9neau de deux heures pour venir. Les familles sont bienvenues, mais les poussettes d\u00e9conseill\u00e9es. Le port de chaussures ferm\u00e9es est obligatoire.\u00a0L\u2019environnement du chantier n\u2019est pas adapt\u00e9 aux personnes \u00e0 mobilit\u00e9 r\u00e9duite, pr\u00e9vient le CHU.<\/p>\n<p>L\u2019acc\u00e8s au site se fera au croisement des boulevards Gustave-Roch et Benoni-Goullin, en face du restaurant Au Coup d\u2019Arrosoir (porte 3).<\/p>\n<p>Le CHU de Nantes est le plus grand chantier hospitalier actuellement en France. Son co\u00fbt est estim\u00e9 \u00e0 plus d\u20191,300\u00a0milliard\u00a0d\u2019euros.<\/p>\n<p>\u00a0<\/p>\n","protected":false},"excerpt":{"rendered":"Des visites sont propos\u00e9es au grand public samedi\u00a07\u00a0et dimanche 8\u00a0juin, sur le site du chantier du CHU de&hellip;\n","protected":false},"author":2,"featured_media":71698,"comment_status":"","ping_status":"","sticky":false,"template":"","format":"standard","meta":{"footnotes":""},"categories":[2818],"tags":[1111,11,1764,4309,14477,1777,674,1011,27,5852,2515,3687,766,12,10102,2636,3761,3532,25],"class_list":{"0":"post-71697","1":"post","2":"type-post","3":"status-publish","4":"format-standard","5":"has-post-thumbnail","7":"category-nantes","8":"tag-actu","9":"tag-actualites","10":"tag-ans","11":"tag-chu","12":"tag-demenagement","13":"tag-eu","14":"tag-europe","15":"tag-fr","16":"tag-france","17":"tag-futur","18":"tag-grand","19":"tag-juin","20":"tag-nantes","21":"tag-news","22":"tag-ouvre","23":"tag-pays-de-la-loire","24":"tag-portes","25":"tag-public","26":"tag-republique-francaise"},"share_on_mastodon":{"url":"https:\/\/pubeurope.com\/@fr\/114443755833788085","error":""},"_links":{"self":[{"href":"https:\/\/www.europesays.com\/fr\/wp-json\/wp\/v2\/posts\/71697","targetHints":{"allow":["GET"]}}],"collection":[{"href":"https:\/\/www.europesays.com\/fr\/wp-json\/wp\/v2\/posts"}],"about":[{"href":"https:\/\/www.europesays.com\/fr\/wp-json\/wp\/v2\/types\/post"}],"author":[{"embeddable":true,"href":"https:\/\/www.europesays.com\/fr\/wp-json\/wp\/v2\/users\/2"}],"replies":[{"embeddable":true,"href":"https:\/\/www.europesays.com\/fr\/wp-json\/wp\/v2\/comments?post=71697"}],"version-history":[{"count":0,"href":"https:\/\/www.europesays.com\/fr\/wp-json\/wp\/v2\/posts\/71697\/revisions"}],"wp:featuredmedia":[{"embeddable":true,"href":"https:\/\/www.europesays.com\/fr\/wp-json\/wp\/v2\/media\/71698"}],"wp:attachment":[{"href":"https:\/\/www.europesays.com\/fr\/wp-json\/wp\/v2\/media?parent=71697"}],"wp:term":[{"taxonomy":"category","embeddable":true,"href":"https:\/\/www.europesays.com\/fr\/wp-json\/wp\/v2\/categories?post=71697"},{"taxonomy":"post_tag","embeddable":true,"href":"https:\/\/www.europesays.com\/fr\/wp-json\/wp\/v2\/tags?post=71697"}],"curies":[{"name":"wp","href":"https:\/\/api.w.org\/{rel}","templated":true}]}}