{"id":71703,"date":"2025-05-03T11:53:08","date_gmt":"2025-05-03T11:53:08","guid":{"rendered":"https:\/\/www.europesays.com\/fr\/71703\/"},"modified":"2025-05-03T11:53:08","modified_gmt":"2025-05-03T11:53:08","slug":"manon-galy-prodige-du-violon-originaire-de-toulouse-bientot-en-concert-dans-la-ville-rose","status":"publish","type":"post","link":"https:\/\/www.europesays.com\/fr\/71703\/","title":{"rendered":"Manon Galy, prodige du violon originaire de Toulouse, bient\u00f4t en concert dans la Ville rose"},"content":{"rendered":"<p>            Par<br \/>\n        <strong><br \/>\n            <a href=\"https:\/\/actu.fr\/auteur\/lucie-2\" title=\"Consulter tous les articles de Lucie Fraisse\" rel=\"nofollow noopener\" target=\"_blank\">Lucie Fraisse<\/a><br \/>\n        <\/strong><\/p>\n<p>        Publi\u00e9 le<\/p>\n<p>            3 mai 2025 \u00e0 13h21        <\/p>\n<p>Les Toulousains qui ont assist\u00e9 au grand concert qui s\u2019est tenu place du Capitole, avec l\u2019orchestre du m\u00eame nom, <a href=\"https:\/\/actu.fr\/occitanie\/toulouse_31555\/toulouse-6-000-personnes-vibrent-lors-d-un-concert-symphonique-geant-place-du-capitole_60091549.html\" rel=\"nofollow noopener\" target=\"_blank\">\u00e0 l\u2019occasion de la Coupe du Monde de rugby 2023<\/a>, se souviennent forc\u00e9ment d\u2019elle. Avec ses beaux cheveux blonds et sa longue robe, la violoniste <strong>Manon Galy<\/strong> avait envout\u00e9 le public, dans un duo avec sa consoeur japonaise Ayana Tsuji, dans des \u0153uvres de <strong>Massenet et Saint-Sa\u00ebns<\/strong>.\u00a0<\/p>\n<p class=\" wall-content\">Manon Galy en garde un excellent souvenir : \u00ab\u00a0Il faisait beau, la place du Capitole \u00e9tait bond\u00e9e. Et ce qui \u00e9tait g\u00e9nial, c\u2019est que m\u00eame si c\u2019\u00e9tait un \u00e9v\u00e9nement grand public, il n\u2019y a pas eu de concession sur le r\u00e9pertoire. <strong>J\u2019ai trouv\u00e9 \u00e7a magnifique<\/strong>.\u00a0\u00bb<\/p>\n<p>Victoires de la musique en 2022<\/p>\n<p class=\" wall-content\">Manon Galy a d\u00e9but\u00e9 la pratique du violon \u00e0 sept ans, d\u2019abord \u00e0 l\u2019\u00e9cole de musique de Cugnaux <a href=\"https:\/\/actu.fr\/occitanie\/toulouse_31555\/patrimoine-conservatoire-toulouse-une-institution-accueille-plus-2000-eleves_30899832.html\" rel=\"nofollow noopener\" target=\"_blank\">avant de rejoindre le conservatoire de Toulouse deux ans plus tard<\/a>. \u00ab\u00a0Ma famille n\u2019est pas du tout musicienne, confie la jeune femme. Tout au long de mon parcours, j\u2019ai eu la chance de tomber sur des <strong>professeurs extraordinaires<\/strong>, qui ont su m\u2019aiguiller vers les bonnes personnes.\u00a0\u00bb<\/p>\n<p class=\" wall-content\">Mont\u00e9e \u00e0 <strong>Paris<\/strong> \u00e0 l\u2019adolescence, la jeune toulousaine a su convaincre les professionnels du milieu dans de nombreux concours internationaux. Elle d\u00e9croche m\u00eame une<a href=\"https:\/\/actu.fr\/occitanie\/issus_31240\/festival-deodat-de-severac-la-revelation-des-victoires-de-la-musique-classique-au-chateau-d-issus_53169191.html\" rel=\"nofollow noopener\" target=\"_blank\"> Victoire de la musique classique<\/a> dans la cat\u00e9gorie \u00ab r\u00e9v\u00e9lation soliste instrumental \u00bb, en 2022.<\/p>\n<p>\u00c0 Toulouse les 5 et 6 mai<\/p>\n<p class=\" wall-content\">Son talent est remarqu\u00e9 par les plus grands. Elle fait ainsi partie de l\u2019\u00e9curie du violoniste <a href=\"https:\/\/actu.fr\/occitanie\/rocamadour_46240\/lot-renaud-capucon-est-de-retour-au-festival-de-rocamadour_59958997.html\" rel=\"nofollow noopener\" target=\"_blank\">Renaud Capu\u00e7on<\/a>, avec le trio Zeliha et en tant que soliste. \u00ab Il a \u00e0 c\u0153ur de soutenir les jeunes, souligne l\u2019artiste. Il a notamment fait en sorte que je me fasse pr\u00eater un violon. Quand il a cr\u00e9\u00e9 sa bo\u00eete de production, il m\u2019a contact\u00e9e tout de suite. \u00bb<\/p>\n<p class=\" wall-content\">Invit\u00e9e r\u00e9guli\u00e8re de festivals \u00e0 travers le monde, Manon Galy n\u2019oublie pas pour autant Toulouse. <strong>\u00ab\u00a0Toute ma famille vit ici !\u00a0\u00bb<\/strong>. Elle se produit r\u00e9guli\u00e8rement dans la Ville rose : on pourra ainsi l\u2019entendre <a href=\"https:\/\/www.orchestredechambredetoulouse.fr\/\" rel=\"nofollow noopener\" target=\"_blank\">\u00e0 l\u2019auditorium Saint-Pierre des Cuisines, avec l\u2019orchestre de chambre de Toulouse les 5 et 6 mai<\/a>.<\/p>\n<p>Vid\u00e9os : en ce moment sur ActuSes bonnes adresses \u00e0 Toulouse<\/p>\n<p>L&rsquo;hypercentre<br \/>\u00ab\u00a0En r\u00e9alit\u00e9, j&rsquo;ai bien du mal \u00e0 choisir. J&rsquo;adore l&rsquo;hypercentre en g\u00e9n\u00e9ral, de la place du Capitole sur laquelle j&rsquo;ai eu la chance de jouer, aux Carmes en passant par Esquirol !\u00a0\u00bb<\/p>\n<p>La Halle aux grains<br \/>\u00ab\u00a0C&rsquo;est l\u00e0 que j&rsquo;ai vu mes premiers concerts avec de grands solistes que j&rsquo;aimais. J&rsquo;y ai jou\u00e9 en tant que soliste avec l&rsquo;Orchestre national du Capitole en 2023, c&rsquo;\u00e9tait extraordinaire.\u00a0\u00bb<\/p>\n<p>Le conservatoire<br \/>\u00ab\u00a0Le conservatoire \u00e0 rayonnement r\u00e9gional, c&rsquo;est l&rsquo;endroit o\u00f9 j&rsquo;ai pass\u00e9 le plus de temps \u00e0 Toulouse. J&rsquo;y suis entr\u00e9e quand j&rsquo;avais neuf ans avant de rallier le conservatoire \u00e0 Paris, quand j&rsquo;avais quatorze ans.\u00a0\u00bb<\/p>\n<p>Le Flower&rsquo;s caf\u00e9<br \/>\u00ab\u00a0Ils font un banofee absolument extraordinaire et une tarte au citron meringu\u00e9e qui l&rsquo;est tout autant ! J&rsquo;y ai pass\u00e9 beaucoup de temps !\u00a0\u00bb Flower&rsquo;s caf\u00e9, 6 place Roger-Salengro.<\/p>\n<p class=\" wall-content\">Suivez toute l\u2019actualit\u00e9 de vos villes et m\u00e9dias favoris en vous inscrivant \u00e0 <a href=\"https:\/\/moncompte.actu.fr\" title=\"D\u00e9couvez Mon Actu\" rel=\"nofollow noopener\" data-trk=\"{&quot;cta&quot;:{&quot;action&quot;:&quot;https:\\\/\\\/moncompte.actu.fr&quot;,&quot;category&quot;:&quot;mon compte&quot;,&quot;from&quot;:&quot;article footer&quot;,&quot;name&quot;:&quot;Mon actu&quot;,&quot;type&quot;:&quot;cta&quot;}}\" target=\"_blank\">Mon Actu<\/a>.<\/p>\n","protected":false},"excerpt":{"rendered":"Par Lucie Fraisse Publi\u00e9 le 3 mai 2025 \u00e0 13h21 Les Toulousains qui ont assist\u00e9 au grand concert&hellip;\n","protected":false},"author":2,"featured_media":71704,"comment_status":"","ping_status":"","sticky":false,"template":"","format":"standard","meta":{"footnotes":""},"categories":[2816],"tags":[1111,11,1777,674,1011,27,1652,12,2680,25,1341,2312],"class_list":{"0":"post-71703","1":"post","2":"type-post","3":"status-publish","4":"format-standard","5":"has-post-thumbnail","7":"category-toulouse","8":"tag-actu","9":"tag-actualites","10":"tag-eu","11":"tag-europe","12":"tag-fr","13":"tag-france","14":"tag-loisirs-culture","15":"tag-news","16":"tag-occitanie","17":"tag-republique-francaise","18":"tag-sortir-a-toulouse","19":"tag-toulouse"},"share_on_mastodon":{"url":"https:\/\/pubeurope.com\/@fr\/114443767269580728","error":""},"_links":{"self":[{"href":"https:\/\/www.europesays.com\/fr\/wp-json\/wp\/v2\/posts\/71703","targetHints":{"allow":["GET"]}}],"collection":[{"href":"https:\/\/www.europesays.com\/fr\/wp-json\/wp\/v2\/posts"}],"about":[{"href":"https:\/\/www.europesays.com\/fr\/wp-json\/wp\/v2\/types\/post"}],"author":[{"embeddable":true,"href":"https:\/\/www.europesays.com\/fr\/wp-json\/wp\/v2\/users\/2"}],"replies":[{"embeddable":true,"href":"https:\/\/www.europesays.com\/fr\/wp-json\/wp\/v2\/comments?post=71703"}],"version-history":[{"count":0,"href":"https:\/\/www.europesays.com\/fr\/wp-json\/wp\/v2\/posts\/71703\/revisions"}],"wp:featuredmedia":[{"embeddable":true,"href":"https:\/\/www.europesays.com\/fr\/wp-json\/wp\/v2\/media\/71704"}],"wp:attachment":[{"href":"https:\/\/www.europesays.com\/fr\/wp-json\/wp\/v2\/media?parent=71703"}],"wp:term":[{"taxonomy":"category","embeddable":true,"href":"https:\/\/www.europesays.com\/fr\/wp-json\/wp\/v2\/categories?post=71703"},{"taxonomy":"post_tag","embeddable":true,"href":"https:\/\/www.europesays.com\/fr\/wp-json\/wp\/v2\/tags?post=71703"}],"curies":[{"name":"wp","href":"https:\/\/api.w.org\/{rel}","templated":true}]}}