{"id":717109,"date":"2026-02-07T03:10:32","date_gmt":"2026-02-07T03:10:32","guid":{"rendered":"https:\/\/www.europesays.com\/fr\/717109\/"},"modified":"2026-02-07T03:10:32","modified_gmt":"2026-02-07T03:10:32","slug":"amenagement-du-jardin-gericault-a-rouen","status":"publish","type":"post","link":"https:\/\/www.europesays.com\/fr\/717109\/","title":{"rendered":"am\u00e9nagement du jardin G\u00e9ricault \u00e0 Rouen"},"content":{"rendered":"<p>Un projet de renaturation est en cours \u00e0 Rouen, dans le d\u00e9partement de la Seine-Maritime, avec la cr\u00e9ation du jardin G\u00e9ricault dont les travaux ont d\u00e9but\u00e9 fin 2025.<\/p>\n<p class=\"c-paragraph\">Les travaux d\u2019am\u00e9nagement du jardin G\u00e9ricault ont commenc\u00e9 en novembre 2025 \u00e0 Rouen. Le futur espace vert sera situ\u00e9 \u00e0 l\u2019extr\u00e9mit\u00e9 ouest de la rue Th\u00e9odore-G\u00e9ricault, \u00e0 l\u2019arri\u00e8re de l\u2019a\u00eetre Saint-Maclou. Cette op\u00e9ration s\u2019inscrit dans le programme municipal de renaturation \u00ab Rouen Naturellement \u00bb. Le projet, estim\u00e9 \u00e0 605 000 euros, a \u00e9t\u00e9 \u00e9labor\u00e9 \u00e0 l\u2019issue d\u2019une concertation avec les habitants du secteur.<\/p>\n<p class=\"c-paragraph\">Le calendrier pr\u00e9voit une livraison du site \u00e0 la fin de l\u2019\u00e9t\u00e9 2026. Les am\u00e9nagements offriront des jeux destin\u00e9s aux enfants, une zone de repos, un bassin d\u2019eau et des gradins en bois. L\u2019objectif est de proposer un espace public accessible, d\u00e9di\u00e9 aux usages de d\u00e9tente et de loisirs, en coh\u00e9rence avec les besoins exprim\u00e9s lors de la phase de concertation.<\/p>\n<p class=\"c-paragraph\">Entre avril et mai 2026, Enedis interviendra pour d\u00e9molir le transformateur situ\u00e9 \u00e0 l\u2019entr\u00e9e du site. Cette op\u00e9ration conditionnera le commencement de l\u2019installation du mobilier urbain. Une campagne de v\u00e9g\u00e9talisation est programm\u00e9e pour l\u2019automne 2026, afin d\u2019achever l\u2019am\u00e9nagement paysager et de structurer durablement les espaces du jardin.<\/p>\n<p class=\"c-paragraph\">LeMoniteur.fr<\/p>\n","protected":false},"excerpt":{"rendered":"Un projet de renaturation est en cours \u00e0 Rouen, dans le d\u00e9partement de la Seine-Maritime, avec la cr\u00e9ation&hellip;\n","protected":false},"author":2,"featured_media":667388,"comment_status":"","ping_status":"","sticky":false,"template":"","format":"standard","meta":{"footnotes":"","_share_on_mastodon":"0"},"categories":[9587],"tags":[1111,11,1777,674,1011,27,12,5161,25,9590,5163,7333],"class_list":["post-717109","post","type-post","status-publish","format-standard","has-post-thumbnail","category-rouen","tag-actu","tag-actualites","tag-eu","tag-europe","tag-fr","tag-france","tag-news","tag-normandie","tag-republique-francaise","tag-rouen","tag-seine-maritime","tag-vie-du-btp"],"share_on_mastodon":{"url":"https:\/\/pubeurope.com\/@fr\/116027157565120126","error":""},"_links":{"self":[{"href":"https:\/\/www.europesays.com\/fr\/wp-json\/wp\/v2\/posts\/717109","targetHints":{"allow":["GET"]}}],"collection":[{"href":"https:\/\/www.europesays.com\/fr\/wp-json\/wp\/v2\/posts"}],"about":[{"href":"https:\/\/www.europesays.com\/fr\/wp-json\/wp\/v2\/types\/post"}],"author":[{"embeddable":true,"href":"https:\/\/www.europesays.com\/fr\/wp-json\/wp\/v2\/users\/2"}],"replies":[{"embeddable":true,"href":"https:\/\/www.europesays.com\/fr\/wp-json\/wp\/v2\/comments?post=717109"}],"version-history":[{"count":0,"href":"https:\/\/www.europesays.com\/fr\/wp-json\/wp\/v2\/posts\/717109\/revisions"}],"wp:featuredmedia":[{"embeddable":true,"href":"https:\/\/www.europesays.com\/fr\/wp-json\/wp\/v2\/media\/667388"}],"wp:attachment":[{"href":"https:\/\/www.europesays.com\/fr\/wp-json\/wp\/v2\/media?parent=717109"}],"wp:term":[{"taxonomy":"category","embeddable":true,"href":"https:\/\/www.europesays.com\/fr\/wp-json\/wp\/v2\/categories?post=717109"},{"taxonomy":"post_tag","embeddable":true,"href":"https:\/\/www.europesays.com\/fr\/wp-json\/wp\/v2\/tags?post=717109"}],"curies":[{"name":"wp","href":"https:\/\/api.w.org\/{rel}","templated":true}]}}