{"id":71721,"date":"2025-05-03T12:02:07","date_gmt":"2025-05-03T12:02:07","guid":{"rendered":"https:\/\/www.europesays.com\/fr\/71721\/"},"modified":"2025-05-03T12:02:07","modified_gmt":"2025-05-03T12:02:07","slug":"voici-ou-et-quand-ils-risquent-de-frapper-ce-samedi","status":"publish","type":"post","link":"https:\/\/www.europesays.com\/fr\/71721\/","title":{"rendered":"voici o\u00f9 et quand ils risquent de frapper ce samedi"},"content":{"rendered":"<p>            Par<br \/>\n        <strong><br \/>\n            <a href=\"https:\/\/actu.fr\/auteur\/redaction-paris\" title=\"Consulter tous les articles de R\u00e9daction Paris\" target=\"_blank\" rel=\"noopener\">R\u00e9daction Paris<\/a><br \/>\n        <\/strong><\/p>\n<p>        Publi\u00e9 le<\/p>\n<p>            3 mai 2025 \u00e0 13h23        <\/p>\n<p>Des <a href=\"https:\/\/actu.fr\/tag\/orages\" target=\"_blank\" rel=\"noopener\">orages<\/a> et peut-\u00eatre m\u00eame de la r\u00e8gle. <a href=\"https:\/\/actu.fr\/tag\/meteo-france\" target=\"_blank\" rel=\"noopener\">M\u00e9t\u00e9o-France<\/a> a plac\u00e9 Paris et l\u2019\u00cele-de-France en <a href=\"https:\/\/actu.fr\/ile-de-france\/paris_75056\/alerte-meteo-paris-et-l-ile-de-france-places-en-vigilance-pour-de-violents-orages-ce-samedi_62590073.html\" target=\"_blank\" rel=\"noopener\">vigilance<\/a> jaune ce samedi 3 mai. Si pour l\u2019instant, le soleil brille encore dans le ciel francilien, la m\u00e9t\u00e9o pourrait changer du tout au tout dans la journ\u00e9e.\u00a0<\/p>\n<p>Des orages et un risque de gr\u00eale en \u00cele-de-France<\/p>\n<p class=\" wall-content\">Ce samedi matin, des orages ont \u00e9clat\u00e9 en <a href=\"https:\/\/actu.fr\/meteo\/meteo-gare-aux-orages-en-seine-maritime-ce-samedi-un-episode-intense-mais-court_62586874.html\" target=\"_blank\" rel=\"noopener\">Normandie<\/a>. Une perturbation qui devrait logiquement se poursuivre en \u00cele-de-France. Selon la Cha\u00eene M\u00e9t\u00e9o, les orages devraient atteindre l\u2019\u00cele-de-France en milieu d\u2019apr\u00e8s-midi avec un risque de gr\u00eale.\u00a0<\/p>\n<p class=\" wall-content\">Aucun d\u00e9partement francilien ne devrait \u00e9chapper aux orages et \u00e0 la pluie qui les accompagne. Concernant la gr\u00eale, la Cha\u00eene M\u00e9t\u00e9o estime qu\u2019elle pourrait concerner les Yvelines, le Val-d\u2019Oise ainsi que le nord de la Seine-et-Marne.\u00a0<\/p>\n<p class=\" wall-content\">\n<p class=\" wall-content\">Si pour l\u2019instant, les temp\u00e9ratures sont encore au-dessus des normales de saison, elles vont ensuite fortement reculer apr\u00e8s l\u2019\u00e9pisode orageux. Dimanche matin, il ne devrait ainsi faire de 9\u00b0C vers 8h \u00e0 Paris et 15\u00b0C en d\u00e9but d\u2019apr\u00e8s-midi, soit dix degr\u00e9s de moins que ce samedi.\u00a0<\/p>\n<p class=\" wall-content\">Suivez toute l\u2019actualit\u00e9 de vos villes et m\u00e9dias favoris en vous inscrivant \u00e0 <a href=\"https:\/\/moncompte.actu.fr\" title=\"D\u00e9couvez Mon Actu\" rel=\"nofollow noopener\" data-trk=\"{&quot;cta&quot;:{&quot;action&quot;:&quot;https:\\\/\\\/moncompte.actu.fr&quot;,&quot;category&quot;:&quot;mon compte&quot;,&quot;from&quot;:&quot;article footer&quot;,&quot;name&quot;:&quot;Mon actu&quot;,&quot;type&quot;:&quot;cta&quot;}}\" target=\"_blank\">Mon Actu<\/a>.<\/p>\n","protected":false},"excerpt":{"rendered":"Par R\u00e9daction Paris Publi\u00e9 le 3 mai 2025 \u00e0 13h23 Des orages et peut-\u00eatre m\u00eame de la r\u00e8gle.&hellip;\n","protected":false},"author":2,"featured_media":71722,"comment_status":"","ping_status":"","sticky":false,"template":"","format":"standard","meta":{"footnotes":""},"categories":[1592],"tags":[1111,11,1777,674,1011,27,662,2487,2357,12,4594,626,25],"class_list":{"0":"post-71721","1":"post","2":"type-post","3":"status-publish","4":"format-standard","5":"has-post-thumbnail","7":"category-ile-de-france","8":"tag-actu","9":"tag-actualites","10":"tag-eu","11":"tag-europe","12":"tag-fr","13":"tag-france","14":"tag-ile-de-france","15":"tag-meteo","16":"tag-meteo-france","17":"tag-news","18":"tag-orages","19":"tag-paris","20":"tag-republique-francaise"},"share_on_mastodon":{"url":"https:\/\/pubeurope.com\/@fr\/114443802669911614","error":""},"_links":{"self":[{"href":"https:\/\/www.europesays.com\/fr\/wp-json\/wp\/v2\/posts\/71721","targetHints":{"allow":["GET"]}}],"collection":[{"href":"https:\/\/www.europesays.com\/fr\/wp-json\/wp\/v2\/posts"}],"about":[{"href":"https:\/\/www.europesays.com\/fr\/wp-json\/wp\/v2\/types\/post"}],"author":[{"embeddable":true,"href":"https:\/\/www.europesays.com\/fr\/wp-json\/wp\/v2\/users\/2"}],"replies":[{"embeddable":true,"href":"https:\/\/www.europesays.com\/fr\/wp-json\/wp\/v2\/comments?post=71721"}],"version-history":[{"count":0,"href":"https:\/\/www.europesays.com\/fr\/wp-json\/wp\/v2\/posts\/71721\/revisions"}],"wp:featuredmedia":[{"embeddable":true,"href":"https:\/\/www.europesays.com\/fr\/wp-json\/wp\/v2\/media\/71722"}],"wp:attachment":[{"href":"https:\/\/www.europesays.com\/fr\/wp-json\/wp\/v2\/media?parent=71721"}],"wp:term":[{"taxonomy":"category","embeddable":true,"href":"https:\/\/www.europesays.com\/fr\/wp-json\/wp\/v2\/categories?post=71721"},{"taxonomy":"post_tag","embeddable":true,"href":"https:\/\/www.europesays.com\/fr\/wp-json\/wp\/v2\/tags?post=71721"}],"curies":[{"name":"wp","href":"https:\/\/api.w.org\/{rel}","templated":true}]}}