{"id":717225,"date":"2026-02-07T04:28:14","date_gmt":"2026-02-07T04:28:14","guid":{"rendered":"https:\/\/www.europesays.com\/fr\/717225\/"},"modified":"2026-02-07T04:28:14","modified_gmt":"2026-02-07T04:28:14","slug":"lancement-du-projet-de-la-tour-emergence-dans-le-quartier-de-la-citadelle-a-strasbourg","status":"publish","type":"post","link":"https:\/\/www.europesays.com\/fr\/717225\/","title":{"rendered":"lancement du projet de la tour \u00c9mergence dans le quartier de la Citadelle \u00e0 Strasbourg"},"content":{"rendered":"<p>\u00c0 Strasbourg, dans le d\u00e9partement du Bas-Rhin, la tour \u00c9mergence sera construite dans le quartier de la Citadelle, avec des travaux pr\u00e9vus de 2026 \u00e0 2028.<\/p>\n<p class=\"c-paragraph\">Dans le quartier de la Citadelle \u00e0 Strasbourg, le projet de la tour \u00c9mergence s\u2019inscrit dans la transformation progressive de ce secteur urbain. Situ\u00e9 au pied du pont Andr\u00e9 Bord, l\u2019immeuble atteindra 66 m\u00e8tres de hauteur et comprendra 18 \u00e9tages. Port\u00e9e par le promoteur 3B, l\u2019op\u00e9ration pr\u00e9voit le d\u00e9but des travaux au cours de l\u2019ann\u00e9e 2026, pour une livraison annonc\u00e9e \u00e0 l\u2019horizon 2028.<\/p>\n<p class=\"c-paragraph\">La conception architecturale est assur\u00e9e par les agences Oslo Architectes et KCAP. La tour adopte une silhouette \u00e9lanc\u00e9e, inspir\u00e9e des b\u00e2timents de type flatiron, avec une \u00e9criture facett\u00e9e. Cette approche vise \u00e0 garantir une insertion ma\u00eetris\u00e9e dans le tissu urbain existant tout en offrant une ouverture visuelle vers la ville et les paysages environnants, dans un contexte de recomposition du quartier.<\/p>\n<p class=\"c-paragraph\">Le programme associe plusieurs fonctions r\u00e9sidentielles. Les niveaux inf\u00e9rieurs accueilleront une r\u00e9sidence \u00e9tudiante compos\u00e9e de 51 studios, tandis que les \u00e9tages sup\u00e9rieurs proposeront 62 logements en accession libre. Des espaces collectifs, incluant notamment un espace de coworking et une salle de sport, viendront compl\u00e9ter l\u2019ensemble et soutenir l\u2019\u00e9mergence d\u2019un nouveau p\u00f4le de vie.<\/p>\n<p class=\"c-paragraph\">LeMoniteur.fr<\/p>\n","protected":false},"excerpt":{"rendered":"\u00c0 Strasbourg, dans le d\u00e9partement du Bas-Rhin, la tour \u00c9mergence sera construite dans le quartier de la Citadelle,&hellip;\n","protected":false},"author":2,"featured_media":667388,"comment_status":"","ping_status":"","sticky":false,"template":"","format":"standard","meta":{"footnotes":"","_share_on_mastodon":"0"},"categories":[2820],"tags":[1111,11,2649,1777,674,1011,27,775,12,25,640,7333],"class_list":["post-717225","post","type-post","status-publish","format-standard","has-post-thumbnail","category-strasbourg","tag-actu","tag-actualites","tag-bas-rhin","tag-eu","tag-europe","tag-fr","tag-france","tag-grand-est","tag-news","tag-republique-francaise","tag-strasbourg","tag-vie-du-btp"],"share_on_mastodon":{"url":"https:\/\/pubeurope.com\/@fr\/116027464339710918","error":""},"_links":{"self":[{"href":"https:\/\/www.europesays.com\/fr\/wp-json\/wp\/v2\/posts\/717225","targetHints":{"allow":["GET"]}}],"collection":[{"href":"https:\/\/www.europesays.com\/fr\/wp-json\/wp\/v2\/posts"}],"about":[{"href":"https:\/\/www.europesays.com\/fr\/wp-json\/wp\/v2\/types\/post"}],"author":[{"embeddable":true,"href":"https:\/\/www.europesays.com\/fr\/wp-json\/wp\/v2\/users\/2"}],"replies":[{"embeddable":true,"href":"https:\/\/www.europesays.com\/fr\/wp-json\/wp\/v2\/comments?post=717225"}],"version-history":[{"count":0,"href":"https:\/\/www.europesays.com\/fr\/wp-json\/wp\/v2\/posts\/717225\/revisions"}],"wp:featuredmedia":[{"embeddable":true,"href":"https:\/\/www.europesays.com\/fr\/wp-json\/wp\/v2\/media\/667388"}],"wp:attachment":[{"href":"https:\/\/www.europesays.com\/fr\/wp-json\/wp\/v2\/media?parent=717225"}],"wp:term":[{"taxonomy":"category","embeddable":true,"href":"https:\/\/www.europesays.com\/fr\/wp-json\/wp\/v2\/categories?post=717225"},{"taxonomy":"post_tag","embeddable":true,"href":"https:\/\/www.europesays.com\/fr\/wp-json\/wp\/v2\/tags?post=717225"}],"curies":[{"name":"wp","href":"https:\/\/api.w.org\/{rel}","templated":true}]}}