{"id":717414,"date":"2026-02-07T06:31:15","date_gmt":"2026-02-07T06:31:15","guid":{"rendered":"https:\/\/www.europesays.com\/fr\/717414\/"},"modified":"2026-02-07T06:31:15","modified_gmt":"2026-02-07T06:31:15","slug":"un-camion-heurte-un-pont-et-interrompt-le-trafic-ferroviaire","status":"publish","type":"post","link":"https:\/\/www.europesays.com\/fr\/717414\/","title":{"rendered":"un camion heurte un pont et interrompt le trafic ferroviaire"},"content":{"rendered":"<p>L\u2019image fournie par un automobiliste \u00e0 la <a target=\"_blank\" href=\"https:\/\/www.facebook.com\/AlerteRadars86?locale=fr_FR\" rel=\"nofollow noopener\">page Facebook Info Radar 86<\/a> est impressionnante\u00a0: un camion, qui transportait une pelleteuse de 25 tonnes, est venu s\u2019encastrer sous un pont sur la N10, vendredi 6\u00a0f\u00e9vrier vers 19\u00a0h dans le sens sud-nord.<\/p>\n<p><img alt=\"La pelleteuse de 25 tonnes est \u00e0 l'\u00e9tat d'\u00e9pave apr\u00e8s le choc.\" loading=\"lazy\" width=\"980\" height=\"573\" decoding=\"async\" data-nimg=\"1\" class=\"img-responsive spinner-show \" style=\"color:transparent;background-size:cover;background-position:50% 50%;background-repeat:no-repeat;background-image:url(&quot;data:image\/svg+xml;charset=utf-8,%3Csvg xmlns='http:\/\/www.w3.org\/2000\/svg' viewBox='0 0 980 573'%3E%3Cfilter id='b' color-interpolation-filters='sRGB'%3E%3CfeGaussianBlur stdDeviation='20'\/%3E%3CfeColorMatrix values='1 0 0 0 0 0 1 0 0 0 0 0 1 0 0 0 0 0 100 -1' result='s'\/%3E%3CfeFlood x='0' y='0' width='100%25' height='100%25'\/%3E%3CfeComposite operator='out' in='s'\/%3E%3CfeComposite in2='SourceGraphic'\/%3E%3CfeGaussianBlur stdDeviation='20'\/%3E%3C\/filter%3E%3Cimage width='100%25' height='100%25' x='0' y='0' preserveAspectRatio='none' style='filter: url(%23b);' href='https:\/\/images.lanouvellerepublique.fr\/image\/upload\/t_88w\/f_auto\/69866e88d61b3972068b4578.jpg'\/%3E%3C\/svg%3E&quot;)\"   src=\"https:\/\/www.europesays.com\/fr\/wp-content\/uploads\/2026\/02\/69866e88d61b3972068b4578.jpg\"\/><\/p>\n<p style=\"background-color:#F2F2F2;padding:5px;margin-top:0px;margin-bottom:10px\">La pelleteuse de 25 tonnes est \u00e0 l&rsquo;\u00e9tat d&rsquo;\u00e9pave apr\u00e8s le choc.<br \/> \u00a9 Xavier Benoit<\/p>\n<p>Le chauffeur n\u2019a pas \u00e9t\u00e9 bless\u00e9. Cependant, en sens inverse, un second accident a impliqu\u00e9 trois v\u00e9hicules venus heurter un bloc de b\u00e9ton tomb\u00e9 sur la chauss\u00e9e \u00e0 cause du premier choc. Sur les six personnes impliqu\u00e9es, trois ont \u00e9t\u00e9 l\u00e9g\u00e8rement bless\u00e9es et ont d\u00fb \u00eatre transport\u00e9es \u00e0 l\u2019h\u00f4pital. Une vingtaine de pompiers ont \u00e9t\u00e9 mobilis\u00e9s.<\/p>\n<p><img alt=\"La N10 est coup\u00e9e dans le sens Angoul\u00eame Poitiers, entre les sorties Iteuil et Fontaine-le-Comte.\" loading=\"lazy\" width=\"980\" height=\"573\" decoding=\"async\" data-nimg=\"1\" class=\"img-responsive spinner-show \" style=\"color:transparent;background-size:cover;background-position:50% 50%;background-repeat:no-repeat;background-image:url(&quot;data:image\/svg+xml;charset=utf-8,%3Csvg xmlns='http:\/\/www.w3.org\/2000\/svg' viewBox='0 0 980 573'%3E%3Cfilter id='b' color-interpolation-filters='sRGB'%3E%3CfeGaussianBlur stdDeviation='20'\/%3E%3CfeColorMatrix values='1 0 0 0 0 0 1 0 0 0 0 0 1 0 0 0 0 0 100 -1' result='s'\/%3E%3CfeFlood x='0' y='0' width='100%25' height='100%25'\/%3E%3CfeComposite operator='out' in='s'\/%3E%3CfeComposite in2='SourceGraphic'\/%3E%3CfeGaussianBlur stdDeviation='20'\/%3E%3C\/filter%3E%3Cimage width='100%25' height='100%25' x='0' y='0' preserveAspectRatio='none' style='filter: url(%23b);' href='https:\/\/images.lanouvellerepublique.fr\/image\/upload\/t_88w\/f_auto\/69866e88359435493d8b45bf.jpg'\/%3E%3C\/svg%3E&quot;)\"   src=\"https:\/\/www.europesays.com\/fr\/wp-content\/uploads\/2026\/02\/69866e88359435493d8b45bf.jpg\"\/><\/p>\n<p style=\"background-color:#F2F2F2;padding:5px;margin-top:0px;margin-bottom:10px\">La N10 est coup\u00e9e dans le sens Angoul\u00eame Poitiers, entre les sorties Iteuil et Fontaine-le-Comte.<br \/> \u00a9 Xavier Benoit<\/p>\n<p>Ces deux accidents ont entra\u00een\u00e9 de grosses difficult\u00e9s de circulation puisque la N10 est coup\u00e9e dans les deux sens, reportant notamment la circulation sur le village de Virolet, \u00e0 Ligug\u00e9. Des d\u00e9viations ont \u00e9t\u00e9 mises en place.<\/p>\n<p>Mais le trafic ferroviaire est \u00e9galement fortement impact\u00e9 puisque le pont endommag\u00e9 est celui sur lequel passe la voie ferr\u00e9e.<\/p>\n<p><img alt=\"La structure en b\u00e9ton du pont de chemin de fer a \u00e9t\u00e9 s\u00e9rieusement endommag\u00e9e par le choc par le bras de la pelleteuse.\" loading=\"lazy\" width=\"980\" height=\"573\" decoding=\"async\" data-nimg=\"1\" class=\"img-responsive spinner-show \" style=\"color:transparent;background-size:cover;background-position:50% 50%;background-repeat:no-repeat;background-image:url(&quot;data:image\/svg+xml;charset=utf-8,%3Csvg xmlns='http:\/\/www.w3.org\/2000\/svg' viewBox='0 0 980 573'%3E%3Cfilter id='b' color-interpolation-filters='sRGB'%3E%3CfeGaussianBlur stdDeviation='20'\/%3E%3CfeColorMatrix values='1 0 0 0 0 0 1 0 0 0 0 0 1 0 0 0 0 0 100 -1' result='s'\/%3E%3CfeFlood x='0' y='0' width='100%25' height='100%25'\/%3E%3CfeComposite operator='out' in='s'\/%3E%3CfeComposite in2='SourceGraphic'\/%3E%3CfeGaussianBlur stdDeviation='20'\/%3E%3C\/filter%3E%3Cimage width='100%25' height='100%25' x='0' y='0' preserveAspectRatio='none' style='filter: url(%23b);' href='https:\/\/images.lanouvellerepublique.fr\/image\/upload\/t_88w\/f_auto\/69866e885a9689af608b45ba.jpg'\/%3E%3C\/svg%3E&quot;)\"   src=\"https:\/\/www.europesays.com\/fr\/wp-content\/uploads\/2026\/02\/69866e885a9689af608b45ba.jpg\"\/><\/p>\n<p style=\"background-color:#F2F2F2;padding:5px;margin-top:0px;margin-bottom:10px\">La structure en b\u00e9ton du pont de chemin de fer a \u00e9t\u00e9 s\u00e9rieusement endommag\u00e9e par le choc par le bras de la pelleteuse.<br \/> \u00a9 Xavier Benoit<\/p>\n<p>Nombreux d\u00e9bris sur la voie<\/p>\n<p>\u00c0 21\u00a0h\u00a030, \u00e0 l\u2019arriv\u00e9e en gare de Poitiers, deux TER en provenance de La\u00a0Rochelle affichaient d\u00e9j\u00e0 plus de 2\u00a0h\u00a030 de retard et deux TGV \u00e9taient supprim\u00e9s \u00e0 destination de Paris et de la Charente-Maritime. \u00ab\u00a0Nos \u00e9quipes sont sur place afin d\u2019\u00e9valuer les d\u00e9g\u00e2ts\u00a0\u00bb, a indiqu\u00e9\u00a0dans la soir\u00e9e l\u2019astreinte communication de SNCF r\u00e9seaux.<\/p>\n<p><a target=\"_blank\" href=\"https:\/\/www.facebook.com\/Prefet86?locale=fr_FR\" rel=\"nofollow noopener\">\u00c0 22\u00a0h, la pr\u00e9fecture la Vienne pr\u00e9cisait sur Facebook<\/a> que deux trains \u00e9taient \u00e0 l\u2019arr\u00eat avec des passagers \u00e0 bord, \u00ab\u00a0en s\u00e9curit\u00e9\u00a0\u00bb\u00a0: \u00ab\u00a0Les \u00e9quipes de la SNCF, des sapeurs-pompiers et les services de la pr\u00e9fecture de la Vienne sont pleinement mobilis\u00e9s afin d\u2019assurer l\u2019\u00e9vacuation et le rapatriement des passagers dans les meilleures conditions et les meilleurs d\u00e9lais.\u00a0\u00bb<\/p>\n<p><img alt=\"De nombreux d\u00e9bris sont pr\u00e9sents sur les voies, rendant impossible la circulation des trains.\" loading=\"lazy\" width=\"980\" height=\"573\" decoding=\"async\" data-nimg=\"1\" class=\"img-responsive spinner-show \" style=\"color:transparent;background-size:cover;background-position:50% 50%;background-repeat:no-repeat;background-image:url(&quot;data:image\/svg+xml;charset=utf-8,%3Csvg xmlns='http:\/\/www.w3.org\/2000\/svg' viewBox='0 0 980 573'%3E%3Cfilter id='b' color-interpolation-filters='sRGB'%3E%3CfeGaussianBlur stdDeviation='20'\/%3E%3CfeColorMatrix values='1 0 0 0 0 0 1 0 0 0 0 0 1 0 0 0 0 0 100 -1' result='s'\/%3E%3CfeFlood x='0' y='0' width='100%25' height='100%25'\/%3E%3CfeComposite operator='out' in='s'\/%3E%3CfeComposite in2='SourceGraphic'\/%3E%3CfeGaussianBlur stdDeviation='20'\/%3E%3C\/filter%3E%3Cimage width='100%25' height='100%25' x='0' y='0' preserveAspectRatio='none' style='filter: url(%23b);' href='https:\/\/images.lanouvellerepublique.fr\/image\/upload\/t_88w\/f_auto\/698653fe359435de5d8b4583.jpg'\/%3E%3C\/svg%3E&quot;)\"   src=\"https:\/\/www.europesays.com\/fr\/wp-content\/uploads\/2026\/02\/698653fe359435de5d8b4583.jpg\"\/><\/p>\n<p style=\"background-color:#F2F2F2;padding:5px;margin-top:0px;margin-bottom:10px\">De nombreux d\u00e9bris sont pr\u00e9sents sur les voies, rendant impossible la circulation des trains.<br \/> \u00a9 (Photo SNCF)<\/p>\n<p>De nombreux d\u00e9bris sont pr\u00e9sents sur la voie et \u00e0 proximit\u00e9 et aucune circulation n\u2019est possible. \u00ab\u00a0Pour l\u2019heure, il n\u2019y a pas de reprise estim\u00e9e de la circulation des trains\u00a0\u00bb, a pr\u00e9cis\u00e9 la SNCF.<\/p>\n","protected":false},"excerpt":{"rendered":"L\u2019image fournie par un automobiliste \u00e0 la page Facebook Info Radar 86 est impressionnante\u00a0: un camion, qui transportait&hellip;\n","protected":false},"author":2,"featured_media":717415,"comment_status":"","ping_status":"","sticky":false,"template":"","format":"standard","meta":{"footnotes":"","_share_on_mastodon":"0"},"categories":[4],"tags":[328,1392,3085,11,3542,274,6069,1011,27,3381,80863,12,1653,1311,25,2215,800,1584],"class_list":["post-717414","post","type-post","status-publish","format-standard","has-post-thumbnail","category-france","tag-a-la-une","tag-a-la-une-local","tag-accidents","tag-actualites","tag-circulation","tag-faits-divers-justice","tag-fontaine-le-comte","tag-fr","tag-france","tag-gendarmerie","tag-liguge","tag-news","tag-poitiers","tag-pompiers","tag-republique-francaise","tag-sncf","tag-transports","tag-vienne"],"share_on_mastodon":{"url":"https:\/\/pubeurope.com\/@fr\/116027948182447778","error":""},"_links":{"self":[{"href":"https:\/\/www.europesays.com\/fr\/wp-json\/wp\/v2\/posts\/717414","targetHints":{"allow":["GET"]}}],"collection":[{"href":"https:\/\/www.europesays.com\/fr\/wp-json\/wp\/v2\/posts"}],"about":[{"href":"https:\/\/www.europesays.com\/fr\/wp-json\/wp\/v2\/types\/post"}],"author":[{"embeddable":true,"href":"https:\/\/www.europesays.com\/fr\/wp-json\/wp\/v2\/users\/2"}],"replies":[{"embeddable":true,"href":"https:\/\/www.europesays.com\/fr\/wp-json\/wp\/v2\/comments?post=717414"}],"version-history":[{"count":0,"href":"https:\/\/www.europesays.com\/fr\/wp-json\/wp\/v2\/posts\/717414\/revisions"}],"wp:featuredmedia":[{"embeddable":true,"href":"https:\/\/www.europesays.com\/fr\/wp-json\/wp\/v2\/media\/717415"}],"wp:attachment":[{"href":"https:\/\/www.europesays.com\/fr\/wp-json\/wp\/v2\/media?parent=717414"}],"wp:term":[{"taxonomy":"category","embeddable":true,"href":"https:\/\/www.europesays.com\/fr\/wp-json\/wp\/v2\/categories?post=717414"},{"taxonomy":"post_tag","embeddable":true,"href":"https:\/\/www.europesays.com\/fr\/wp-json\/wp\/v2\/tags?post=717414"}],"curies":[{"name":"wp","href":"https:\/\/api.w.org\/{rel}","templated":true}]}}