{"id":71756,"date":"2025-05-03T12:22:08","date_gmt":"2025-05-03T12:22:08","guid":{"rendered":"https:\/\/www.europesays.com\/fr\/71756\/"},"modified":"2025-05-03T12:22:08","modified_gmt":"2025-05-03T12:22:08","slug":"motogp-emilio-alzamora-revele-le-nom-du-veritable-adversaire-de-marc-marquez","status":"publish","type":"post","link":"https:\/\/www.europesays.com\/fr\/71756\/","title":{"rendered":"MotoGP, Emilio Alzamora\u00a0r\u00e9v\u00e8le le nom du v\u00e9ritable adversaire de Marc Marquez"},"content":{"rendered":"<p><strong>Personne ne conna\u00eet mieux les fr\u00e8res Marquez qu\u2019Emilio<br \/>\nAlzamora, qui fut leur manager pendant pr\u00e8s de 20 ans. M\u00eame s\u2019il se<br \/>\nsont s\u00e9par\u00e9s en 2022, le champion du monde 125cc 1999 n\u2019a rien<br \/>\nperdu de son expertise au moment d\u2019\u00e9voquer le sort de ses deux<br \/>\nanciens prot\u00e9g\u00e9s, aujourd\u2019hui aux deux premi\u00e8res places du<br \/>\nchampionnat MotoGP. Alzamora a d\u00e9j\u00e0 son pronostic quant \u00e0 l\u2019issue<br \/>\nde cette saison, m\u00eame s\u2019il est \u00e9videmment un peu<br \/>\nbiais\u00e9.<\/strong><\/p>\n<p>Celui qui est parfois consid\u00e9r\u00e9 comme le \u00ab\u00a0troisi\u00e8me fr\u00e8re<br \/>\nMarquez\u00a0\u00bb s\u2019est longuement confi\u00e9 \u00e0 <a href=\"https:\/\/www.gpone.com\/it\/category\/motogp\" target=\"_blank\" rel=\"noopener nofollow\">GPOne<\/a> \u00e0 propos des performances des deux frangins.<br \/>\nIls ne travaillent plus ensemble, mais Emilio n\u2019a rien perdu de<br \/>\nl\u2019admiration qu\u2019il leur voue. \u00ab\u00a0C\u2019est un r\u00eave devenu<br \/>\nr\u00e9alit\u00e9. <strong>Je suis avec eux depuis longtemps et je leur<br \/>\nsouhaite le meilleur<\/strong>. Voir Marc dominer et rouler comme \u00e7a<br \/>\napr\u00e8s tout ce qui lui est arriv\u00e9 est incroyable. C\u2019est un bosseur,<br \/>\nhumble, <strong>qui prend des risques et qui a des valeurs qui le<br \/>\nrendent unique<\/strong>\u00a0\u00bb affirmait l\u2019Espagnol.<\/p>\n<p>\u00a0<\/p>\n<p>\u00a0<\/p>\n<p>Alzamora s\u2019est essay\u00e9 \u00e0 l\u2019exercice des pronostics, et r\u00e9v\u00e8le,<br \/>\npar la m\u00eame occasion, <strong><a href=\"https:\/\/www.paddock-gp.com\/parlons-motogp-voici-pourquoi-cette-chute-de-marc-marquez-est-plus-grave-que-celle-daustin\/\" target=\"_blank\" rel=\"noopener nofollow\">le nom du seul pilote qui peut<br \/>\nbattre Marc Marquez\u00a0: lui-m\u00eame<\/a><\/strong>.<br \/>\n\u00ab\u00a0<strong>Le v\u00e9ritable rival de Marc, c\u2019est lui<\/strong>.<br \/>\nOui, certaines erreurs ont aussi un impact, mais pour \u00eatre champion<br \/>\ndu monde, il faut \u00eatre rapide et prendre des risques. C\u2019est une<br \/>\nbonne chose que ces erreurs arrivent maintenant. Je pense quand<br \/>\nm\u00eame que la couronne reviendra \u00e0 Marc Marquez. <strong>Aujourd\u2019hui,<br \/>\nles deux fr\u00e8res ont une longueur d\u2019avance sur tout le<br \/>\nmonde<\/strong>\u00a0\u00bb ajoutait-il.<\/p>\n<p>Il eut aussi un mot gentil pour Alex Marquez, avec qui il a<br \/>\ngagn\u00e9 deux titres de champion du monde en tant que manager, en 2014<br \/>\nen Moto3, puis en 2019 en Moto2. \u00ab\u00a0Je l\u2019ai aussi suivi<br \/>\ndepuis le d\u00e9but. <strong>Nous avions des projets pour lui et j\u2019ai<br \/>\ntoujours affirm\u00e9 qu\u2019il \u00e9tait un v\u00e9ritable passionn\u00e9 et qu\u2019une fois<br \/>\n\u00e9panoui, il serait tr\u00e8s comp\u00e9titif<\/strong>. Je suis tr\u00e8s heureux<br \/>\nde l\u2019avoir vu triompher \u00e0 Jerez. C\u2019est un exemple\u00a0\u00bb<br \/>\nconcluait-il.<\/p>\n<p>Partagez-vous les propos d\u2019Emilio Alzamora\u00a0?<br \/>\n<strong>Dites-le-nous en commentaires\u00a0!<\/strong><\/p>\n<p>\u00a0<\/p>\n<p><img loading=\"lazy\" decoding=\"async\" class=\"aligncenter size-full wp-image-664742\" src=\"https:\/\/www.europesays.com\/fr\/wp-content\/uploads\/2025\/05\/EmilioAlzamora2.jpg\" alt=\"\" width=\"598\" height=\"399\"  \/><\/p>\n<p>\u00a0<\/p>\n<p>Photo de couverture : Michelin Motorsport<\/p>\n","protected":false},"excerpt":{"rendered":"Personne ne conna\u00eet mieux les fr\u00e8res Marquez qu\u2019Emilio Alzamora, qui fut leur manager pendant pr\u00e8s de 20 ans.&hellip;\n","protected":false},"author":2,"featured_media":71757,"comment_status":"","ping_status":"","sticky":false,"template":"","format":"standard","meta":{"footnotes":""},"categories":[1413],"tags":[1011,27,1457,1456,60],"class_list":{"0":"post-71756","1":"post","2":"type-post","3":"status-publish","4":"format-standard","5":"has-post-thumbnail","7":"category-moto","8":"tag-fr","9":"tag-france","10":"tag-moto","11":"tag-motocycle","12":"tag-sports"},"share_on_mastodon":{"url":"https:\/\/pubeurope.com\/@fr\/114443881276515705","error":""},"_links":{"self":[{"href":"https:\/\/www.europesays.com\/fr\/wp-json\/wp\/v2\/posts\/71756","targetHints":{"allow":["GET"]}}],"collection":[{"href":"https:\/\/www.europesays.com\/fr\/wp-json\/wp\/v2\/posts"}],"about":[{"href":"https:\/\/www.europesays.com\/fr\/wp-json\/wp\/v2\/types\/post"}],"author":[{"embeddable":true,"href":"https:\/\/www.europesays.com\/fr\/wp-json\/wp\/v2\/users\/2"}],"replies":[{"embeddable":true,"href":"https:\/\/www.europesays.com\/fr\/wp-json\/wp\/v2\/comments?post=71756"}],"version-history":[{"count":0,"href":"https:\/\/www.europesays.com\/fr\/wp-json\/wp\/v2\/posts\/71756\/revisions"}],"wp:featuredmedia":[{"embeddable":true,"href":"https:\/\/www.europesays.com\/fr\/wp-json\/wp\/v2\/media\/71757"}],"wp:attachment":[{"href":"https:\/\/www.europesays.com\/fr\/wp-json\/wp\/v2\/media?parent=71756"}],"wp:term":[{"taxonomy":"category","embeddable":true,"href":"https:\/\/www.europesays.com\/fr\/wp-json\/wp\/v2\/categories?post=71756"},{"taxonomy":"post_tag","embeddable":true,"href":"https:\/\/www.europesays.com\/fr\/wp-json\/wp\/v2\/tags?post=71756"}],"curies":[{"name":"wp","href":"https:\/\/api.w.org\/{rel}","templated":true}]}}