{"id":71758,"date":"2025-05-03T12:23:09","date_gmt":"2025-05-03T12:23:09","guid":{"rendered":"https:\/\/www.europesays.com\/fr\/71758\/"},"modified":"2025-05-03T12:23:09","modified_gmt":"2025-05-03T12:23:09","slug":"alonso-a-pu-echanger-avec-newey-sur-lavenir-daston-martin","status":"publish","type":"post","link":"https:\/\/www.europesays.com\/fr\/71758\/","title":{"rendered":"Alonso a pu \u00e9changer avec Newey sur l&rsquo;avenir d&rsquo;Aston Martin"},"content":{"rendered":"<p>Pour la premi\u00e8re fois depuis bient\u00f4t dix ans et ses ann\u00e9es compliqu\u00e9es avec <a href=\"https:\/\/fr.motorsport.com\/team\/mclaren\/609\/\" target=\"_blank\" rel=\"noopener\">McLaren<\/a> et Honda, <a href=\"https:\/\/fr.motorsport.com\/driver\/fernando-alonso\/76096\/\" target=\"_blank\" rel=\"noopener\">Fernando Alonso<\/a> aborde le sixi\u00e8me Grand Prix de la saison <a href=\"https:\/\/fr.motorsport.com\/f1\/standings\/2025\/\" target=\"_self\" rel=\"noopener\">sans le moindre point au compteur<\/a>. La saison 2025 d&rsquo;<a href=\"https:\/\/fr.motorsport.com\/team\/aston-martin\/806\/\" target=\"_blank\" rel=\"noopener\">Aston Martin<\/a> prend pour le moment un chemin plut\u00f4t p\u00e9nible, confortant vraisemblablement l&rsquo;\u00e9curie anglaise dans sa volont\u00e9 de tout miser sur le tournant r\u00e9glementaire de 2026.<\/p>\n<p>Pour ce faire, le campus dernier cri de Silverstone a accueilli d\u00e9but mars sa recrue vedette Adrian Newey. L&rsquo;ing\u00e9nieur qui a fait les beaux jours de <a href=\"https:\/\/fr.motorsport.com\/team\/williams\/613\/\" target=\"_blank\" rel=\"noopener\">Williams<\/a>, McLaren et <a href=\"https:\/\/fr.motorsport.com\/team\/red-bull\/553\/\" target=\"_blank\" rel=\"noopener\">Red Bull<\/a> se concentre uniquement sur la monoplace de la saison prochaine, sans se soucier de l&rsquo;actuelle AMR25. Il y a quelques jours, Fernando Alonso a pu aborder l&rsquo;avenir pour la premi\u00e8re fois avec le leader du projet technique de l&rsquo;\u00e9curie. De quoi lui redonner confiance dans cette p\u00e9riode morose\u00a0?<\/p>\n<p>\u00ab\u00a0Pas vraiment, je pense que je n&rsquo;ai jamais perdu confiance, je ne suis pas trop inquiet pour les ann\u00e9es \u00e0 venir\u00a0\u00bb, assure-t-il. \u00ab\u00a0Je pense que cette saison est simplement la continuit\u00e9 de certains probl\u00e8mes qu&rsquo;on avait d\u00e9j\u00e0 identifi\u00e9s lors des deux derni\u00e8res saisons, et que l&rsquo;on n&rsquo;a pas r\u00e9ussi \u00e0 surmonter. Pour l&rsquo;ann\u00e9e prochaine, avec le changement de r\u00e8glement et l&rsquo;arriv\u00e9e d&rsquo;Adrian, je pense que rien de la voiture de cette ann\u00e9e ne sera repris. Ce sera une remise \u00e0 z\u00e9ro compl\u00e8te, donc je ne suis pas trop pr\u00e9occup\u00e9.\u00a0\u00bb<\/p>\n<p>\u00ab\u00a0Et pour cette saison, je pense que la solution n&rsquo;est pas simple, il n&rsquo;y a rien que l&rsquo;on puisse faire du jour au lendemain. Je suis all\u00e9 \u00e0 l&rsquo;usine, j&rsquo;ai d\u00e9jeun\u00e9 avec Adrian, on a discut\u00e9 un peu, mais pas vraiment en d\u00e9tail sur cette ann\u00e9e. C&rsquo;\u00e9tait plut\u00f4t une discussion g\u00e9n\u00e9rale sur l&rsquo;\u00e9quipe, sur ses premi\u00e8res impressions chez Aston, et sur les changements possibles pour un meilleur avenir, gr\u00e2ce \u00e0 son exp\u00e9rience et \u00e0 sa vision. C&rsquo;est toujours passionnant de discuter avec lui, et de pouvoir enfin travailler \u00e0 ses c\u00f4t\u00e9s, donc c&rsquo;\u00e9tait une belle journ\u00e9e.\u00a0\u00bb<\/p>\n<p>   <img decoding=\"async\" draggable=\"false\" src=\"https:\/\/www.europesays.com\/fr\/wp-content\/uploads\/2025\/05\/fernando-alonso-aston-martin-r.jpg\" alt=\"La saison 2025 d'Aston Martin est pour le moment compliqu\u00e9e...\" width=\"1200\" height=\"800\" loading=\"lazy\"\/> <\/p>\n<p class=\"title\">La saison 2025 d&rsquo;Aston Martin est pour le moment compliqu\u00e9e&#8230;<\/p>\n<p class=\"photographer\">Photo de: Zak Mauger \/ Motorsport Images<\/p>\n<p>Malgr\u00e9 sa soif de r\u00e9sultats, Fernando Alonso comprend parfaitement le fait qu&rsquo;Adrian Newey ne soit pas appel\u00e9 \u00e0 tenter d&rsquo;am\u00e9liorer les choses sur sa monoplace actuelle. L&rsquo;Espagnol fait le dos rond en gardant comme conviction l&rsquo;arriv\u00e9e de jours meilleurs.<\/p>\n<p>\u00ab\u00a0Je n&rsquo;ai ni l&rsquo;expertise ni l&rsquo;exp\u00e9rience qu&rsquo;il a en conception de voitures, donc je ne sais pas vraiment combien \u00e7a demande ni combien de temps il doit y consacrer\u00a0\u00bb, explique le double champion du monde. \u00ab\u00a0Je pense qu&rsquo;il aurait sans doute pr\u00e9f\u00e9r\u00e9 rejoindre l&rsquo;\u00e9quipe il y a un an, pour pouvoir commencer \u00e0 travailler sur 2026. Donc m\u00eame pour le projet 2026, je suis s\u00fbr qu&rsquo;il consid\u00e8re que c&rsquo;est d\u00e9j\u00e0 un peu tard.\u00a0\u00bb<\/p>\n<p>\u00ab\u00a0Je comprends donc parfaitement qu&rsquo;il doive se concentrer uniquement sur la voiture de l&rsquo;an prochain. Celle de cette ann\u00e9e, ce n&rsquo;est pas lui qui l&rsquo;a con\u00e7ue, il n&rsquo;y a pas touch\u00e9, donc je ne pense pas que ce soit \u00e0 lui de la corriger.\u00a0\u00bb<\/p>\n<p>Lire aussi :<\/p>\n<p>Dans cet article<\/p>\n<p>    Basile Davoine\n<\/p>\n<p>    Formule 1\n<\/p>\n<p>    Fernando Alonso\n<\/p>\n<p>    Aston Martin\n<\/p>\n<p>Soyez le premier inform\u00e9 et souscrivez aux alertes mails pour recevoir les infos en temps r\u00e9el<\/p>\n<p>    S&rsquo;abonner aux alertes de news<\/p>\n","protected":false},"excerpt":{"rendered":"Pour la premi\u00e8re fois depuis bient\u00f4t dix ans et ses ann\u00e9es compliqu\u00e9es avec McLaren et Honda, Fernando Alonso&hellip;\n","protected":false},"author":2,"featured_media":71759,"comment_status":"","ping_status":"","sticky":false,"template":"","format":"standard","meta":{"footnotes":""},"categories":[1412],"tags":[17443,1709,1451,1710,1452,1453,1454,1455,1011,27,60],"class_list":{"0":"post-71758","1":"post","2":"type-post","3":"status-publish","4":"format-standard","5":"has-post-thumbnail","7":"category-f1","8":"tag-adrian-newey","9":"tag-aston-martin","10":"tag-f1","11":"tag-fernando-alonso","12":"tag-formula-1","13":"tag-formula1","14":"tag-formule-1","15":"tag-formule1","16":"tag-fr","17":"tag-france","18":"tag-sports"},"share_on_mastodon":{"url":"https:\/\/pubeurope.com\/@fr\/114443885227344144","error":""},"_links":{"self":[{"href":"https:\/\/www.europesays.com\/fr\/wp-json\/wp\/v2\/posts\/71758","targetHints":{"allow":["GET"]}}],"collection":[{"href":"https:\/\/www.europesays.com\/fr\/wp-json\/wp\/v2\/posts"}],"about":[{"href":"https:\/\/www.europesays.com\/fr\/wp-json\/wp\/v2\/types\/post"}],"author":[{"embeddable":true,"href":"https:\/\/www.europesays.com\/fr\/wp-json\/wp\/v2\/users\/2"}],"replies":[{"embeddable":true,"href":"https:\/\/www.europesays.com\/fr\/wp-json\/wp\/v2\/comments?post=71758"}],"version-history":[{"count":0,"href":"https:\/\/www.europesays.com\/fr\/wp-json\/wp\/v2\/posts\/71758\/revisions"}],"wp:featuredmedia":[{"embeddable":true,"href":"https:\/\/www.europesays.com\/fr\/wp-json\/wp\/v2\/media\/71759"}],"wp:attachment":[{"href":"https:\/\/www.europesays.com\/fr\/wp-json\/wp\/v2\/media?parent=71758"}],"wp:term":[{"taxonomy":"category","embeddable":true,"href":"https:\/\/www.europesays.com\/fr\/wp-json\/wp\/v2\/categories?post=71758"},{"taxonomy":"post_tag","embeddable":true,"href":"https:\/\/www.europesays.com\/fr\/wp-json\/wp\/v2\/tags?post=71758"}],"curies":[{"name":"wp","href":"https:\/\/api.w.org\/{rel}","templated":true}]}}