{"id":71760,"date":"2025-05-03T12:24:08","date_gmt":"2025-05-03T12:24:08","guid":{"rendered":"https:\/\/www.europesays.com\/fr\/71760\/"},"modified":"2025-05-03T12:24:08","modified_gmt":"2025-05-03T12:24:08","slug":"jean-louis-le-ny-plutot-une-bonne-semaine-actualite","status":"publish","type":"post","link":"https:\/\/www.europesays.com\/fr\/71760\/","title":{"rendered":"Jean-Louis Le Ny : \u00ab Plut\u00f4t une bonne semaine \u00bb &#8211; Actualit\u00e9"},"content":{"rendered":"<p style=\"text-align: justify;\"><strong>10e au classement g\u00e9n\u00e9ral avant la derni\u00e8re \u00e9tape du Tour de Bretagne, Jean-Louis Le Ny est sorti du Top 10, ce jeudi, apr\u00e8s l\u2019arriv\u00e9e finale \u00e0 Planco\u00ebt (<a href=\"https:\/\/www.directvelo.com\/actualite\/120153\/tour-de-bretagne-et-7-classements\" target=\"_blank\" rel=\"noopener\">voir ici<\/a>). \u00c0 l\u2019offensive dans le circuit final, le pensionnaire du VC Rouen 76 a malgr\u00e9 tout perdu une place, au profit d\u2019Alessandro Borgo (Bahrain Victorious DT), 3e du sprint. Le vainqueur de l\u2019\u00e9preuve en 2021 et 4e en 2022 revient pour DirectVelo sur sa performance et sa course.<\/strong><\/p>\n<p style=\"text-align: justify;\"><strong>DirectVelo : Tu termines juste en dehors du Top 10 sur ce Tour de Bretagne. Quel est le sentiment qui t\u2019anime ?<\/strong> <br \/>Jean-Louis Le Ny : On va dire que c&rsquo;est quand m\u00eame positif. Pour l&rsquo;\u00e9quipe, on a une victoire d&rsquo;\u00e9tape (avec son co\u00e9quipier Ilan Larmet, <strong><a href=\"https:\/\/www.directvelo.com\/actualite\/120207\/ilan-larmet-le-tour-de-bretagne-cest-un-reve\" target=\"_blank\" rel=\"noopener\">lire ici<\/a><\/strong>). On est tout proche du Top 10 au g\u00e9n\u00e9ral. On aurait sign\u00e9 pour \u00e7a en d\u00e9but de Tour de Bretagne. Pour ma part, je finis vraiment bien ces sept jours. J&rsquo;attendais vraiment cette ultime journ\u00e9e. Malheureusement, le circuit n&rsquo;\u00e9tait pas assez dur et le vent \u00e9tait mal positionn\u00e9 pour vraiment faire de la diff\u00e9rence. Mais c&rsquo;est plut\u00f4t une bonne semaine.<\/p>\n<p style=\"text-align: justify;\"><strong>\u00ab \u00c7A AURAIT TR\u00c8S BIEN PU BASCULER DANS L\u2019AUTRE SENS \u00bb<\/strong><\/p>\n<p style=\"text-align: justify;\"><strong>Sur cette derni\u00e8re \u00e9tape, quel \u00e9tait le plan ? Tenter le tout pour le tout ou garder le Top 10 ?<\/strong> <br \/>L\u2019\u00e9quipe souhaitait un top 10. De mon c\u00f4t\u00e9, je voulais jouer le tout pour le tout. J&rsquo;ai \u00e9t\u00e9 patient. Il y a beaucoup de coureurs qui sont venus me voir parce qu&rsquo;ils savaient tr\u00e8s bien que j\u2019allais attaquer. Avec Elliot (Boulet), on a beaucoup discut\u00e9 sur la fin. Je lui ai dit de rester patient et qu&rsquo;on allait passer \u00e0 l&rsquo;attaque sur le circuit final. J&rsquo;ai vraiment attendu trois tours pour attaquer. Je pense que c&rsquo;\u00e9tait le bon moment. Malheureusement, on se fait reprendre dans le dernier tour. \u00c7a aurait tr\u00e8s bien pu basculer dans l&rsquo;autre sens. Mais c&rsquo;est comme \u00e7a. J&rsquo;ai tent\u00e9, je n&rsquo;ai pas de regrets. J\u2019ai montr\u00e9 que j\u2019\u00e9tais au niveau.<\/p>\n<p style=\"text-align: justify;\"><strong>Le Tour de Bretagne a-t-il \u00e9volu\u00e9 depuis ta victoire en 2021 ?<\/strong><br \/>Je pense qu&rsquo;il y a un niveau plus \u00e9lev\u00e9. L&rsquo;ann\u00e9e o\u00f9 j&rsquo;ai gagn\u00e9, le Championnat du Monde avait lieu en m\u00eame temps. Les p\u00e9pites n&rsquo;\u00e9taient pas l\u00e0. L\u00e0, on sent que c&rsquo;est beaucoup plus homog\u00e8ne. C&rsquo;est plus dur de faire la diff\u00e9rence. On voit que les jeunes ont vraiment faim. Ils savent que \u00e7a peut se jouer \u00e0 des d\u00e9tails pour leur carri\u00e8re. Ils n&rsquo;h\u00e9sitent pas \u00e0 prendre des risques. C&rsquo;est un peu dommage parce qu&rsquo;il y a des chutes, mais on sent qu&rsquo;il y a quand m\u00eame un tr\u00e8s gros potentiel.<\/p>\n<p style=\"text-align: justify;\"><strong>\u00ab JE PRENDS BEAUCOUP PLUS DE PLAISIR SUR LES COURSES D\u00c9BRID\u00c9ES \u00bb<\/strong><\/p>\n<p style=\"text-align: justify;\"><strong>As-tu un regret concernant la quatri\u00e8me \u00e9tape o\u00f9 tu figurais dans le bon coup, avant d\u2019\u00eatre pi\u00e9g\u00e9 dans le circuit final ?<\/strong> <br \/>Oui, parce que normalement, avec mes jambes, je devais \u00eatre devant. J\u2019avais juste besoin de souffler parce que j&rsquo;avais pass\u00e9 la journ\u00e9e \u00e0 l&rsquo;avant. Je n&rsquo;ai pas senti le bon coup. J&rsquo;\u00e9tais \u00e0 contretemps. Je pense aussi que j&rsquo;\u00e9tais marqu\u00e9. Mes adversaires savent tr\u00e8s bien que j&rsquo;ai un peu d&rsquo;exp\u00e9rience sur cette course. J\u2019\u00e9tais un peu d\u00e9\u00e7u \u00e0 l\u2019arriv\u00e9e \u00e0 Land\u00e9vant. Mais c&rsquo;est comme \u00e7a, on ne peut pas \u00eatre au top tous les jours non plus.<\/p>\n<p style=\"text-align: justify;\"><strong>As-tu toujours \u00e0 l\u2019esprit de retourner chez les professionnels ?<\/strong><br \/>Je ne sais pas. Je sais que je prends beaucoup plus de plaisir sur les courses d\u00e9brid\u00e9es en Classe 2 et m\u00eame en \u00c9lites o\u00f9 il n&rsquo;y a pas d&rsquo;oreillettes. Il y a moins d\u2019endroits strat\u00e9giques o\u00f9 toutes les \u00e9quipes savent o\u00f9 \u00e7a va se jouer. On verra si une \u00e9quipe pro vient me chercher. Si je n&rsquo;en ai pas, ce n\u2019est pas grave.<\/p>\n","protected":false},"excerpt":{"rendered":"10e au classement g\u00e9n\u00e9ral avant la derni\u00e8re \u00e9tape du Tour de Bretagne, Jean-Louis Le Ny est sorti du&hellip;\n","protected":false},"author":2,"featured_media":71761,"comment_status":"","ping_status":"","sticky":false,"template":"","format":"standard","meta":{"footnotes":""},"categories":[1411],"tags":[834,828,836,829,837,827,83,826,824,823,1154,207,814,817,815,816,822,821,832,211,839,1011,27,820,818,819,835,831,830,833,838,60,212,208,825],"class_list":{"0":"post-71760","1":"post","2":"type-post","3":"status-publish","4":"format-standard","5":"has-post-thumbnail","7":"category-cyclisme","8":"tag-attaque","9":"tag-belgique","10":"tag-braquet","11":"tag-bretagne","12":"tag-chute","13":"tag-competition","14":"tag-coupe-de-france","15":"tag-coureur","16":"tag-course-cyclisme","17":"tag-course-cycliste","18":"tag-cycling","19":"tag-cyclisme","20":"tag-direct","21":"tag-direct-velo","22":"tag-directvelo","23":"tag-directvelo-com","24":"tag-epreuve","25":"tag-epreuve-cycliste","26":"tag-federation-francaise-de-cyclisme","27":"tag-ffc","28":"tag-flandres","29":"tag-fr","30":"tag-france","31":"tag-live","32":"tag-live-course","33":"tag-live-epreuve","34":"tag-peloton","35":"tag-radio-peloton","36":"tag-radio-tour","37":"tag-ravitaillement","38":"tag-relance","39":"tag-sports","40":"tag-uci","41":"tag-velo","42":"tag-velos"},"share_on_mastodon":{"url":"https:\/\/pubeurope.com\/@fr\/114443889108499697","error":""},"_links":{"self":[{"href":"https:\/\/www.europesays.com\/fr\/wp-json\/wp\/v2\/posts\/71760","targetHints":{"allow":["GET"]}}],"collection":[{"href":"https:\/\/www.europesays.com\/fr\/wp-json\/wp\/v2\/posts"}],"about":[{"href":"https:\/\/www.europesays.com\/fr\/wp-json\/wp\/v2\/types\/post"}],"author":[{"embeddable":true,"href":"https:\/\/www.europesays.com\/fr\/wp-json\/wp\/v2\/users\/2"}],"replies":[{"embeddable":true,"href":"https:\/\/www.europesays.com\/fr\/wp-json\/wp\/v2\/comments?post=71760"}],"version-history":[{"count":0,"href":"https:\/\/www.europesays.com\/fr\/wp-json\/wp\/v2\/posts\/71760\/revisions"}],"wp:featuredmedia":[{"embeddable":true,"href":"https:\/\/www.europesays.com\/fr\/wp-json\/wp\/v2\/media\/71761"}],"wp:attachment":[{"href":"https:\/\/www.europesays.com\/fr\/wp-json\/wp\/v2\/media?parent=71760"}],"wp:term":[{"taxonomy":"category","embeddable":true,"href":"https:\/\/www.europesays.com\/fr\/wp-json\/wp\/v2\/categories?post=71760"},{"taxonomy":"post_tag","embeddable":true,"href":"https:\/\/www.europesays.com\/fr\/wp-json\/wp\/v2\/tags?post=71760"}],"curies":[{"name":"wp","href":"https:\/\/api.w.org\/{rel}","templated":true}]}}