{"id":71766,"date":"2025-05-03T12:28:13","date_gmt":"2025-05-03T12:28:13","guid":{"rendered":"https:\/\/www.europesays.com\/fr\/71766\/"},"modified":"2025-05-03T12:28:13","modified_gmt":"2025-05-03T12:28:13","slug":"si-on-ne-fait-pas-des-livres-on-meurt-bernard-ouardes-lhistorien-rebelle-sest-eteint-a-81-ans","status":"publish","type":"post","link":"https:\/\/www.europesays.com\/fr\/71766\/","title":{"rendered":"\u00ab\u00a0Si on ne fait pas des livres, on meurt\u00a0\u00bb\u00a0: Bernard Ouardes, l\u2019historien rebelle, s\u2019est \u00e9teint \u00e0 81 ans"},"content":{"rendered":"<p>\n                                                                    l&rsquo;essentiel<br \/>\n                                                                Ancien enseignant, pr\u00e9sident de l\u2019Association de sauvegarde du patrimoine castelsarrasinois (ASPC), et figure des luttes sociales de Mai 68 \u00e0 Castelsarrasin, Bernard Ouardes\u00a0a consacr\u00e9 sa vie \u00e0 exhumer les figures oubli\u00e9es et les r\u00e9cits enfouis de sa ville. Il est d\u00e9c\u00e9d\u00e9 le 2\u00a0mai 2025, \u00e0 l\u2019\u00e2ge de 81 ans.\n                            <\/p>\n<p>\u00c0 Castelsarrasin, <a href=\"https:\/\/www.ladepeche.fr\/communes\/tarn-et-garonne,82\/\" target=\"_self\" rel=\"nofollow noopener\"><strong>dans le Tarn-et-Garonne, <\/strong><\/a>le nom de Bernard\u00a0Ouardes\u00a0\u00e9voque imm\u00e9diatement la d\u00e9fense du patrimoine, le go\u00fbt des archives, la\u00a0fid\u00e9lit\u00e9 aux humbles, une parole franche et une passion sans faille pour l\u2019histoire locale.<\/p>\n<p>Cet homme au parcours atypique, professeur d\u2019histoire \u2013 g\u00e9ographie devenu assureur, historien autodidacte et pr\u00e9sident actif de l\u2019Association de sauvegarde du patrimoine castelsarrasinois (ASPC) pendant plus de quinze ans, est mort le 2\u00a0mai, \u00e0 l\u2019\u00e2ge de 81\u00a0ans, apr\u00e8s une longue maladie.<\/p>\n<p>\u00a0<\/p>\n<p data-end=\"1183\" data-start=\"553\">N\u00e9 le 19\u00a0d\u00e9cembre 1943 \u00e0 Lafran\u00e7aise, dans une famille modeste du Tarn-et-Garonne, Bernard Ouardes n\u2019a jamais oubli\u00e9 ses racines. Tr\u00e8s t\u00f4t attir\u00e9 par l\u2019histoire et le d\u00e9bat d\u2019id\u00e9es, il s\u2019engage d\u00e8s sa jeunesse.<\/p>\n<p data-end=\"1183\" data-start=\"553\">En mai\u00a01968, alors qu\u2019il est surveillant d\u2019externat au lyc\u00e9e Jean-de-Prades, il participe activement aux mobilisations et fonde un syndicat\u00a0dans le sillage des mouvements \u00e9tudiants et lyc\u00e9ens. Il conservera toute sa vie cette veine militante, exigeante, souvent critique, mais toujours constructive.<\/p>\n<p>Un d\u00e9tour par l\u2019enseignement et un virage assum\u00e9<\/p>\n<p data-end=\"1934\" data-start=\"1533\">Ce m\u00eame lyc\u00e9e deviendra plus tard son lieu d\u2019enseignement. Bernard Ouardes y enseigne l\u2019histoire avec une libert\u00e9 de ton qui tranche. En 1971, pour le centenaire de la Commune de Paris, il obtient une d\u00e9rogation rare pour consacrer une ann\u00e9e enti\u00e8re \u00e0 cet \u00e9pisode r\u00e9volutionnaire.<\/p>\n<p data-end=\"2273\" data-start=\"1936\">Mais c\u2019est une rencontre fortuite avec un assureur local qui bouscule son parcours. Attir\u00e9 par une vie professionnelle plus autonome, il quitte l\u2019\u00c9ducation nationale et reprend un cabinet d\u2019assurances, place Lamothe-Cadillac \u00e0 Castelsarrasin. Cette bifurcation, loin de l\u2019\u00e9loigner de l\u2019histoire, lui offre au contraire un cadre plus libre pour creuser ses recherches et voyager.<\/p>\n<p>Le d\u00e9fenseur du patrimoine local<\/p>\n<p data-end=\"2739\" data-start=\"2313\">En 2007, \u00e0 l\u2019\u00e2ge de 61 ans, il rejoint l\u2019ASPC. Deux ans plus tard, il en prend la pr\u00e9sidence. L\u2019association devient sous son impulsion un laboratoire d\u2019histoire locale. Il en double les effectifs, y d\u00e9veloppe une s\u00e9rie de conf\u00e9rences et de publications rigoureuses, souvent in\u00e9dites. Il exhume, documente, et interpelle. \u00ab\u00a0Je ne suis pas mall\u00e9able, j\u2019archive tout et j\u2019assume ce que je dis\u00a0\u00bb, confiait-il \u00e0 La D\u00e9p\u00eache en 2021.<\/p>\n<p data-end=\"3172\" data-start=\"2741\">C\u2019est dans les archives de l\u2019usine m\u00e9tallurgique Sainte-Marguerite \u00e0 Castelsarrasin qu\u2019il fait une d\u00e9couverte qu\u2019il consid\u00e8re comme essentielle\u00a0: celle d\u2019Henri Pottevin, Castelsarrasinois devenu scientifique de premier plan, collaborateur de Pasteur, inventeur d\u2019un masque \u00e0 gaz pendant la Premi\u00e8re Guerre mondiale, et \u00e9lu radical-socialiste. Bernard Ouardes plaide pour sa r\u00e9habilitation publique aupr\u00e8s du maire de l\u2019\u00e9poque Bernard Dagen\u00a0: la salle du conseil municipal est inaugur\u00e9e \u00e0 son nom en 2008, gr\u00e2ce \u00e0 ses travaux.<\/p>\n<p data-end=\"3413\" data-start=\"3174\">Il redonne \u00e9galement vie \u00e0 un autre oubli\u00e9\u00a0: Paul Vasili\u00e8res, historien et arch\u00e9ologue \u00e9rudit, auteur d\u2019un manuscrit monumental retra\u00e7ant mille ans d\u2019histoire locale. \u00ab\u00a0Une mine d\u2019or\u00a0\u00bb, disait-il, trop souvent pill\u00e9e sans reconnaissance.<\/p>\n<p>L\u2019intransigeance au service de la v\u00e9rit\u00e9 historique<\/p>\n<p data-end=\"3971\" data-start=\"3472\">Bernard Ouardes n\u2019\u00e9tait pas homme \u00e0 transiger avec l\u2019histoire. Il critiquait frontalement les choix municipaux qui, \u00e0 ses yeux, trahissaient la rigueur historique. Il s\u2019opposa notamment \u00e0 la r\u00e9habilitation de la maison Despagne, devenue mus\u00e9e Firmin-Bouisset, d\u00e9non\u00e7ant un projet qui ignorait l\u2019h\u00e9ritage architectural et artistique local. Il milita avec pers\u00e9v\u00e9rance pour faire reconna\u00eetre le graveur castelsarrasinois Antonin-Delzers, prix de Rome en 1900, plut\u00f4t que l\u2019artiste moissagais Bouisset.<\/p>\n<p data-end=\"4322\" data-start=\"3973\">L\u2019actuel maire, Jean-Philippe B\u00e9siers, avec lequel il eut des d\u00e9saccords nourris, finira par lui donner raison en attribuant le nom d\u2019Antonin-Delzers \u00e0 une salle d\u2019exposition temporaire du mus\u00e9e. Malgr\u00e9 les divergences, le premier \u00e9dile\u00a0a salu\u00e9 publiquement sur son compte Facebook la m\u00e9moire de Bernard Ouardes\u00a0: \u00ab\u00a0Merci Monsieur Ouardes pour ce que vous avez apport\u00e9 par vos recherches et vos connaissances sur Castelsarrasin et son Histoire.\u00a0\u00bb<\/p>\n<p>Une m\u00e9moire vivante<\/p>\n<p data-end=\"5136\" data-start=\"4714\">Bernard Ouardes laisse une \u0153uvre multiple\u00a0: des publications, des conf\u00e9rences, mais aussi des combats men\u00e9s pour la transmission et la reconnaissance de la m\u00e9moire locale. \u00c0 travers ses \u00e9crits, ses d\u00e9couvertes, ses alertes, il a contribu\u00e9 \u00e0 \u00e9crire une autre histoire de Castelsarrasin\u00a0: celle des anonymes, des inventeurs oubli\u00e9s, des trajectoires populaires et scientifiques que l\u2019histoire officielle n\u00e9glige souvent<strong>.<\/strong><\/p>\n<p data-end=\"5461\" data-start=\"5138\">Derri\u00e8re l\u2019homme aux convictions tranch\u00e9es, se dessinait un profil plus nuanc\u00e9\u00a0: celui d\u2019un passeur de m\u00e9moire, d\u2019un archiviste scrupuleux, d\u2019un amoureux sinc\u00e8re de sa ville. \u00ab\u00a0Si on ne fait pas des livres, on meurt\u00a0\u00bb, aimait-il dire. Il en a laiss\u00e9 plusieurs dont ce savoureux intitul\u00e9 Les maisons de tol\u00e9rances \u00e0 Castelsarrasin de\u00a01848 \u00e0\u00a01946.<\/p>\n<p data-end=\"5585\" data-start=\"5463\">\u00c0 son \u00e9pouse Jackie, \u00e0 ses enfants, \u00e0 ses compagnons de route de l\u2019ASPC, la r\u00e9daction de La D\u00e9p\u00eache\u00a0adresse ses condol\u00e9ances attrist\u00e9es.<\/p>\n<p>Ses obs\u00e8ques seront c\u00e9l\u00e9br\u00e9es le mardi 6\u00a0mai 2025 \u00e0 10\u00a0heures, en l\u2019\u00e9glise Saint-Sauveur \u00e0 Castelsarrasin, par l\u2019abb\u00e9 Georges Passerat, et seront suivies \u00e0 14\u00a0heures d\u2019une c\u00e9r\u00e9monie au cr\u00e9matorium de Montauban.<\/p>\n","protected":false},"excerpt":{"rendered":"l&rsquo;essentiel Ancien enseignant, pr\u00e9sident de l\u2019Association de sauvegarde du patrimoine castelsarrasinois (ASPC), et figure des luttes sociales de&hellip;\n","protected":false},"author":2,"featured_media":71767,"comment_status":"","ping_status":"","sticky":false,"template":"","format":"standard","meta":{"footnotes":""},"categories":[1357],"tags":[1379,58,59,1011,27,1380],"class_list":{"0":"post-71766","1":"post","2":"type-post","3":"status-publish","4":"format-standard","5":"has-post-thumbnail","7":"category-livres","8":"tag-books","9":"tag-divertissement","10":"tag-entertainment","11":"tag-fr","12":"tag-france","13":"tag-livres"},"share_on_mastodon":{"url":"https:\/\/pubeurope.com\/@fr\/114443904920723022","error":""},"_links":{"self":[{"href":"https:\/\/www.europesays.com\/fr\/wp-json\/wp\/v2\/posts\/71766","targetHints":{"allow":["GET"]}}],"collection":[{"href":"https:\/\/www.europesays.com\/fr\/wp-json\/wp\/v2\/posts"}],"about":[{"href":"https:\/\/www.europesays.com\/fr\/wp-json\/wp\/v2\/types\/post"}],"author":[{"embeddable":true,"href":"https:\/\/www.europesays.com\/fr\/wp-json\/wp\/v2\/users\/2"}],"replies":[{"embeddable":true,"href":"https:\/\/www.europesays.com\/fr\/wp-json\/wp\/v2\/comments?post=71766"}],"version-history":[{"count":0,"href":"https:\/\/www.europesays.com\/fr\/wp-json\/wp\/v2\/posts\/71766\/revisions"}],"wp:featuredmedia":[{"embeddable":true,"href":"https:\/\/www.europesays.com\/fr\/wp-json\/wp\/v2\/media\/71767"}],"wp:attachment":[{"href":"https:\/\/www.europesays.com\/fr\/wp-json\/wp\/v2\/media?parent=71766"}],"wp:term":[{"taxonomy":"category","embeddable":true,"href":"https:\/\/www.europesays.com\/fr\/wp-json\/wp\/v2\/categories?post=71766"},{"taxonomy":"post_tag","embeddable":true,"href":"https:\/\/www.europesays.com\/fr\/wp-json\/wp\/v2\/tags?post=71766"}],"curies":[{"name":"wp","href":"https:\/\/api.w.org\/{rel}","templated":true}]}}