{"id":7178,"date":"2025-04-07T06:38:19","date_gmt":"2025-04-07T06:38:19","guid":{"rendered":"https:\/\/www.europesays.com\/fr\/7178\/"},"modified":"2025-04-07T06:38:19","modified_gmt":"2025-04-07T06:38:19","slug":"tarrives-la-tu-tombes-sur-zidane-jamel-debbouze-raconte-les-dessous-de-la-ceremonie-douverture-des-jo","status":"publish","type":"post","link":"https:\/\/www.europesays.com\/fr\/7178\/","title":{"rendered":"\u00ab\u00a0T\u2019arrives, l\u00e0 tu tombes sur Zidane\u00a0\u00bb : Jamel Debbouze raconte les dessous de la c\u00e9r\u00e9monie d\u2019ouverture des JO"},"content":{"rendered":"<p class=\"paragraph text_align_left\">Le monde s\u2019en rappelle encore. La date du 26 juillet marquait la c\u00e9r\u00e9monie d\u2019ouverture des <a href=\"https:\/\/www.leparisien.fr\/jo-paris-2024\/\" target=\"_blank\" rel=\"nofollow noopener\">Jeux olympiques de Paris 2024<\/a>. Pour l\u2019occasion, Thomas Jolly, metteur en sc\u00e8ne de l\u2019\u00e9v\u00e9nement, eut la merveilleuse id\u00e9e de mettre en sc\u00e8ne Zinedine Zidane et Jamel Debbouze, sur la piste d\u2019athl\u00e9tisme du Stade de France. Une sc\u00e8ne marquante pour tous les observateurs de l\u2019\u00e9v\u00e9nement. L\u2019humoriste de 52 ans est revenu sur les coulisses de cette s\u00e9quence du \u00ab Zizou Christ \u00bb, devenue culte, sur l\u2019\u00e9mission \u00ab C \u00e0 Vous \u00bb sur France 5.<\/p>\n<blockquote class=\"twitter-tweet\">\n<p lang=\"fr\" dir=\"ltr\">\ud83d\udd25 \u00ab\u00a0Quand Thomas Jolly m\u2019a parl\u00e9 de Zidane et des JO : j\u2019ai dit oui direct ! \u00catre face \u00e0 Zidane est toujours un moment exceptionnel. Pour les JO, \u00e7a l\u2019\u00e9tait encore plus ! On me parle encore de \u201cZizou Christ !\u201d\u00a0\u00bb<a href=\"https:\/\/twitter.com\/DebbouzeJamel?ref_src=twsrc%5Etfw\" rel=\"nofollow noopener\" target=\"_blank\">@DebbouzeJamel<\/a> se confie dans <a href=\"https:\/\/twitter.com\/hashtag\/C%C3%A0Vous?src=hash&amp;ref_src=twsrc%5Etfw\" rel=\"nofollow noopener\" target=\"_blank\">#C\u00e0Vous<\/a> <a href=\"https:\/\/t.co\/2EKj15lTXo\" rel=\"nofollow\">pic.twitter.com\/2EKj15lTXo<\/a><\/p>\n<p>\u2014 C \u00e0 vous (@cavousf5) <a href=\"https:\/\/twitter.com\/cavousf5\/status\/1908226939321475081?ref_src=twsrc%5Etfw\" rel=\"nofollow noopener\" target=\"_blank\">April 4, 2025<\/a><\/p><\/blockquote>\n<p class=\"paragraph text_align_left\">\u00ab Quand Thomas Jolly m\u2019a dit : \u00c9coute, je n\u2019ai pas \u00e9crit grand-chose, mais je te raconte. T\u2019arrives et l\u00e0 tu tombes sur Zinedine Zidane. Je lui ai dit : Stop, arr\u00eate-toi tout de suite. C\u2019est ok ! Et le fait d\u2019\u00eatre face \u00e0 lui, c\u2019est toujours un moment exceptionnel. Pour cet \u00e9v\u00e9nement, \u00e7a l\u2019\u00e9tait encore plus. Mais je ne m\u2019en suis pas rendu compte tout de suite. Et encore aujourd\u2019hui, je croise des gens de toutes les origines, qui me viennent me voir et me disent Zizou Christ, dans toutes les langues \u00bb, raconte le natif de Trappes.<\/p>\n<p class=\"paragraph text_align_left\">Une merveilleuse <a href=\"https:\/\/www.leparisien.fr\/jo-paris-2024\/jo-paris-2024-han-zizou-christ-jamel-debbouze-et-zinedine-zidane-ouvrent-la-ceremonie-douverture-26-07-2024-6W2XI2KSL5APVAAVR66KJUGG4I.php\" target=\"_blank\" rel=\"nofollow noopener\">entr\u00e9e en mati\u00e8re<\/a> pour l\u2019homme de sc\u00e8ne, qui avoue ais\u00e9ment avoir mis plus d\u2019une prise \u00e0 parvenir aux fins du r\u00e9alisateur. \u00ab Je n\u2019ai pas r\u00e9ussi \u00e0 la faire en une seule fois, impossible, confie-t-il. C\u2019est un rieur. C\u2019\u00e9tait tr\u00e8s motivant d\u2019ailleurs, c\u2019\u00e9tait mon premier public. \u00bb<\/p>\n<p><script async src=\"https:\/\/platform.twitter.com\/widgets.js\" charset=\"utf-8\"><\/script><\/p>\n","protected":false},"excerpt":{"rendered":"Le monde s\u2019en rappelle encore. La date du 26 juillet marquait la c\u00e9r\u00e9monie d\u2019ouverture des Jeux olympiques de&hellip;\n","protected":false},"author":2,"featured_media":7179,"comment_status":"","ping_status":"","sticky":false,"template":"","format":"standard","meta":{"footnotes":""},"categories":[1888],"tags":[1111,1928,11,1927,1777,674,1011,27,3996,12,1926,626,1925,25,60],"class_list":{"0":"post-7178","1":"post","2":"type-post","3":"status-publish","4":"format-standard","5":"has-post-thumbnail","7":"category-paris","8":"tag-actu","9":"tag-actu-paris","10":"tag-actualites","11":"tag-actualites-paris","12":"tag-eu","13":"tag-europe","14":"tag-fr","15":"tag-france","16":"tag-jeux-olympiques","17":"tag-news","18":"tag-news-paris","19":"tag-paris","20":"tag-paris-news","21":"tag-republique-francaise","22":"tag-sports"},"share_on_mastodon":{"url":"https:\/\/pubeurope.com\/@fr\/114295308506748386","error":""},"_links":{"self":[{"href":"https:\/\/www.europesays.com\/fr\/wp-json\/wp\/v2\/posts\/7178","targetHints":{"allow":["GET"]}}],"collection":[{"href":"https:\/\/www.europesays.com\/fr\/wp-json\/wp\/v2\/posts"}],"about":[{"href":"https:\/\/www.europesays.com\/fr\/wp-json\/wp\/v2\/types\/post"}],"author":[{"embeddable":true,"href":"https:\/\/www.europesays.com\/fr\/wp-json\/wp\/v2\/users\/2"}],"replies":[{"embeddable":true,"href":"https:\/\/www.europesays.com\/fr\/wp-json\/wp\/v2\/comments?post=7178"}],"version-history":[{"count":0,"href":"https:\/\/www.europesays.com\/fr\/wp-json\/wp\/v2\/posts\/7178\/revisions"}],"wp:featuredmedia":[{"embeddable":true,"href":"https:\/\/www.europesays.com\/fr\/wp-json\/wp\/v2\/media\/7179"}],"wp:attachment":[{"href":"https:\/\/www.europesays.com\/fr\/wp-json\/wp\/v2\/media?parent=7178"}],"wp:term":[{"taxonomy":"category","embeddable":true,"href":"https:\/\/www.europesays.com\/fr\/wp-json\/wp\/v2\/categories?post=7178"},{"taxonomy":"post_tag","embeddable":true,"href":"https:\/\/www.europesays.com\/fr\/wp-json\/wp\/v2\/tags?post=7178"}],"curies":[{"name":"wp","href":"https:\/\/api.w.org\/{rel}","templated":true}]}}