{"id":71794,"date":"2025-05-03T12:43:11","date_gmt":"2025-05-03T12:43:11","guid":{"rendered":"https:\/\/www.europesays.com\/fr\/71794\/"},"modified":"2025-05-03T12:43:11","modified_gmt":"2025-05-03T12:43:11","slug":"nancy-pablo-correa-on-a-annonce-lobjectif-ligue-2-des-le-depart-sans-se-cacher","status":"publish","type":"post","link":"https:\/\/www.europesays.com\/fr\/71794\/","title":{"rendered":"Nancy &#8211; Pablo Correa : \u00ab On a annonc\u00e9 l&rsquo;objectif Ligue 2 d\u00e8s le d\u00e9part, sans se cacher \u00bb"},"content":{"rendered":"<p>Entra\u00eeneur embl\u00e9matique de l\u2019AS Nancy <strong>Lorraine<\/strong> quand cette derni\u00e8re \u00e9tait en Ligue 1, <strong>Pablo<\/strong> <strong>Correa<\/strong> a r\u00e9cup\u00e9r\u00e9 le club \u00e0 l\u2019avant-derni\u00e8re place de <strong>National<\/strong> en novembre 2023. Vendredi, le coach uruguayen a d\u00e9croch\u00e9 la promotion en Ligue 2 et le retour dans les championnats professionnels de l\u2019\u00e9quipe premi\u00e8re, apr\u00e8s une victoire contre N\u00eemes (1-0). Apr\u00e8s le coup de sifflet final, l\u2019entra\u00eeneur s\u2019est exprim\u00e9 dans les colonnes de l\u2019<a href=\"https:\/\/www.estrepublicain.fr\/\" target=\"_blank\" rel=\"noopener\">Est R\u00e9publicain<\/a>.<\/p>\n<p>\u00c0 lire aussi &gt;&gt; <a href=\"https:\/\/maligue2.fr\/2025\/05\/03\/charge-de-crs-gaz-lacrymogenes-soiree-agitee-pour-les-supporters-lavallois-a-dunkerque\/\" target=\"_blank\" rel=\"noopener\">Charge de CRS, gaz lacrymog\u00e8nes : soir\u00e9e agit\u00e9e pour les supporters lavallois \u00e0 Dunkerque<\/a><\/p>\n<p>\u00ab Quand je suis sorti sur le terrain, j\u2019ai fait un petit voyage en arri\u00e8re, j\u2019ai senti le parfum de ce qu\u2019on a v\u00e9cu par le pass\u00e9. Cette ambiance\u00a0 au stade, c\u2019est beau, \u00e7a nous a beaucoup aid\u00e9s tout au long de la saison. Cette mont\u00e9e en Ligue 2, c\u2019est mille fois m\u00e9rit\u00e9 pour les joueurs qui ont attaqu\u00e9 la saison, le 8 juillet 2024. Au coup de sifflet final, j\u2019ai pens\u00e9 \u00e0 beaucoup de choses, notamment \u00e0 ma famille bien \u00e9videmment. On a annonc\u00e9 l\u2019objectif Ligue 2 d\u00e8s le d\u00e9part, sans se cacher. On a bien termin\u00e9 le travail avec cette victoire contre N\u00eemes. \u00bb<\/p>\n<p>Photo \u00a9ASNL<\/p>\n","protected":false},"excerpt":{"rendered":"Entra\u00eeneur embl\u00e9matique de l\u2019AS Nancy Lorraine quand cette derni\u00e8re \u00e9tait en Ligue 1, Pablo Correa a r\u00e9cup\u00e9r\u00e9 le&hellip;\n","protected":false},"author":2,"featured_media":71795,"comment_status":"","ping_status":"","sticky":false,"template":"","format":"standard","meta":{"footnotes":""},"categories":[9635],"tags":[1962,1111,11,1777,674,1011,27,775,1702,12,11849,25],"class_list":{"0":"post-71794","1":"post","2":"type-post","3":"status-publish","4":"format-standard","5":"has-post-thumbnail","7":"category-nancy","8":"tag-alaune5","9":"tag-actu","10":"tag-actualites","11":"tag-eu","12":"tag-europe","13":"tag-fr","14":"tag-france","15":"tag-grand-est","16":"tag-nancy","17":"tag-news","18":"tag-pablo-correa","19":"tag-republique-francaise"},"share_on_mastodon":{"url":"https:\/\/pubeurope.com\/@fr\/114443963830488424","error":""},"_links":{"self":[{"href":"https:\/\/www.europesays.com\/fr\/wp-json\/wp\/v2\/posts\/71794","targetHints":{"allow":["GET"]}}],"collection":[{"href":"https:\/\/www.europesays.com\/fr\/wp-json\/wp\/v2\/posts"}],"about":[{"href":"https:\/\/www.europesays.com\/fr\/wp-json\/wp\/v2\/types\/post"}],"author":[{"embeddable":true,"href":"https:\/\/www.europesays.com\/fr\/wp-json\/wp\/v2\/users\/2"}],"replies":[{"embeddable":true,"href":"https:\/\/www.europesays.com\/fr\/wp-json\/wp\/v2\/comments?post=71794"}],"version-history":[{"count":0,"href":"https:\/\/www.europesays.com\/fr\/wp-json\/wp\/v2\/posts\/71794\/revisions"}],"wp:featuredmedia":[{"embeddable":true,"href":"https:\/\/www.europesays.com\/fr\/wp-json\/wp\/v2\/media\/71795"}],"wp:attachment":[{"href":"https:\/\/www.europesays.com\/fr\/wp-json\/wp\/v2\/media?parent=71794"}],"wp:term":[{"taxonomy":"category","embeddable":true,"href":"https:\/\/www.europesays.com\/fr\/wp-json\/wp\/v2\/categories?post=71794"},{"taxonomy":"post_tag","embeddable":true,"href":"https:\/\/www.europesays.com\/fr\/wp-json\/wp\/v2\/tags?post=71794"}],"curies":[{"name":"wp","href":"https:\/\/api.w.org\/{rel}","templated":true}]}}