{"id":718129,"date":"2026-02-07T14:18:15","date_gmt":"2026-02-07T14:18:15","guid":{"rendered":"https:\/\/www.europesays.com\/fr\/718129\/"},"modified":"2026-02-07T14:18:15","modified_gmt":"2026-02-07T14:18:15","slug":"sogea-caroni-agrandira-le-siege-de-la-metropole-europeenne-de-lille","status":"publish","type":"post","link":"https:\/\/www.europesays.com\/fr\/718129\/","title":{"rendered":"Sogea Caroni agrandira le si\u00e8ge de la M\u00e9tropole europ\u00e9enne de Lille"},"content":{"rendered":"<p>La filiale de Vinci Construction est mandataire d\u2019un groupement qui a d\u00e9croch\u00e9 un march\u00e9 public global de performance de pr\u00e8s de 85 M\u20ac.<\/p>\n<p class=\"c-paragraph\">Sogea Caroni a remport\u00e9 le projet d\u2019extension du si\u00e8ge de la M\u00e9tropole europ\u00e9enne de Lille (MEL), situ\u00e9 boulevard des Cit\u00e9s-Unies, \u00e0 Lille (Nord). La filiale de Vinci Construction est mandataire d\u2019un groupement qui comprend aussi l\u2019entreprise<b> Ramery, les BET Projex et Diagobat, les agences d\u2019architecture Kengo Kuma et de Alzua +, le paysagiste MDP (Michel Desvigne Paysagiste) et Dalkia<\/b>. <\/p>\n<p class=\"c-paragraph\">Le march\u00e9 public global de performance s\u2019\u00e9l\u00e8ve \u00e0 84,9 M\u20ac HT. Il comprend la conception et la construction de 20 000 m2 SP \u00e0 proximit\u00e9 du si\u00e8ge actuel du Biotope ainsi que son exploitation et maintenance durant trois ans. Une tranche optionnelle de trois ans est pr\u00e9vue pour environ 2 M\u20ac HT.<\/p>\n<p>Recours pr\u00e9contractuel <\/p>\n<p class=\"c-paragraph\">Les travaux de \u00ab MEL 2 \u00bb, qui accueillera pr\u00e8s de 700 agents, commenceront en 2027 en vue d\u2019une livraison au premier trimestre 2029. Le co\u00fbt de fonctionnement annuel du b\u00e2timent est estim\u00e9 \u00e0 6,3 M\u20ac.<b> L\u2019entreprise Rabot-Dutilleul Construction, qui a postul\u00e9 \u00e0 l\u2019appel d\u2019offres avec l\u2019agence d\u2019architecture Coldefy<\/b>,<b> <\/b>a d\u00e9pos\u00e9 un recours pr\u00e9contractuel aupr\u00e8s du tribunal administratif. Bouygues B\u00e2timent Nord-Est, qui a r\u00e9a lis\u00e9 le Biotope, pilotait le troisi\u00e8me groupement en lice avec les agences Baumschlager-Eberle et Saison Menu.<\/p>\n","protected":false},"excerpt":{"rendered":"La filiale de Vinci Construction est mandataire d\u2019un groupement qui a d\u00e9croch\u00e9 un march\u00e9 public global de performance&hellip;\n","protected":false},"author":2,"featured_media":718130,"comment_status":"","ping_status":"","sticky":false,"template":"","format":"standard","meta":{"footnotes":"","_share_on_mastodon":"0"},"categories":[2815],"tags":[1111,11,1350,1777,674,1011,27,4250,811,1307,12,1308,4916,25,80936,7333],"class_list":["post-718129","post","type-post","status-publish","format-standard","has-post-thumbnail","category-lille","tag-actu","tag-actualites","tag-architecture","tag-eu","tag-europe","tag-fr","tag-france","tag-habitat","tag-hauts-de-france","tag-lille","tag-news","tag-nord","tag-projets","tag-republique-francaise","tag-travaux-dextension","tag-vie-du-btp"],"share_on_mastodon":{"url":"https:\/\/pubeurope.com\/@fr\/116029784441774624","error":""},"_links":{"self":[{"href":"https:\/\/www.europesays.com\/fr\/wp-json\/wp\/v2\/posts\/718129","targetHints":{"allow":["GET"]}}],"collection":[{"href":"https:\/\/www.europesays.com\/fr\/wp-json\/wp\/v2\/posts"}],"about":[{"href":"https:\/\/www.europesays.com\/fr\/wp-json\/wp\/v2\/types\/post"}],"author":[{"embeddable":true,"href":"https:\/\/www.europesays.com\/fr\/wp-json\/wp\/v2\/users\/2"}],"replies":[{"embeddable":true,"href":"https:\/\/www.europesays.com\/fr\/wp-json\/wp\/v2\/comments?post=718129"}],"version-history":[{"count":0,"href":"https:\/\/www.europesays.com\/fr\/wp-json\/wp\/v2\/posts\/718129\/revisions"}],"wp:featuredmedia":[{"embeddable":true,"href":"https:\/\/www.europesays.com\/fr\/wp-json\/wp\/v2\/media\/718130"}],"wp:attachment":[{"href":"https:\/\/www.europesays.com\/fr\/wp-json\/wp\/v2\/media?parent=718129"}],"wp:term":[{"taxonomy":"category","embeddable":true,"href":"https:\/\/www.europesays.com\/fr\/wp-json\/wp\/v2\/categories?post=718129"},{"taxonomy":"post_tag","embeddable":true,"href":"https:\/\/www.europesays.com\/fr\/wp-json\/wp\/v2\/tags?post=718129"}],"curies":[{"name":"wp","href":"https:\/\/api.w.org\/{rel}","templated":true}]}}