{"id":71814,"date":"2025-05-03T12:56:10","date_gmt":"2025-05-03T12:56:10","guid":{"rendered":"https:\/\/www.europesays.com\/fr\/71814\/"},"modified":"2025-05-03T12:56:10","modified_gmt":"2025-05-03T12:56:10","slug":"en-direct-strasbourg-psg-au-tour-du-racing-de-profiter-dun-paris-a-leconomie-suivez-le-match-avec-nous","status":"publish","type":"post","link":"https:\/\/www.europesays.com\/fr\/71814\/","title":{"rendered":"EN DIRECT Strasbourg &#8211; PSG : Au tour du Racing de profiter d\u2019un Paris \u00e0 l\u2019\u00e9conomie ? Suivez le match avec nous"},"content":{"rendered":"<p>AFP<\/p>\n<p><a class=\"Td(n) C($inherit) LineClamp(2,45px) D(f) rapidnofollow\" data-uuid=\"b36351e7-6eab-3579-995e-2005776ba1fc\" href=\"https:\/\/fr.news.yahoo.com\/sport\/ligue-2-paris-fc-au-195833651.html\" data-ylk=\"elm:hdln;itc:0;pos:1;sec:strm;subsec:moreforyou;cpos:26;ct:story;g:b36351e7-6eab-3579-995e-2005776ba1fc\" data-hosted-type=\"HOSTED\" target=\"_blank\" rel=\"noopener\">Ligue 2: le Paris FC au rendez-vous de ses ambitions<\/a><\/p>\n<p class=\"M(0) C($summaryColor) Fz(14px) Lh(1.43em) LineClamp(3,60px)\">Gr\u00e2ce \u00e0 son match nul \u00e0 Martigues vendredi, le Paris FC atteint d\u00e8s la saison de son rachat par la famille Arnault, en novembre, son objectif d&rsquo;acc\u00e9der \u00e0 la Ligue 1 et la capitale va bient\u00f4t retrouver le parfum inimitable des derbies.\u00a0Les chantiers sont nombreux avant que le Paris FC puisse taquiner sportivement le Paris SG, dans un derby de la capitale dont tout le monde r\u00eave.<\/p>\n","protected":false},"excerpt":{"rendered":"AFP Ligue 2: le Paris FC au rendez-vous de ses ambitions Gr\u00e2ce \u00e0 son match nul \u00e0 Martigues&hellip;\n","protected":false},"author":2,"featured_media":71815,"comment_status":"","ping_status":"","sticky":false,"template":"","format":"standard","meta":{"footnotes":""},"categories":[2820],"tags":[1111,11,5357,1777,674,1011,27,775,17451,17452,12,93,17453,25,640],"class_list":{"0":"post-71814","1":"post","2":"type-post","3":"status-publish","4":"format-standard","5":"has-post-thumbnail","7":"category-strasbourg","8":"tag-actu","9":"tag-actualites","10":"tag-arsenal","11":"tag-eu","12":"tag-europe","13":"tag-fr","14":"tag-france","15":"tag-grand-est","16":"tag-lesion-musculaire","17":"tag-match-retour","18":"tag-news","19":"tag-psg","20":"tag-raison-d","21":"tag-republique-francaise","22":"tag-strasbourg"},"share_on_mastodon":{"url":"https:\/\/pubeurope.com\/@fr\/114444015059951628","error":""},"_links":{"self":[{"href":"https:\/\/www.europesays.com\/fr\/wp-json\/wp\/v2\/posts\/71814","targetHints":{"allow":["GET"]}}],"collection":[{"href":"https:\/\/www.europesays.com\/fr\/wp-json\/wp\/v2\/posts"}],"about":[{"href":"https:\/\/www.europesays.com\/fr\/wp-json\/wp\/v2\/types\/post"}],"author":[{"embeddable":true,"href":"https:\/\/www.europesays.com\/fr\/wp-json\/wp\/v2\/users\/2"}],"replies":[{"embeddable":true,"href":"https:\/\/www.europesays.com\/fr\/wp-json\/wp\/v2\/comments?post=71814"}],"version-history":[{"count":0,"href":"https:\/\/www.europesays.com\/fr\/wp-json\/wp\/v2\/posts\/71814\/revisions"}],"wp:featuredmedia":[{"embeddable":true,"href":"https:\/\/www.europesays.com\/fr\/wp-json\/wp\/v2\/media\/71815"}],"wp:attachment":[{"href":"https:\/\/www.europesays.com\/fr\/wp-json\/wp\/v2\/media?parent=71814"}],"wp:term":[{"taxonomy":"category","embeddable":true,"href":"https:\/\/www.europesays.com\/fr\/wp-json\/wp\/v2\/categories?post=71814"},{"taxonomy":"post_tag","embeddable":true,"href":"https:\/\/www.europesays.com\/fr\/wp-json\/wp\/v2\/tags?post=71814"}],"curies":[{"name":"wp","href":"https:\/\/api.w.org\/{rel}","templated":true}]}}