{"id":71826,"date":"2025-05-03T13:02:11","date_gmt":"2025-05-03T13:02:11","guid":{"rendered":"https:\/\/www.europesays.com\/fr\/71826\/"},"modified":"2025-05-03T13:02:11","modified_gmt":"2025-05-03T13:02:11","slug":"un-prisonnier-libere-par-erreur-et-toujours-recherche","status":"publish","type":"post","link":"https:\/\/www.europesays.com\/fr\/71826\/","title":{"rendered":"un prisonnier lib\u00e9r\u00e9 par erreur et toujours recherch\u00e9"},"content":{"rendered":"<p class=\"article-p mdl\">Gros quiproquo au centre p\u00e9nitentiaire de Bordeaux-Gradignan. Mercredi 30 avril, un d\u00e9tenu a \u00e9t\u00e9 lib\u00e9r\u00e9 par erreur, \u00e0 la place d&rsquo;un autre prisonnier qui porte quasiment le m\u00eame nom.<\/p>\n<p class=\"article-p mdl\">Le jeune homme de 25 ans a \u00e9t\u00e9 condamn\u00e9 en novembre dernier par la cour d&rsquo;assises de Gironde \u00e0 <strong>10 ans de\u00a0<\/strong><a class=\"link\" href=\"https:\/\/www.rtl.fr\/actu\/justice-faits-divers\/prisons-attaquees-qui-sont-les-21-personnes-deferees-et-que-risquent-elles-7900500780\" title=\"Prisons attaqu\u00e9es : qui sont les 21 personnes d\u00e9f\u00e9r\u00e9es et que risquent-elles ?\" rel=\"nofollow noopener\" target=\"_blank\"><strong>prison<\/strong><\/a><strong>\u00a0pour vol avec violence ayant entra\u00een\u00e9 la mort<\/strong>. Quelques mois apr\u00e8s, il a \u00e9t\u00e9 lib\u00e9r\u00e9 par erreur. Ce samedi 3 mai au matin, l\u2019heureux b\u00e9n\u00e9ficiaire, qui s\u2019est volatilis\u00e9 depuis mercredi, n\u2019a toujours pas \u00e9t\u00e9 retrouv\u00e9, alors qu&rsquo;il est activement recherch\u00e9 par les forces de l\u2019ordre.<\/p>\n<p class=\"article-p mdl\">Peut-on parler d\u2019\u00e9vasion ? Pour son avocat, Georges Parastatis, le jeune homme n\u2019a pas le profil d\u2019un \u00e9vad\u00e9, il ne sait peut-\u00eatre m\u00eame pas qu\u2019il est recherch\u00e9. \u00ab\u00a0Pour dire que quelqu&rsquo;un s&rsquo;est \u00e9vad\u00e9, encore faut-il \u00eatre s\u00fbr qu&rsquo;il soit inform\u00e9, qu&rsquo;on le recherche. <strong>Est-ce qu&rsquo;il est inform\u00e9 ? Je ne suis pas s\u00fbr<\/strong>. Il est tr\u00e8s jeune, il a 25 ans. Ce n\u2019est pas quelqu\u2019un de difficile, il n\u2019est pas du tout agressif\u00a0\u00bb, souligne-t-il au micro de RTL. L\u2019avocat indique qu\u2019il n\u2019a jamais eu affaire \u00e0 un tel \u00e9v\u00e9nement.\u00a0<\/p>\n<p class=\"article-p mdl\">Une enqu\u00eate a \u00e9t\u00e9 ouverte <strong>pour retrouver le fugitif<\/strong>, mais aussi pour d\u00e9terminer les circonstances dans lesquelles cette lib\u00e9ration indue est intervenue.\u00a0<\/p>\n<p>    La r\u00e9daction vous recommande<\/p>\n<p class=\"s-newsletter__title\">\n                L\u2019actualit\u00e9 par la r\u00e9daction de RTL dans votre bo\u00eete mail.\n            <\/p>\n<p class=\"s-newsletter__subtitle\">\n                Gr\u00e2ce \u00e0 votre compte RTL abonnez-vous \u00e0 la newsletter RTL info pour suivre toute l&rsquo;actualit\u00e9 au quotidien\n            <\/p>\n<p>\n                                    Lire la suite\n                                <\/p>\n","protected":false},"excerpt":{"rendered":"Gros quiproquo au centre p\u00e9nitentiaire de Bordeaux-Gradignan. Mercredi 30 avril, un d\u00e9tenu a \u00e9t\u00e9 lib\u00e9r\u00e9 par erreur, \u00e0&hellip;\n","protected":false},"author":2,"featured_media":71827,"comment_status":"","ping_status":"","sticky":false,"template":"","format":"standard","meta":{"footnotes":""},"categories":[2817],"tags":[1111,11,1997,1777,674,107,1011,27,303,1249,12,2219,1072,4293,899,362,25],"class_list":{"0":"post-71826","1":"post","2":"type-post","3":"status-publish","4":"format-standard","5":"has-post-thumbnail","7":"category-bordeaux","8":"tag-actu","9":"tag-actualites","10":"tag-bordeaux","11":"tag-eu","12":"tag-europe","13":"tag-fil-info","14":"tag-fr","15":"tag-france","16":"tag-justice","17":"tag-justice-francaise","18":"tag-news","19":"tag-nouvelle-aquitaine","20":"tag-police","21":"tag-prisonnier","22":"tag-prisons","23":"tag-replay","24":"tag-republique-francaise"},"share_on_mastodon":{"url":"https:\/\/pubeurope.com\/@fr\/114444038677074830","error":""},"_links":{"self":[{"href":"https:\/\/www.europesays.com\/fr\/wp-json\/wp\/v2\/posts\/71826","targetHints":{"allow":["GET"]}}],"collection":[{"href":"https:\/\/www.europesays.com\/fr\/wp-json\/wp\/v2\/posts"}],"about":[{"href":"https:\/\/www.europesays.com\/fr\/wp-json\/wp\/v2\/types\/post"}],"author":[{"embeddable":true,"href":"https:\/\/www.europesays.com\/fr\/wp-json\/wp\/v2\/users\/2"}],"replies":[{"embeddable":true,"href":"https:\/\/www.europesays.com\/fr\/wp-json\/wp\/v2\/comments?post=71826"}],"version-history":[{"count":0,"href":"https:\/\/www.europesays.com\/fr\/wp-json\/wp\/v2\/posts\/71826\/revisions"}],"wp:featuredmedia":[{"embeddable":true,"href":"https:\/\/www.europesays.com\/fr\/wp-json\/wp\/v2\/media\/71827"}],"wp:attachment":[{"href":"https:\/\/www.europesays.com\/fr\/wp-json\/wp\/v2\/media?parent=71826"}],"wp:term":[{"taxonomy":"category","embeddable":true,"href":"https:\/\/www.europesays.com\/fr\/wp-json\/wp\/v2\/categories?post=71826"},{"taxonomy":"post_tag","embeddable":true,"href":"https:\/\/www.europesays.com\/fr\/wp-json\/wp\/v2\/tags?post=71826"}],"curies":[{"name":"wp","href":"https:\/\/api.w.org\/{rel}","templated":true}]}}