{"id":718325,"date":"2026-02-07T16:24:23","date_gmt":"2026-02-07T16:24:23","guid":{"rendered":"https:\/\/www.europesays.com\/fr\/718325\/"},"modified":"2026-02-07T16:24:23","modified_gmt":"2026-02-07T16:24:23","slug":"michel-ocelot-reinvente-le-conte-au-planetarium-de-grenoble","status":"publish","type":"post","link":"https:\/\/www.europesays.com\/fr\/718325\/","title":{"rendered":"Michel Ocelot r\u00e9invente le conte au plan\u00e9tarium de Grenoble"},"content":{"rendered":"<p>\t\t\t\t\t\u00c9V\u00c9NEMENT \u2013 Cosmocit\u00e9, centre de sciences de la m\u00e9tro\u00adpole gre\u00adno\u00adbloise, pro\u00adpose de d\u00e9cou\u00advrir \u00e0 par\u00adtir du 7 f\u00e9vrier 2026 Les Lapins Trois-Oreilles, pre\u00admier conte musi\u00adcal immer\u00adsif \u00e0 360\u00b0 de Michel Ocelot. Une exp\u00e9\u00adrience in\u00e9dite, sp\u00e9\u00adcia\u00adle\u00adment con\u00e7ue pour les d\u00f4mes, qui marque une nou\u00advelle \u00e9tape dans la car\u00adri\u00e8re du r\u00e9a\u00adli\u00adsa\u00adteur de Kirikou et la Sorci\u00e8re. Une pro\u00adjec\u00adtion d\u2019une ving\u00adtaine de minutes, dis\u00adpo\u00adnible jusqu\u2019au 8 mars\u00a02026.<\/p>\n<p>Le cin\u00e9ma d\u2019animation sort des sen\u00adtiers bat\u00adtus et inves\u00adtit les pla\u00adn\u00e9\u00adta\u00adriums. D\u00e8s le 7 f\u00e9vrier 2026, <a href=\"https:\/\/www.placegrenet.fr\/2023\/06\/19\/pont-de-claix-le-centre-de-sciences-cosmocite-pret-a-accueillir-le-grand-public-des-septembre-2023\/606710\" rel=\"nofollow noopener\" target=\"_blank\">Cosmocit\u00e9<\/a>, le centre de sciences de la m\u00e9tro\u00adpole gre\u00adno\u00adbloise, accueille <a href=\"https:\/\/www.michelocelot.fr\/les-lapins-3-oreilles\" rel=\"nofollow noopener\" target=\"_blank\">Les Lapins Trois-Oreilles<\/a>, pre\u00admier conte musi\u00adcal immer\u00adsif \u00e0 360\u00b0 de Michel Ocelot. Une exp\u00e9\u00adrience con\u00e7ue sp\u00e9\u00adcia\u00adle\u00adment pour les d\u00f4mes qui marque un tour\u00adnant dans la car\u00adri\u00e8re du c\u00e9l\u00e8bre r\u00e9a\u00adli\u00adsa\u00adteur connu notam\u00adment pour la r\u00e9a\u00adli\u00adsa\u00adtion de Kirikou et la Sorci\u00e8re ou Azur et\u00a0Asmar.<\/p>\n<p>Une immer\u00adsion totale sous le d\u00f4me du plan\u00e9tarium<\/p>\n<p>Les Lapins Trois-Oreilles n\u2019est pas un film comme les autres. Projet\u00e9 sous la vo\u00fbte du pla\u00adn\u00e9\u00adta\u00adrium de Cosmocit\u00e9, il plonge le spec\u00adta\u00adteur dans un uni\u00advers m\u00e9di\u00e9\u00adval peu\u00adpl\u00e9 de lapins mul\u00adti\u00adco\u00adlores et m\u00e9lo\u00admanes, o\u00f9 la musique et le des\u00adsin enve\u00adloppent lit\u00adt\u00e9\u00adra\u00adle\u00adment le public. Gr\u00e2ce \u00e0 une pro\u00adjec\u00adtion \u00e0 360\u00b0 et un son spa\u00adtia\u00adlis\u00e9, l\u2019exp\u00e9rience d\u00e9passe le cadre tra\u00addi\u00adtion\u00adnel du cin\u00e9ma\u00a0: le spec\u00adta\u00adteur, assis sous le d\u00f4me, devient acteur de l\u2019histoire, libre de tour\u00adner la t\u00eate pour d\u00e9cou\u00advrir chaque d\u00e9tail de l\u2019univers gra\u00adphique de Michel Ocelot.<\/p>\n<p><img fetchpriority=\"high\" decoding=\"async\" aria-describedby=\"caption-attachment-613812\" class=\"wp-image-613812 size-large\" src=\"data:image\/svg+xml,%3Csvg%20xmlns=\" http:=\"\" alt=\"Michel Ocelot r\u00e9invente le conte au plan\u00e9tarium de Grenoble. Dans la salle immersive du centre de sciences Cosmocit\u00e9. \u00a9 Jo\u00ebl Kermabon - Place Gre'net\" width=\"584\" height=\"329\" data-lazy- data-lazy- data-lazy-src=\"https:\/\/www.europesays.com\/fr\/wp-content\/uploads\/2026\/02\/OuvertureCosmociteCreditJoelKermabon-3-800x450.jpg\"\/><\/p>\n<p id=\"caption-attachment-613812\" class=\"wp-caption-text\">La salle immer\u00adsive du centre de sciences Cosmocit\u00e9 va se v\u00eatir des cou\u00adleurs du nou\u00adveau conte de Michel Ocelot\u00a0: Les Lapins Trois-Oreilles, d\u00e8s le samedi 7 f\u00e9vrier 2026. \u00a9 Jo\u00ebl Kermabon \u2013 Place Gre\u2019net<\/p>\n<p>Le r\u00e9a\u00adli\u00adsa\u00adteur a relev\u00e9 le d\u00e9fi de cr\u00e9er un spec\u00adtacle adapt\u00e9 \u00e0 la sp\u00e9\u00adci\u00adfi\u00adcit\u00e9 des \u00e9crans sph\u00e9\u00adriques. \u00ab\u00a0\u00catre pro\u00adfon\u00add\u00e9\u00adment immerg\u00e9 dans l\u2019image et le son, vers les quatre points car\u00addi\u00adnaux, m\u00eame en haut, c\u2019est un r\u00eave de tou\u00adjours. Les curieux pour\u00adront, en se retour\u00adnant, voir une petite vie secr\u00e8te des ani\u00admaux de la for\u00eat der\u00adri\u00e8re eux\u00a0\u00bb, confie-t-il. Le r\u00e9sul\u00adtat est une f\u00eate visuelle et sonore.<\/p>\n<p>Une his\u00adtoire m\u00e9di\u00e9\u00advale et musicale<\/p>\n<p>L\u2019histoire, ins\u00adpi\u00adr\u00e9e des contes tra\u00addi\u00adtion\u00adnels, se d\u00e9roule dans un royaume m\u00e9di\u00e9\u00adval. Un jeune gar\u00ad\u00e7on, d\u00e9ter\u00admin\u00e9 \u00e0 sau\u00adver une prin\u00adcesse pri\u00adson\u00adni\u00e8re d\u2019un r\u00e9gent cruel, doit affron\u00adter l\u2019\u00e9preuve des Lapins Trois-Oreilles. Ces cr\u00e9a\u00adtures, aussi espi\u00e8gles que m\u00e9lo\u00admanes, ne r\u00e9pondent qu\u2019\u00e0 la musique. La prin\u00adcesse, elle, semble pr\u00e9\u00adf\u00e9\u00adrer dan\u00adser avec eux plu\u00adt\u00f4t que de se marier\u2026 Un r\u00e9cit po\u00e9\u00adtique, servi par une bande-son ori\u00adgi\u00adnale sign\u00e9e Laurent Perez Del Mar, <a href=\"https:\/\/www.cinemed.tm.fr\/film?p=8810\" rel=\"nofollow noopener\" target=\"_blank\">com\u00adpo\u00adsi\u00adteur de La Tortue rouge<\/a>.<\/p>\n<p>Pour mar\u00adquer le lan\u00adce\u00adment de cette \u0153uvre, Cosmocit\u00e9 orga\u00adnise deux jour\u00adn\u00e9es sp\u00e9\u00adciales les 19 et 20 f\u00e9vrier, en pr\u00e9\u00adsence du r\u00e9a\u00adli\u00adsa\u00adteur. Au pro\u00adgramme\u00a0: des pro\u00adjec\u00adtions sui\u00advies d\u2019\u00e9changes avec le public, ainsi qu\u2019un \u00ab\u00a0par\u00adcours Michel Ocelot\u00a0\u00bb en par\u00adte\u00adna\u00adriat avec le <a href=\"https:\/\/www.placegrenet.fr\/2017\/06\/27\/melies-fete-50-ans-premieres-conferences-exposition\/527681\" rel=\"nofollow noopener\" target=\"_blank\">cin\u00e9ma Le M\u00e9li\u00e8s \u00e0 Grenoble<\/a>, o\u00f9 seront pro\u00adje\u00adt\u00e9s Kirikou et la Sorci\u00e8re et Azur et Asmar. Une occa\u00adsion rare de d\u00e9cou\u00advrir l\u2019envers du d\u00e9cor et d\u2019\u00e9changer avec l\u2019un des ma\u00eetres du cin\u00e9ma d\u2019animation fran\u00e7ais.<\/p>\n<blockquote>\n<p><strong>Infos pratiques<\/strong><br \/>Lieu\u00a0: Cosmocit\u00e9, Pont-de-Claix<br \/>Dates\u00a0: Du 7 f\u00e9vrier au 8 mars\u00a02026<br \/>Dur\u00e9e\u00a0: 25\u00a0minutes<br \/>Public\u00a0: \u00c0 par\u00adtir de 5\u00a0ans<br \/>Tarifs et r\u00e9ser\u00adva\u00adtions\u00a0: <a href=\"https:\/\/billetterie-cosmocite.mapado.com\/event\/660031-les-lapins-3-oreilles-acces-exposition-de-la-terre-a-lunivers-salle-immersive\" rel=\"nofollow noopener\" target=\"_blank\">cos\u200bmo\u200bcite\u200b.fr<\/a><\/p>\n<\/blockquote>\n","protected":false},"excerpt":{"rendered":"\u00c9V\u00c9NEMENT \u2013 Cosmocit\u00e9, centre de sciences de la m\u00e9tro\u00adpole gre\u00adno\u00adbloise, pro\u00adpose de d\u00e9cou\u00advrir \u00e0 par\u00adtir du 7 f\u00e9vrier&hellip;\n","protected":false},"author":2,"featured_media":718326,"comment_status":"","ping_status":"","sticky":false,"template":"","format":"standard","meta":{"footnotes":"","_share_on_mastodon":"0"},"categories":[9566],"tags":[1111,11,2430,80955,80956,1777,674,1011,27,2731,80957,80958,12,25],"class_list":["post-718325","post","type-post","status-publish","format-standard","has-post-thumbnail","category-grenoble","tag-actu","tag-actualites","tag-auvergne-rhone-alpes","tag-conte-musical-immersif","tag-cosmocite","tag-eu","tag-europe","tag-fr","tag-france","tag-grenoble","tag-les-lapins-trois-oreilles","tag-michel-ocelot","tag-news","tag-republique-francaise"],"share_on_mastodon":{"url":"https:\/\/pubeurope.com\/@fr\/116030279977627504","error":""},"_links":{"self":[{"href":"https:\/\/www.europesays.com\/fr\/wp-json\/wp\/v2\/posts\/718325","targetHints":{"allow":["GET"]}}],"collection":[{"href":"https:\/\/www.europesays.com\/fr\/wp-json\/wp\/v2\/posts"}],"about":[{"href":"https:\/\/www.europesays.com\/fr\/wp-json\/wp\/v2\/types\/post"}],"author":[{"embeddable":true,"href":"https:\/\/www.europesays.com\/fr\/wp-json\/wp\/v2\/users\/2"}],"replies":[{"embeddable":true,"href":"https:\/\/www.europesays.com\/fr\/wp-json\/wp\/v2\/comments?post=718325"}],"version-history":[{"count":0,"href":"https:\/\/www.europesays.com\/fr\/wp-json\/wp\/v2\/posts\/718325\/revisions"}],"wp:featuredmedia":[{"embeddable":true,"href":"https:\/\/www.europesays.com\/fr\/wp-json\/wp\/v2\/media\/718326"}],"wp:attachment":[{"href":"https:\/\/www.europesays.com\/fr\/wp-json\/wp\/v2\/media?parent=718325"}],"wp:term":[{"taxonomy":"category","embeddable":true,"href":"https:\/\/www.europesays.com\/fr\/wp-json\/wp\/v2\/categories?post=718325"},{"taxonomy":"post_tag","embeddable":true,"href":"https:\/\/www.europesays.com\/fr\/wp-json\/wp\/v2\/tags?post=718325"}],"curies":[{"name":"wp","href":"https:\/\/api.w.org\/{rel}","templated":true}]}}