{"id":71860,"date":"2025-05-03T13:21:18","date_gmt":"2025-05-03T13:21:18","guid":{"rendered":"https:\/\/www.europesays.com\/fr\/71860\/"},"modified":"2025-05-03T13:21:18","modified_gmt":"2025-05-03T13:21:18","slug":"sur-la-corde-raide-friedrich-merz-pourra-neanmoins-etre-chancelier-dallemagne","status":"publish","type":"post","link":"https:\/\/www.europesays.com\/fr\/71860\/","title":{"rendered":"Sur la corde raide, Friedrich Merz pourra n\u00e9anmoins \u00eatre chancelier d\u2019Allemagne"},"content":{"rendered":"<p>              <a tabindex=\"-1\" title=\"Delphine Nerbollier\" href=\"https:\/\/www.letemps.ch\/profil\/delphine-nerbollier\" target=\"_blank\" rel=\"noopener\"><\/p>\n<p>                    <img decoding=\"async\" src=\"https:\/\/www.europesays.com\/fr\/wp-content\/uploads\/2025\/05\/1746278478_882_small.jpeg\" class=\"lazy\" alt=\"\"\/><\/p>\n<p><\/a>        <\/p>\n<p>    Publi\u00e9 le 30 avril 2025 \u00e0 12:53. \/ Modifi\u00e9 le 30 avril 2025 \u00e0 21:43.<\/p>\n<p> 4 min. de lecture<\/p>\n<p>Cette fois, la voie est libre. Friedrich Merz pourra bel et bien \u00eatre \u00e9lu chancelier le 6\u00a0mai prochain par le Bundestag. Les membres du Parti social-d\u00e9mocrate (SPD) ont approuv\u00e9 mercredi matin \u00e0 84,6% la participation de leur formation \u00e0 une future coalition avec les chr\u00e9tiens-d\u00e9mocrates de la CDU\/CSU. Plus de deux mois apr\u00e8s les \u00e9lections l\u00e9gislatives, l\u2019Allemagne se dotera d\u00e8s la semaine prochaine d\u2019un nouveau gouvernement.<\/p>\n<p>Contrairement \u00e0 ses pr\u00e9d\u00e9cesseurs, le futur chancelier ne b\u00e9n\u00e9ficie toutefois d\u2019aucun \u00e9tat de gr\u00e2ce. Au contraire, sa cote de popularit\u00e9 n\u2019a cess\u00e9 de baisser avant m\u00eame son entr\u00e9e en fonction. En cause, son revirement d\u00e8s l\u2019apr\u00e8s-\u00e9lection sur un sujet dont il avait fait son cheval de bataille, \u00e0 savoir le maintien de la rigueur budg\u00e9taire et le refus de toute nouvelle dette. A peine les l\u00e9gislatives pass\u00e9es, et sous le choc de l\u2019abandon moral des Europ\u00e9ens par les Etats-Unis, Friedrich Merz a fait adopter une r\u00e9forme du frein \u00e0 la dette, en mars, pour financer les besoins massifs de l\u2019arm\u00e9e allemande. L\u2019Allemagne se dote aussi d\u2019un fonds sp\u00e9cial de 500\u00a0milliards d\u2019euros pour mettre \u00e0 niveau les infrastructures du pays.<\/p>\n<p>    La suite de l&rsquo;article vous int\u00e9resse?<\/p>\n<p>Tout comprendre, mieux s\u2019informer: acc\u00e9dez au meilleur du journalisme suisse avec notre offre combin\u00e9e <b>Le Temps &amp; Heidi.news<\/b>. &#13;\n<\/p>\n<p>Abonnez-vous en quelques clics et payez facilement avec <b>Twint<\/b>.<\/p>\n<p>    <a class=\"button is-secondary\" data-event=\"click-&gt;clicked\" href=\"https:\/\/www.letemps.ch\/abonnements?wall_id=1\" target=\"_blank\" rel=\"noopener\">Je m\u2019abonne<\/a><\/p>\n<p class=\"post-subscribe__login\">\n        Vous avez d\u00e9j\u00e0 un compte ?<br \/>\n        <a class=\"link\" rel=\"nofollow noopener\" href=\"https:\/\/www.letemps.ch\/compte\/connexion?return_to=https%3A%2F%2Fwww.letemps.ch%2Fmonde%2Feurope%2Fsur-la-corde-raide-friedrich-merz-pourra-etre-chancelier-d-allemagne\" target=\"_blank\">Se connecter<\/a>\n      <\/p>\n","protected":false},"excerpt":{"rendered":"Publi\u00e9 le 30 avril 2025 \u00e0 12:53. \/ Modifi\u00e9 le 30 avril 2025 \u00e0 21:43. 4 min. de&hellip;\n","protected":false},"author":2,"featured_media":71861,"comment_status":"","ping_status":"","sticky":false,"template":"","format":"standard","meta":{"footnotes":""},"categories":[1587],"tags":[11,672,1804,1805,1803,1777,674,1801,12,301,1802],"class_list":{"0":"post-71860","1":"post","2":"type-post","3":"status-publish","4":"format-standard","5":"has-post-thumbnail","7":"category-allemagne","8":"tag-actualites","9":"tag-allemagne","10":"tag-bundesrepublik-deutschland","11":"tag-de","12":"tag-deutschland","13":"tag-eu","14":"tag-europe","15":"tag-germany","16":"tag-news","17":"tag-premium","18":"tag-republique-federale-dallemagne"},"share_on_mastodon":{"url":"https:\/\/pubeurope.com\/@fr\/114444113482848845","error":""},"_links":{"self":[{"href":"https:\/\/www.europesays.com\/fr\/wp-json\/wp\/v2\/posts\/71860","targetHints":{"allow":["GET"]}}],"collection":[{"href":"https:\/\/www.europesays.com\/fr\/wp-json\/wp\/v2\/posts"}],"about":[{"href":"https:\/\/www.europesays.com\/fr\/wp-json\/wp\/v2\/types\/post"}],"author":[{"embeddable":true,"href":"https:\/\/www.europesays.com\/fr\/wp-json\/wp\/v2\/users\/2"}],"replies":[{"embeddable":true,"href":"https:\/\/www.europesays.com\/fr\/wp-json\/wp\/v2\/comments?post=71860"}],"version-history":[{"count":0,"href":"https:\/\/www.europesays.com\/fr\/wp-json\/wp\/v2\/posts\/71860\/revisions"}],"wp:featuredmedia":[{"embeddable":true,"href":"https:\/\/www.europesays.com\/fr\/wp-json\/wp\/v2\/media\/71861"}],"wp:attachment":[{"href":"https:\/\/www.europesays.com\/fr\/wp-json\/wp\/v2\/media?parent=71860"}],"wp:term":[{"taxonomy":"category","embeddable":true,"href":"https:\/\/www.europesays.com\/fr\/wp-json\/wp\/v2\/categories?post=71860"},{"taxonomy":"post_tag","embeddable":true,"href":"https:\/\/www.europesays.com\/fr\/wp-json\/wp\/v2\/tags?post=71860"}],"curies":[{"name":"wp","href":"https:\/\/api.w.org\/{rel}","templated":true}]}}