{"id":71888,"date":"2025-05-03T13:39:08","date_gmt":"2025-05-03T13:39:08","guid":{"rendered":"https:\/\/www.europesays.com\/fr\/71888\/"},"modified":"2025-05-03T13:39:08","modified_gmt":"2025-05-03T13:39:08","slug":"qui-sont-les-invites-de-lea-salame-dans-quelle-epoque-ce-samedi-3-mai","status":"publish","type":"post","link":"https:\/\/www.europesays.com\/fr\/71888\/","title":{"rendered":"Qui sont les invit\u00e9s de L\u00e9a Salam\u00e9 dans \u00abQuelle \u00e9poque!\u00bb ce samedi 3 mai ?"},"content":{"rendered":"<p>Apr\u00e8s le jeu \u00abQui restera dans la lumi\u00e8re?\u00bb anim\u00e9 par Bruno Guillon, le talk-show de France 2 pr\u00e9sent\u00e9 par la journaliste aux c\u00f4t\u00e9s de Paul de Saint Sernin, Charlotte Dhenaux et Philippe Caverivi\u00e8re d\u00e9butera \u00e0 23h25.<\/p>\n<p class=\"fig-paragraph\">Six invit\u00e9s seront autour de la table de L\u00e9a Salam\u00e9 dans le num\u00e9ro de\u00a0<a href=\"https:\/\/tvmag.lefigaro.fr\/programme-tv\/programme\/quelle-epoque-f207648062\" target=\"_blank\" rel=\"noopener nofollow\" data-gtm-custom-categorie=\"navigation\" data-gtm-custom-action=\"crossclick\" data-gtm-custom-label=\"Contextuel\" data-gtm-event=\"customEventSPE\"><strong>\u00ab Quelle \u00e9poque!\u00a0\u00bb<\/strong><\/a> \u00a0diffus\u00e9 ce samedi soir \u00e0 partir de 23h25 sur France 2. La journaliste recevra <strong>Nicolas Bedos<\/strong> pour son livre intitul\u00e9\u00a0<a href=\"http:\/\/www.lefigaro.fr\/culture\/dans-la-soif-de-honte-nicolas-bedos-revient-sur-sa-condamnation-et-revele-avoir-ete-victime-d-un-viol-20250430\" target=\"_blank\" data-fig-type=\"NewsFlash\" rel=\"noopener nofollow\" data-gtm-custom-categorie=\"navigation\" data-gtm-custom-action=\"crossclick\" data-gtm-custom-label=\"Contextuel\" data-gtm-event=\"customEventSPE\" data-fig-domain=\"LEFIGARO\">La soif de honte<\/a> \u00a0\u00e0 para\u00eetre le 7 mai aux \u00e9ditions de L\u2019Observatoire. Dans cet ouvrage, l\u2019acteur et r\u00e9alisateur de 46 ans revient notamment sur sa condamnation \u00e0 un an de prison, dont six mois avec sursis, pour agressions sexuelles sur deux femmes en 2023. Il y raconte son parcours avant et apr\u00e8s son jugement survenu en octobre dernier.<\/p>\n<p class=\"fig-paragraph\">La com\u00e9dienne\u00a0<a href=\"http:\/\/tvmag.lefigaro.fr\/programme-tv\/actu-tele\/on-ne-pouvait-pas-continuer-anny-duperey-donne-les-raisons-de-l-arret-de-la-celebre-serie-une-famille-formidable-20250410\" target=\"_blank\" data-fig-type=\"Article\" rel=\"noopener nofollow\" data-gtm-custom-categorie=\"navigation\" data-gtm-custom-action=\"crossclick\" data-gtm-custom-label=\"Contextuel\" data-gtm-event=\"customEventSPE\" data-fig-domain=\"TVMAG\"><strong>Anny Duperey<\/strong><\/a> \u00a0viendra quant \u00e0 elle parler de son livre Respire, c\u2019est de l\u2019iode\u00a0! (Et autres \u00e9vocations libres) commercialis\u00e9 le 11 avril aux \u00e9ditions du Seuil. Celle qui a longtemps jou\u00e9 dans la s\u00e9rie de TF1 Une famille formidable revient sur ces petites phrases qui l\u2019ont marqu\u00e9e durant sa belle carri\u00e8re et partage de nombreuses anecdotes.<\/p>\n<p class=\"fig-body-link\">\n            \u00c0 lire aussi<br \/>\n        <a class=\"fig-body-link__link\" href=\"http:\/\/tvmag.lefigaro.fr\/programme-tv\/people\/toussaint-salame-delahousse-coudray-les-tocs-des-animateurs-tele-qu-on-a-tous-remarques-20250421\" target=\"_blank\" data-fig-type=\"Article\" rel=\"noopener nofollow\" data-gtm-custom-categorie=\"navigation\" data-gtm-custom-action=\"crossclick\" data-gtm-custom-label=\"Contextuel\" data-gtm-event=\"customEventSPE\" data-fig-domain=\"TVMAG\">Toussaint, Salam\u00e9, Delahousse, Coudray&#8230; Les tocs des animateurs t\u00e9l\u00e9 qu\u2019on a tous remarqu\u00e9s<br \/>\n    <\/a>\n<\/p>\n<p class=\"fig-paragraph\">Autre ouvrage \u00e0 l\u2019honneur dans \u00ab Quelle \u00e9poque!\u00a0\u00bb, celui sign\u00e9 par\u00a0<a href=\"http:\/\/tvmag.lefigaro.fr\/programme-tv\/actu-tele\/conversation-assumee-bruno-retailleau-invite-nous-avons-ecoute-le-premier-episode-du-podcast-de-louis-sarkozy-20250404\" target=\"_blank\" data-fig-type=\"Article\" rel=\"noopener nofollow\" data-gtm-custom-categorie=\"navigation\" data-gtm-custom-action=\"crossclick\" data-gtm-custom-label=\"Contextuel\" data-gtm-event=\"customEventSPE\" data-fig-domain=\"TVMAG\"><strong>Louis Sarkozy<\/strong><\/a>, Napol\u00e9on Bonaparte &#8211; L\u2019empire des livres (\u00e9ditions Pass\u00e9s compos\u00e9s), disponible \u00e0 la vente \u00e0 partir du 7 mai. Un livre o\u00f9 le fils de l\u2019ancien pr\u00e9sident de la R\u00e9publique s\u2019int\u00e9resse \u00e0 la passion d\u00e9vorante pour la lecture de Napol\u00e9on. La romanci\u00e8re <strong>Anne Akrich<\/strong>, enfin, viendra parler de son nouveau roman, Kylian, paru chez Gallimard. Elle y raconte la gen\u00e8se insolite d\u2019une biographie inachev\u00e9e du footballeur Kylian Mbapp\u00e9.<\/p>\n<p class=\"fig-paragraph\">Du c\u00f4t\u00e9 de la sc\u00e8ne, l\u2019humoriste\u00a0<a href=\"http:\/\/tvmag.lefigaro.fr\/programme-tv\/people\/j-ai-dit-a-mon-fils-de-ne-pas-s-attacher-mathieu-madenian-ironise-sur-sa-paternite-a-presque-50-ans-20250109\" target=\"_blank\" data-fig-type=\"Article\" rel=\"noopener nofollow\" data-gtm-custom-categorie=\"navigation\" data-gtm-custom-action=\"crossclick\" data-gtm-custom-label=\"Contextuel\" data-gtm-event=\"customEventSPE\" data-fig-domain=\"TVMAG\"><strong>Mathieu Madenian<\/strong><\/a> \u00a0viendra promouvoir son nouveau spectacle intitul\u00e9 \u00c0 pleurer de rire qu\u2019il joue au Th\u00e9\u00e2tre Le Solo \u00e0 Paris jusqu\u2019au 25 juin prochain. Et le com\u00e9dien <strong>Axel Auriant <\/strong>de la pi\u00e8ce de th\u00e9\u00e2tre\u00a0<a href=\"http:\/\/www.lefigaro.fr\/livres\/l-ecriture-est-ma-consolation-mon-refuge-david-foenkinos-la-fureur-de-vivre-20250217\" target=\"_blank\" data-fig-type=\"Article\" rel=\"noopener nofollow\" data-gtm-custom-categorie=\"navigation\" data-gtm-custom-action=\"crossclick\" data-gtm-custom-label=\"Contextuel\" data-gtm-event=\"customEventSPE\" data-fig-domain=\"LEFIGARO\">Num\u00e9ro deux, d\u2019apr\u00e8s le roman de David Foenkinos<\/a>, actuellement aux Th\u00e9\u00e2tre Tristan Bernard \u00e0 Paris.<\/p>\n<p>\u00a0\u00bb<br \/>\n        data-script=\u00a0\u00bbhttps:\/\/static.lefigaro.fr\/widget-video\/short-ttl\/video\/index.js\u00a0\u00bb<br \/>\n    &gt;<\/p>\n","protected":false},"excerpt":{"rendered":"Apr\u00e8s le jeu \u00abQui restera dans la lumi\u00e8re?\u00bb anim\u00e9 par Bruno Guillon, le talk-show de France 2 pr\u00e9sent\u00e9&hellip;\n","protected":false},"author":2,"featured_media":71889,"comment_status":"","ping_status":"","sticky":false,"template":"","format":"standard","meta":{"footnotes":""},"categories":[1356],"tags":[6399,6394,6396,6398,6397,6395,58,59,1011,27,3806,6401,6402,252,1364,6400],"class_list":{"0":"post-71888","1":"post","2":"type-post","3":"status-publish","4":"format-standard","5":"has-post-thumbnail","7":"category-television","8":"tag-ce-soir-a-la-tele","9":"tag-ce-soir-tv","10":"tag-ce-soir-tv-canal","11":"tag-ce-soir-tv-canalsat","12":"tag-ce-soir-tv-orange","13":"tag-ce-soir-tv-tnt","14":"tag-divertissement","15":"tag-entertainment","16":"tag-fr","17":"tag-france","18":"tag-lea-salame","19":"tag-programme-tele-ce-soir","20":"tag-programme-tv-ce-soir","21":"tag-television","22":"tag-tv","23":"tag-tv-ce-soir-programme-tv"},"share_on_mastodon":{"url":"https:\/\/pubeurope.com\/@fr\/114444184053678387","error":""},"_links":{"self":[{"href":"https:\/\/www.europesays.com\/fr\/wp-json\/wp\/v2\/posts\/71888","targetHints":{"allow":["GET"]}}],"collection":[{"href":"https:\/\/www.europesays.com\/fr\/wp-json\/wp\/v2\/posts"}],"about":[{"href":"https:\/\/www.europesays.com\/fr\/wp-json\/wp\/v2\/types\/post"}],"author":[{"embeddable":true,"href":"https:\/\/www.europesays.com\/fr\/wp-json\/wp\/v2\/users\/2"}],"replies":[{"embeddable":true,"href":"https:\/\/www.europesays.com\/fr\/wp-json\/wp\/v2\/comments?post=71888"}],"version-history":[{"count":0,"href":"https:\/\/www.europesays.com\/fr\/wp-json\/wp\/v2\/posts\/71888\/revisions"}],"wp:featuredmedia":[{"embeddable":true,"href":"https:\/\/www.europesays.com\/fr\/wp-json\/wp\/v2\/media\/71889"}],"wp:attachment":[{"href":"https:\/\/www.europesays.com\/fr\/wp-json\/wp\/v2\/media?parent=71888"}],"wp:term":[{"taxonomy":"category","embeddable":true,"href":"https:\/\/www.europesays.com\/fr\/wp-json\/wp\/v2\/categories?post=71888"},{"taxonomy":"post_tag","embeddable":true,"href":"https:\/\/www.europesays.com\/fr\/wp-json\/wp\/v2\/tags?post=71888"}],"curies":[{"name":"wp","href":"https:\/\/api.w.org\/{rel}","templated":true}]}}