{"id":71911,"date":"2025-05-03T13:54:10","date_gmt":"2025-05-03T13:54:10","guid":{"rendered":"https:\/\/www.europesays.com\/fr\/71911\/"},"modified":"2025-05-03T13:54:10","modified_gmt":"2025-05-03T13:54:10","slug":"les-trolls-debarquent-a-la-salle-des-fetes-de-la-farlede","status":"publish","type":"post","link":"https:\/\/www.europesays.com\/fr\/71911\/","title":{"rendered":"Les Trolls d\u00e9barquent \u00e0 la salle des f\u00eates de La Farl\u00e8de"},"content":{"rendered":"<p>Ce week-end sera un moment de partage autour de la figurine dans tous ses \u00e9tats (sculpture- peinture- jeux) qui a pour but de rassembler les passionn\u00e9s et les associations de toute la r\u00e9gion. L\u2019un des temps forts de cet \u00e9v\u00e8nement sera la remise des prix de la deuxi\u00e8me \u00e9dition du challenge de peinture de printemps (dimanche \u00e0 15 h).<\/p>\n<p>Ce challenge a pour objet la peinture d\u2019une figurine impos\u00e9e. Chaque membre d\u2019une association partenaire ou candidat individuel peut peindre la figurine et la mettre en sc\u00e8ne dans un univers de son choix. L\u2019exposition des pi\u00e8ces permettra au public d\u2019appr\u00e9cier la diversit\u00e9 d\u2019interpr\u00e9tations d\u2019un m\u00eame mod\u00e8le. Les pi\u00e8ces sont \u00e9galement appr\u00e9ci\u00e9es par un jury de pairs sur la base de la cr\u00e9ativit\u00e9, de l\u2019originalit\u00e9 et de la coh\u00e9rence de la proposition artistique, donnant lieu \u00e0 la remise de prix.<\/p>\n<p>\u00ab\u00a0Nous attendons entre 30 et 50 interpr\u00e9tations diff\u00e9rentes, avec des participations individuelles de peintres amateurs ou professionnels ou associations des r\u00e9gions Sud (Paca), Occitanie, Rh\u00f4ne-Alpes, Ile-de-France et Bourgogne Franche-Comt\u00e9\u00a0\u00bb, explique Samantha Ferrari, de l\u2019association organisatrice.<\/p>\n<p>\u00ab\u00a0Notre ambition est d\u2019initier un \u00e9v\u00e8nement \u201cd\u00e9cal\u00e9\u201d des codes ancestraux de cette discipline, afin d\u2019offrir une alternative \u00e0 des pratiquants de plus en plus tourn\u00e9s vers les univers fantastiques et\/ou ludiques, et dont l\u2018\u00e2ge moyen se situe ente 16 et 40 ans. Cette \u201cnouvelle g\u00e9n\u00e9ration\u201d de peintres ne se reconnaissant plus dans les concours \u2018cod\u00e9s\u2019. Elle souhaite trouver du plaisir, des \u00e9changes et du fun dans sa pratique\u00a0\u00bb.<\/p>\n<p>Samedi de 10 h \u00e0 18 h et dimanche de 10 h \u00e0 16 h. Salle des f\u00eates. Entr\u00e9e libre. Programme complet sur la page Facebook de Troll\u2019s company.<\/p>\n<p>L\u2019association<\/p>\n<p>La Troll\u2019s company a pour vocation de promouvoir la peinture et la sculpture manuelle (et\/ou) num\u00e9rique de figurines historiques ou fantastiques. Elle a \u00e9galement un but de formation et d\u2019information. Elle a \u00e9t\u00e9 cr\u00e9\u00e9e en mai 2023.<\/p>\n<p>L\u2019objectif de ses fondateurs: d\u00e9mocratiser ces loisirs, longtemps r\u00e9serv\u00e9s \u00e0 des sp\u00e9cialistes de \u00ab\u00a0gamers\u00a0\u00bb ou des \u00ab\u00a0passionn\u00e9s d\u2019Histoire\u00a0\u00bb.<\/p>\n<p>\u00ab\u00a0Notre action se caract\u00e9rise, notamment par une pr\u00e9sence active sur des \u00e9v\u00e8nements locaux, r\u00e9gionaux et nationaux, et sur le partage et la transmission de savoir-faire\u00a0\u00bb, explique la pr\u00e9sidente. <br \/>&#13;<br \/>\nGr\u00e2ce \u00e0 un partenariat avec la Mairie de la Farl\u00e8de, La Troll\u2019s company propose des s\u00e9ances de peinture collective un samedi par mois sous forme de \u00ab\u00a0journ\u00e9e peinture\u00a0\u00bb, pour permettre d\u2019\u00e9changer sur les diff\u00e9rents projets en cours, de b\u00e9n\u00e9ficier de conseils ou d\u2019id\u00e9es nouvelles ; mais aussi des cours th\u00e9matiques afin de s\u2019initier aux techniques de base.<\/p>\n","protected":false},"excerpt":{"rendered":"Ce week-end sera un moment de partage autour de la figurine dans tous ses \u00e9tats (sculpture- peinture- jeux)&hellip;\n","protected":false},"author":2,"featured_media":71912,"comment_status":"","ping_status":"","sticky":false,"template":"","format":"standard","meta":{"footnotes":""},"categories":[9619],"tags":[1111,11,1777,674,1011,27,12,882,25,2310,3366],"class_list":{"0":"post-71911","1":"post","2":"type-post","3":"status-publish","4":"format-standard","5":"has-post-thumbnail","7":"category-toulon","8":"tag-actu","9":"tag-actualites","10":"tag-eu","11":"tag-europe","12":"tag-fr","13":"tag-france","14":"tag-news","15":"tag-provence-alpes-cote-dazur","16":"tag-republique-francaise","17":"tag-toulon","18":"tag-vie-locale"},"share_on_mastodon":{"url":"https:\/\/pubeurope.com\/@fr\/114444243009688061","error":""},"_links":{"self":[{"href":"https:\/\/www.europesays.com\/fr\/wp-json\/wp\/v2\/posts\/71911","targetHints":{"allow":["GET"]}}],"collection":[{"href":"https:\/\/www.europesays.com\/fr\/wp-json\/wp\/v2\/posts"}],"about":[{"href":"https:\/\/www.europesays.com\/fr\/wp-json\/wp\/v2\/types\/post"}],"author":[{"embeddable":true,"href":"https:\/\/www.europesays.com\/fr\/wp-json\/wp\/v2\/users\/2"}],"replies":[{"embeddable":true,"href":"https:\/\/www.europesays.com\/fr\/wp-json\/wp\/v2\/comments?post=71911"}],"version-history":[{"count":0,"href":"https:\/\/www.europesays.com\/fr\/wp-json\/wp\/v2\/posts\/71911\/revisions"}],"wp:featuredmedia":[{"embeddable":true,"href":"https:\/\/www.europesays.com\/fr\/wp-json\/wp\/v2\/media\/71912"}],"wp:attachment":[{"href":"https:\/\/www.europesays.com\/fr\/wp-json\/wp\/v2\/media?parent=71911"}],"wp:term":[{"taxonomy":"category","embeddable":true,"href":"https:\/\/www.europesays.com\/fr\/wp-json\/wp\/v2\/categories?post=71911"},{"taxonomy":"post_tag","embeddable":true,"href":"https:\/\/www.europesays.com\/fr\/wp-json\/wp\/v2\/tags?post=71911"}],"curies":[{"name":"wp","href":"https:\/\/api.w.org\/{rel}","templated":true}]}}