{"id":71913,"date":"2025-05-03T13:55:08","date_gmt":"2025-05-03T13:55:08","guid":{"rendered":"https:\/\/www.europesays.com\/fr\/71913\/"},"modified":"2025-05-03T13:55:08","modified_gmt":"2025-05-03T13:55:08","slug":"collision-en-chaine-dans-le-tunnel-de-toulon-en-direction-de-marseille","status":"publish","type":"post","link":"https:\/\/www.europesays.com\/fr\/71913\/","title":{"rendered":"Collision en cha\u00eene dans le tunnel de Toulon en direction de Marseille"},"content":{"rendered":"<p>C\u2019est en fin de matin\u00e9e que le tunnel de Toulon a \u00e9t\u00e9 coup\u00e9 \u00e0 la circulation pour permettre aux v\u00e9hicules de secours d\u2019intervenir.<\/p>\n<p>Peu apr\u00e8s 11 heures du matin, trois voitures se sont heurt\u00e9es dans le tunnel, dans le sens Toulon-Marseille. Le trafic a \u00e9t\u00e9 imm\u00e9diatement ralenti et un automobiliste a eu le r\u00e9flexe d\u2019alerter au plus vite les sapeurs-pompiers de la ville.<\/p>\n<p>Trois ambulances de secours, un fourgon incendie, un v\u00e9hicule de balisage et de d\u00e9sincarc\u00e9ration et un v\u00e9hicule de commandement se sont rapidement rendus sur place pour prendre en charge les victimes. Deux personnes ont \u00e9t\u00e9 bless\u00e9es l\u00e9g\u00e8rement: un homme qui a \u00e9t\u00e9 hospitalis\u00e9 \u00e0 Sainte-Anne et une dame qui a \u00e9t\u00e9 admise aux urgences du m\u00eame \u00e9tablissement. Le troisi\u00e8me conducteur n\u2019a pas \u00e9t\u00e9 s\u00e9rieusement touch\u00e9 dans la collision.<\/p>\n<p>Vitesse limit\u00e9e<\/p>\n<p>Par chance, il appara\u00eet que le trafic n\u2019\u00e9tait pas tr\u00e8s important au moment des faits et que les v\u00e9hicules impliqu\u00e9s ne roulaient pas \u00e0 grande vitesse lorsque les faits se sont produits. Ce qui a limit\u00e9 la gravit\u00e9 du sinistre.<\/p>\n<p>N\u00e9anmoins, les \u00e9quipes du d\u00e9tachement de police-autoroute ont proc\u00e9d\u00e9 \u00e0 l\u2019arr\u00eat total de la circulation pour laisser les 17 pompiers sur place terminer leur mission. La circulation devrait reprendre en d\u00e9but d\u2019apr\u00e8s-midi. Une enqu\u00eate a \u00e9t\u00e9 ouverte pour d\u00e9terminer les causes de cette collision en cha\u00eene.<\/p>\n","protected":false},"excerpt":{"rendered":"C\u2019est en fin de matin\u00e9e que le tunnel de Toulon a \u00e9t\u00e9 coup\u00e9 \u00e0 la circulation pour permettre&hellip;\n","protected":false},"author":2,"featured_media":71914,"comment_status":"","ping_status":"","sticky":false,"template":"","format":"standard","meta":{"footnotes":""},"categories":[9619],"tags":[1111,11,1777,674,1011,27,12,882,25,2310,3366],"class_list":{"0":"post-71913","1":"post","2":"type-post","3":"status-publish","4":"format-standard","5":"has-post-thumbnail","7":"category-toulon","8":"tag-actu","9":"tag-actualites","10":"tag-eu","11":"tag-europe","12":"tag-fr","13":"tag-france","14":"tag-news","15":"tag-provence-alpes-cote-dazur","16":"tag-republique-francaise","17":"tag-toulon","18":"tag-vie-locale"},"share_on_mastodon":{"url":"https:\/\/pubeurope.com\/@fr\/114444246937015110","error":""},"_links":{"self":[{"href":"https:\/\/www.europesays.com\/fr\/wp-json\/wp\/v2\/posts\/71913","targetHints":{"allow":["GET"]}}],"collection":[{"href":"https:\/\/www.europesays.com\/fr\/wp-json\/wp\/v2\/posts"}],"about":[{"href":"https:\/\/www.europesays.com\/fr\/wp-json\/wp\/v2\/types\/post"}],"author":[{"embeddable":true,"href":"https:\/\/www.europesays.com\/fr\/wp-json\/wp\/v2\/users\/2"}],"replies":[{"embeddable":true,"href":"https:\/\/www.europesays.com\/fr\/wp-json\/wp\/v2\/comments?post=71913"}],"version-history":[{"count":0,"href":"https:\/\/www.europesays.com\/fr\/wp-json\/wp\/v2\/posts\/71913\/revisions"}],"wp:featuredmedia":[{"embeddable":true,"href":"https:\/\/www.europesays.com\/fr\/wp-json\/wp\/v2\/media\/71914"}],"wp:attachment":[{"href":"https:\/\/www.europesays.com\/fr\/wp-json\/wp\/v2\/media?parent=71913"}],"wp:term":[{"taxonomy":"category","embeddable":true,"href":"https:\/\/www.europesays.com\/fr\/wp-json\/wp\/v2\/categories?post=71913"},{"taxonomy":"post_tag","embeddable":true,"href":"https:\/\/www.europesays.com\/fr\/wp-json\/wp\/v2\/tags?post=71913"}],"curies":[{"name":"wp","href":"https:\/\/api.w.org\/{rel}","templated":true}]}}