{"id":71921,"date":"2025-05-03T14:00:44","date_gmt":"2025-05-03T14:00:44","guid":{"rendered":"https:\/\/www.europesays.com\/fr\/71921\/"},"modified":"2025-05-03T14:00:44","modified_gmt":"2025-05-03T14:00:44","slug":"consultation-publique-jusquau-jeudi-15-mai","status":"publish","type":"post","link":"https:\/\/www.europesays.com\/fr\/71921\/","title":{"rendered":"consultation publique jusqu\u2019au jeudi 15 mai"},"content":{"rendered":"<p>Jusqu\u2019au jeudi 15\u00a0mai, l\u2019avis de participation du public, relatif \u00e0 un projet de stockage de chlore sur le site de Framatome Jarrie, est ouvert sur le site internet des services de l\u2019\u00c9tat en Is\u00e8re.<\/p>\n<p>Framatome assure la production d\u2019\u00e9ponge de zirconium et d\u2019autres m\u00e9taux et d\u00e9riv\u00e9s chimiques. Le site re\u00e7oit un minerai qui est purifi\u00e9 par diff\u00e9rentes op\u00e9rations, dont l\u2019une n\u00e9cessite du chlore. Le chlore est aliment\u00e9 en totalit\u00e9 depuis Arkema. Framatome souhaite s\u00e9curiser son approvisionnement, d\u2019o\u00f9 un projet de back up d\u2019alimentation en chlore.<\/p>\n<p>Avant la signature d\u2019un arr\u00eat\u00e9 pr\u00e9fectoral, en application du Code de l\u2019environnement, le projet est soumis \u00e0 une participation du public. Celle-ci se fait uniquement par voie \u00e9lectronique.<\/p>\n<p class=\"note\"> Observations \u00e0 envoyer \u00e0\u00a0: ddpp-observations-ic@isere.gouv.fr <\/p>\n<p>Ce contenu est bloqu\u00e9 car vous n&rsquo;avez pas accept\u00e9 les cookies et autres traceurs.<\/p>\n<p>En cliquant sur \u00ab J\u2019accepte \u00bb, les cookies et autres traceurs seront d\u00e9pos\u00e9s et vous pourrez visualiser les contenus  (<a href=\"\" class=\"consentModule_policy\" target=\"_blank\" title=\"Consulter la politique de protection des donn\u00e9es du fournisseur\">plus d&rsquo;informations<\/a>).<\/p>\n<p>En cliquant sur \u00ab J\u2019accepte tous les cookies \u00bb, vous autorisez des d\u00e9p\u00f4ts de cookies et autres traceurs pour le stockage de vos donn\u00e9es sur nos sites et applications \u00e0 des fins de personnalisation et de ciblage publicitaire.<\/p>\n<p class=\"consentModule_secondaryText\">Vous gardez la possibilit\u00e9 de retirer votre consentement \u00e0 tout moment en consultant notre <a href=\"https:\/\/www.ledauphine.com\/protection-des-donnees\" target=\"_blank\" title=\"Consulter notre politique de protection des donn\u00e9es\" rel=\"nofollow noopener\">politique de protection des donn\u00e9es<\/a>. <br \/>&#13;<br \/>\n            <a href=\"https:\/\/www.ledauphine.com\/environnement\/2025\/05\/02\/javascript:Didomi.notice.show()\" class=\"consentModule_cmp\" rel=\"nofollow noopener\" target=\"_blank\">G\u00e9rer mes choix<\/a>&#13;\n        <\/p>\n<p>&#13;<br \/>\n                        J&rsquo;accepte&#13;<br \/>\n            J&rsquo;accepte tous les cookies&#13;\n        <\/p>\n","protected":false},"excerpt":{"rendered":"Jusqu\u2019au jeudi 15\u00a0mai, l\u2019avis de participation du public, relatif \u00e0 un projet de stockage de chlore sur le&hellip;\n","protected":false},"author":2,"featured_media":71922,"comment_status":"","ping_status":"","sticky":false,"template":"","format":"standard","meta":{"footnotes":""},"categories":[9566],"tags":[1111,11,2430,113,436,1777,674,1011,27,2731,693,17480,12,25,17481],"class_list":{"0":"post-71921","1":"post","2":"type-post","3":"status-publish","4":"format-standard","5":"has-post-thumbnail","7":"category-grenoble","8":"tag-actu","9":"tag-actualites","10":"tag-auvergne-rhone-alpes","11":"tag-edition-gresivaudan-oisans","12":"tag-environnement","13":"tag-eu","14":"tag-europe","15":"tag-fr","16":"tag-france","17":"tag-grenoble","18":"tag-industrie","19":"tag-jarrie","20":"tag-news","21":"tag-republique-francaise","22":"tag-romanche"},"share_on_mastodon":{"url":"https:\/\/pubeurope.com\/@fr\/114444266750433741","error":""},"_links":{"self":[{"href":"https:\/\/www.europesays.com\/fr\/wp-json\/wp\/v2\/posts\/71921","targetHints":{"allow":["GET"]}}],"collection":[{"href":"https:\/\/www.europesays.com\/fr\/wp-json\/wp\/v2\/posts"}],"about":[{"href":"https:\/\/www.europesays.com\/fr\/wp-json\/wp\/v2\/types\/post"}],"author":[{"embeddable":true,"href":"https:\/\/www.europesays.com\/fr\/wp-json\/wp\/v2\/users\/2"}],"replies":[{"embeddable":true,"href":"https:\/\/www.europesays.com\/fr\/wp-json\/wp\/v2\/comments?post=71921"}],"version-history":[{"count":0,"href":"https:\/\/www.europesays.com\/fr\/wp-json\/wp\/v2\/posts\/71921\/revisions"}],"wp:featuredmedia":[{"embeddable":true,"href":"https:\/\/www.europesays.com\/fr\/wp-json\/wp\/v2\/media\/71922"}],"wp:attachment":[{"href":"https:\/\/www.europesays.com\/fr\/wp-json\/wp\/v2\/media?parent=71921"}],"wp:term":[{"taxonomy":"category","embeddable":true,"href":"https:\/\/www.europesays.com\/fr\/wp-json\/wp\/v2\/categories?post=71921"},{"taxonomy":"post_tag","embeddable":true,"href":"https:\/\/www.europesays.com\/fr\/wp-json\/wp\/v2\/tags?post=71921"}],"curies":[{"name":"wp","href":"https:\/\/api.w.org\/{rel}","templated":true}]}}