{"id":71929,"date":"2025-05-03T14:05:21","date_gmt":"2025-05-03T14:05:21","guid":{"rendered":"https:\/\/www.europesays.com\/fr\/71929\/"},"modified":"2025-05-03T14:05:21","modified_gmt":"2025-05-03T14:05:21","slug":"strasbourg-paris-sg-diffusion-tv-et-en-clair-streaming-et-compos","status":"publish","type":"post","link":"https:\/\/www.europesays.com\/fr\/71929\/","title":{"rendered":"Strasbourg &#8211; Paris SG : Diffusion TV et en clair, streaming et compos"},"content":{"rendered":"<p data-testid=\"article-teaser\">Strasbourg et Paris seront aux prises samedi pour le compte de la 32e journ\u00e9e de Ligue 1. Les derni\u00e8res infos ici.<\/p>\n<p>La Ligue 1 est \u00e0 deux journ\u00e9es de connaitre son \u00e9pilogue pour le compte de la saison 2024-2025. Ce weekend, le championnat fran\u00e7ais aborde son 32e \u00e9pisode avec des rencontres d\u00e9cisives pour la plupart des \u00e9quipes mais pr\u00e9paratoire pour le Paris Saint-Germain. Le club de la capitale affronte justement ce samedi, le RC Strasbourg, un club en lice pour une qualification europ\u00e9enne.<\/p>\n<p>Strasbourg relance la machine et vise le podium<\/p>\n<p>Apr\u00e8s deux r\u00e9sultats d\u00e9cevants face \u00e0 Nice (2-2) et Monaco (0-0), le RC Strasbourg a remis les pendules \u00e0 l\u2019heure en s\u2019imposant avec autorit\u00e9 face \u00e0 Saint-\u00c9tienne (3-1) samedi dernier. Cette victoire confirme la dynamique exceptionnelle des Alsaciens, qui n\u2019ont plus connu la d\u00e9faite depuis trois mois. Leur s\u00e9rie actuelle est remarquable : huit succ\u00e8s et trois matches nuls en onze journ\u00e9es.<\/p>\n<p>Aujourd\u2019hui 7es du classement, les Strasbourgeois (54 pts) ne sont qu\u2019\u00e0 deux longueurs du podium et \u00e0 une seule de la quatri\u00e8me place. \u00c0 ce rythme, le Racing pourrait bien cr\u00e9er la surprise dans la derni\u00e8re ligne droite du championnat. \u00c0 la Meinau, la forteresse r\u00e9siste : Strasbourg n\u2019y a conc\u00e9d\u00e9 qu\u2019un seul revers cette saison, un bilan qui les place parmi les meilleures formations \u00e0 domicile, \u00e0 \u00e9galit\u00e9 avec\u2026 le PSG.<\/p>\n<p>Le PSG entre ambitions europ\u00e9ennes et finale nationale<\/p>\n<p>Sacr\u00e9 champion de France avant l\u2019heure, le Paris Saint-Germain a pourtant connu un accroc inattendu lors de la derni\u00e8re journ\u00e9e. Sur leur pelouse, les hommes de Luis Enrique se sont inclin\u00e9s face \u00e0 Nice (1-3), mettant un terme \u00e0 leur s\u00e9rie d\u2019invincibilit\u00e9 en championnat cette saison. Ce faux pas prive les Parisiens d\u2019un potentiel record historique.<\/p>\n<p>Heureusement pour le club de la capitale, la r\u00e9ponse a \u00e9t\u00e9 imm\u00e9diate sur la sc\u00e8ne europ\u00e9enne. Mardi, le PSG est all\u00e9 chercher une pr\u00e9cieuse victoire \u00e0 l\u2019Emirates Stadium face \u00e0 Arsenal (0-1), lors de la demi-finale aller de la Ligue des champions. Une performance pleine de ma\u00eetrise, avant un match retour d\u00e9cisif mercredi prochain au Parc des Princes. Un choc dont la pr\u00e9paration commence d\u00e8s ce samedi face \u00e0 Strasbourg.<\/p>\n<p>Horaire et lieu du match<\/p>\n<p>Strasbourg \u2013 PSG<\/p>\n<p>32e journ\u00e9e de Ligue 1<\/p>\n<p>Lieu\u00a0: Stade de la Meinau<\/p>\n<p>A 17h, heure fran\u00e7aise<\/p>\n<p>Les compos probables du match Strasbourg \u2013 PSG<\/p>\n<p><strong>Strasbourg<\/strong>\u00a0: Petrovic &#8211; Doukour\u00e9, Omobamidele, Sarr &#8211; Bakwa, Santos, Diarra, Moreira &#8211; Lemar\u00e9chal, Nanasi &#8211; Emegha.<\/p>\n<p><strong>Paris SG<\/strong>\u00a0: Donnarumma &#8211; Zague, Beraldo, Pacho, L. Hernandez &#8211; Neves, Za\u00efre-Emery, Ruiz &#8211; D. Dou\u00e9, Ramos, Barcola.<\/p>\n<p>Sur quelle cha\u00eene suivre le match Strasbourg \u2013 PSG\u00a0?<\/p>\n<p>La rencontre entre le RC Strasbourg et le Paris Saint-Germain sera \u00e0 suivre ce samedi 3 mail 2025 \u00e0 partir de 17h sur la plateforme DAZN. Il vous sera aussi possible de se connecter \u00e0 ce service et regarder en streaming via MyCanal ou Amazon Prime. Si vous \u00eates muni d\u2019un VPN, il vous est possible de visionner le match gratuitement sur la chaine Youtube br\u00e9silienne Caz\u00e9TV.<\/p>\n","protected":false},"excerpt":{"rendered":"Strasbourg et Paris seront aux prises samedi pour le compte de la 32e journ\u00e9e de Ligue 1. Les&hellip;\n","protected":false},"author":2,"featured_media":71930,"comment_status":"","ping_status":"","sticky":false,"template":"","format":"standard","meta":{"footnotes":""},"categories":[2820],"tags":[1111,11,1777,674,1011,27,775,66,12,91,25,640,17112],"class_list":{"0":"post-71929","1":"post","2":"type-post","3":"status-publish","4":"format-standard","5":"has-post-thumbnail","7":"category-strasbourg","8":"tag-actu","9":"tag-actualites","10":"tag-eu","11":"tag-europe","12":"tag-fr","13":"tag-france","14":"tag-grand-est","15":"tag-ligue-1","16":"tag-news","17":"tag-paris-saint-germain","18":"tag-republique-francaise","19":"tag-strasbourg","20":"tag-strasbourg-vs-paris-saint-germain"},"share_on_mastodon":{"url":"https:\/\/pubeurope.com\/@fr\/114444286200453712","error":""},"_links":{"self":[{"href":"https:\/\/www.europesays.com\/fr\/wp-json\/wp\/v2\/posts\/71929","targetHints":{"allow":["GET"]}}],"collection":[{"href":"https:\/\/www.europesays.com\/fr\/wp-json\/wp\/v2\/posts"}],"about":[{"href":"https:\/\/www.europesays.com\/fr\/wp-json\/wp\/v2\/types\/post"}],"author":[{"embeddable":true,"href":"https:\/\/www.europesays.com\/fr\/wp-json\/wp\/v2\/users\/2"}],"replies":[{"embeddable":true,"href":"https:\/\/www.europesays.com\/fr\/wp-json\/wp\/v2\/comments?post=71929"}],"version-history":[{"count":0,"href":"https:\/\/www.europesays.com\/fr\/wp-json\/wp\/v2\/posts\/71929\/revisions"}],"wp:featuredmedia":[{"embeddable":true,"href":"https:\/\/www.europesays.com\/fr\/wp-json\/wp\/v2\/media\/71930"}],"wp:attachment":[{"href":"https:\/\/www.europesays.com\/fr\/wp-json\/wp\/v2\/media?parent=71929"}],"wp:term":[{"taxonomy":"category","embeddable":true,"href":"https:\/\/www.europesays.com\/fr\/wp-json\/wp\/v2\/categories?post=71929"},{"taxonomy":"post_tag","embeddable":true,"href":"https:\/\/www.europesays.com\/fr\/wp-json\/wp\/v2\/tags?post=71929"}],"curies":[{"name":"wp","href":"https:\/\/api.w.org\/{rel}","templated":true}]}}