{"id":71931,"date":"2025-05-03T14:06:12","date_gmt":"2025-05-03T14:06:12","guid":{"rendered":"https:\/\/www.europesays.com\/fr\/71931\/"},"modified":"2025-05-03T14:06:12","modified_gmt":"2025-05-03T14:06:12","slug":"dernier-jour-ce-dimanche-4-mai-pour-se-delecter-au-salon-des-vignerons-de-cagnes-sur-mer","status":"publish","type":"post","link":"https:\/\/www.europesays.com\/fr\/71931\/","title":{"rendered":"Dernier jour, ce dimanche 4 mai, pour se d\u00e9lecter au Salon des vignerons de Cagnes-sur-Mer"},"content":{"rendered":"<p>Depuis 1991, c\u2019est le rendez-vous des \u00e9picuriens azur\u00e9ens. Dans le cadre XXL de l\u2019hippodrome de Cagnes-sur-Mer, le 33e Salon des vignerons et du terroir, ouvert depuis le 1er mai 2025, s\u2019ach\u00e8vera ce dimanche \u00e0 19 heures.<\/p>\n<p>Le rendez-vous de cette derni\u00e8re journ\u00e9e est fix\u00e9 \u00e0 10 heures, pour visiter les stands de quelque 170 exposants, venus de tout le pays. Au menu: vins, champagnes, armagnacs, cognacs, bi\u00e8res artisanales (\u00e0 consommer avec mod\u00e9ration) mais aussi salaisons, fromages, foies gras, produits de la mer, fruits confits, miels, confitures\u2026 En prime: des d\u00e9gustations gratuites et de nombreuses animations.<\/p>\n<p>Hippodrome de la C\u00f4te d\u2019Azur. Parking gratuit de 2.000 places. Derni\u00e8res entr\u00e9es 30 minutes avant la fermeture. Tarif: 8 euros. <a href=\"https:\/\/www.salondesvignerons.com\/\" target=\"_blank\" rel=\"noopener nofollow\">Plus d\u2019infos par ici<\/a>.<\/p>\n","protected":false},"excerpt":{"rendered":"Depuis 1991, c\u2019est le rendez-vous des \u00e9picuriens azur\u00e9ens. Dans le cadre XXL de l\u2019hippodrome de Cagnes-sur-Mer, le 33e&hellip;\n","protected":false},"author":2,"featured_media":71932,"comment_status":"","ping_status":"","sticky":false,"template":"","format":"standard","meta":{"footnotes":""},"categories":[2819],"tags":[1111,11,1777,674,1011,27,1661,1393,12,2401,882,25],"class_list":{"0":"post-71931","1":"post","2":"type-post","3":"status-publish","4":"format-standard","5":"has-post-thumbnail","7":"category-nice","8":"tag-actu","9":"tag-actualites","10":"tag-eu","11":"tag-europe","12":"tag-fr","13":"tag-france","14":"tag-gastronomie","15":"tag-loisirs","16":"tag-news","17":"tag-nice","18":"tag-provence-alpes-cote-dazur","19":"tag-republique-francaise"},"share_on_mastodon":{"url":"https:\/\/pubeurope.com\/@fr\/114444290278788195","error":""},"_links":{"self":[{"href":"https:\/\/www.europesays.com\/fr\/wp-json\/wp\/v2\/posts\/71931","targetHints":{"allow":["GET"]}}],"collection":[{"href":"https:\/\/www.europesays.com\/fr\/wp-json\/wp\/v2\/posts"}],"about":[{"href":"https:\/\/www.europesays.com\/fr\/wp-json\/wp\/v2\/types\/post"}],"author":[{"embeddable":true,"href":"https:\/\/www.europesays.com\/fr\/wp-json\/wp\/v2\/users\/2"}],"replies":[{"embeddable":true,"href":"https:\/\/www.europesays.com\/fr\/wp-json\/wp\/v2\/comments?post=71931"}],"version-history":[{"count":0,"href":"https:\/\/www.europesays.com\/fr\/wp-json\/wp\/v2\/posts\/71931\/revisions"}],"wp:featuredmedia":[{"embeddable":true,"href":"https:\/\/www.europesays.com\/fr\/wp-json\/wp\/v2\/media\/71932"}],"wp:attachment":[{"href":"https:\/\/www.europesays.com\/fr\/wp-json\/wp\/v2\/media?parent=71931"}],"wp:term":[{"taxonomy":"category","embeddable":true,"href":"https:\/\/www.europesays.com\/fr\/wp-json\/wp\/v2\/categories?post=71931"},{"taxonomy":"post_tag","embeddable":true,"href":"https:\/\/www.europesays.com\/fr\/wp-json\/wp\/v2\/tags?post=71931"}],"curies":[{"name":"wp","href":"https:\/\/api.w.org\/{rel}","templated":true}]}}