{"id":71935,"date":"2025-05-03T14:08:08","date_gmt":"2025-05-03T14:08:08","guid":{"rendered":"https:\/\/www.europesays.com\/fr\/71935\/"},"modified":"2025-05-03T14:08:08","modified_gmt":"2025-05-03T14:08:08","slug":"quelles-sont-les-previsions-pour-la-semaine-prochaine","status":"publish","type":"post","link":"https:\/\/www.europesays.com\/fr\/71935\/","title":{"rendered":"quelles sont les pr\u00e9visions pour la semaine prochaine\u00a0?"},"content":{"rendered":"<p>            Par<br \/>\n        <strong><br \/>\n            <a href=\"https:\/\/actu.fr\/auteur\/laure-gentil\" title=\"Consulter tous les articles de Laure Gentil\" rel=\"nofollow noopener\" target=\"_blank\">Laure Gentil<\/a><br \/>\n        <\/strong><\/p>\n<p>        Publi\u00e9 le<\/p>\n<p>            3 mai 2025 \u00e0 15h23        <\/p>\n<p>Apr\u00e8s une semaine idyllique durant laquelle <strong>Nantes<\/strong> s\u2019est crue en \u00e9t\u00e9, c\u2019est une semaine <strong>plus nuageuse,<\/strong> et plus en accord avec la saison, qui s\u2019annonce. Voici les pr\u00e9visions selon <a href=\"https:\/\/meteofrance.com\/previsions-meteo-france\/nantes\/44000\" rel=\"nofollow noopener\" target=\"_blank\">M\u00e9t\u00e9o France<\/a> et <a href=\"https:\/\/www.meteo-nantes.net\/previsions\" rel=\"nofollow noopener\" target=\"_blank\">m\u00e9t\u00e9o-nantes.net<\/a> \u00e0 partir de lundi 5\u00a0mai 2025.<\/p>\n<p>Une baisse des temp\u00e9ratures<\/p>\n<p class=\" wall-content\">La premi\u00e8re victime de ce changement de m\u00e9t\u00e9o c\u2019est le thermom\u00e8tre. Si celui-ci a grimp\u00e9 jusqu\u2019\u00e0 26\u00a0\u00b0C, <strong>il redescendra lundi<\/strong> \u00e0 16\u00a0\u00b0C. Le ciel sera aussi beaucoup <strong>plus nuageux<\/strong> bien que le <strong>risque de pluie soit faible.<\/strong><\/p>\n<p class=\" wall-content\">Les temp\u00e9ratures recommenceront \u00e0 grimper progressivement \u00e0 partir de mardi 6\u00a0mai pour atteindre les 20\u00a0\u00b0C vendredi. Mais le ciel restera tr\u00e8s nuageux. Des <strong>averses sont possibles<\/strong> jeudi 8\u00a0mai (indice de confiance est de 3\/5 sur M\u00e9t\u00e9o France).<\/p>\n<p class=\" wall-content\">Il faudra aussi s\u2019attendre \u00e0 des<strong> rafales de vent<\/strong> lundi et mardi de 45 \u00e0 50\u00a0km\/h.<\/p>\n<p class=\" wall-content\">Suivez toute l\u2019actualit\u00e9 de vos villes et m\u00e9dias favoris en vous inscrivant \u00e0 <a href=\"https:\/\/moncompte.actu.fr\" title=\"D\u00e9couvez Mon Actu\" rel=\"nofollow noopener\" data-trk=\"{&quot;cta&quot;:{&quot;action&quot;:&quot;https:\\\/\\\/moncompte.actu.fr&quot;,&quot;category&quot;:&quot;mon compte&quot;,&quot;from&quot;:&quot;article footer&quot;,&quot;name&quot;:&quot;Mon actu&quot;,&quot;type&quot;:&quot;cta&quot;}}\" target=\"_blank\">Mon Actu<\/a>.<\/p>\n","protected":false},"excerpt":{"rendered":"Par Laure Gentil Publi\u00e9 le 3 mai 2025 \u00e0 15h23 Apr\u00e8s une semaine idyllique durant laquelle Nantes s\u2019est&hellip;\n","protected":false},"author":2,"featured_media":71936,"comment_status":"","ping_status":"","sticky":false,"template":"","format":"standard","meta":{"footnotes":""},"categories":[2818],"tags":[1111,11,1777,674,1011,27,2487,766,12,2636,25],"class_list":{"0":"post-71935","1":"post","2":"type-post","3":"status-publish","4":"format-standard","5":"has-post-thumbnail","7":"category-nantes","8":"tag-actu","9":"tag-actualites","10":"tag-eu","11":"tag-europe","12":"tag-fr","13":"tag-france","14":"tag-meteo","15":"tag-nantes","16":"tag-news","17":"tag-pays-de-la-loire","18":"tag-republique-francaise"},"share_on_mastodon":{"url":"https:\/\/pubeurope.com\/@fr\/114444298039176514","error":""},"_links":{"self":[{"href":"https:\/\/www.europesays.com\/fr\/wp-json\/wp\/v2\/posts\/71935","targetHints":{"allow":["GET"]}}],"collection":[{"href":"https:\/\/www.europesays.com\/fr\/wp-json\/wp\/v2\/posts"}],"about":[{"href":"https:\/\/www.europesays.com\/fr\/wp-json\/wp\/v2\/types\/post"}],"author":[{"embeddable":true,"href":"https:\/\/www.europesays.com\/fr\/wp-json\/wp\/v2\/users\/2"}],"replies":[{"embeddable":true,"href":"https:\/\/www.europesays.com\/fr\/wp-json\/wp\/v2\/comments?post=71935"}],"version-history":[{"count":0,"href":"https:\/\/www.europesays.com\/fr\/wp-json\/wp\/v2\/posts\/71935\/revisions"}],"wp:featuredmedia":[{"embeddable":true,"href":"https:\/\/www.europesays.com\/fr\/wp-json\/wp\/v2\/media\/71936"}],"wp:attachment":[{"href":"https:\/\/www.europesays.com\/fr\/wp-json\/wp\/v2\/media?parent=71935"}],"wp:term":[{"taxonomy":"category","embeddable":true,"href":"https:\/\/www.europesays.com\/fr\/wp-json\/wp\/v2\/categories?post=71935"},{"taxonomy":"post_tag","embeddable":true,"href":"https:\/\/www.europesays.com\/fr\/wp-json\/wp\/v2\/tags?post=71935"}],"curies":[{"name":"wp","href":"https:\/\/api.w.org\/{rel}","templated":true}]}}