{"id":71966,"date":"2025-05-03T14:24:09","date_gmt":"2025-05-03T14:24:09","guid":{"rendered":"https:\/\/www.europesays.com\/fr\/71966\/"},"modified":"2025-05-03T14:24:09","modified_gmt":"2025-05-03T14:24:09","slug":"quinte-du-dimanche-4-mai-2025-longchamp-les-pronostics","status":"publish","type":"post","link":"https:\/\/www.europesays.com\/fr\/71966\/","title":{"rendered":"Quint\u00e9 du dimanche 4 mai 2025 Longchamp : les pronostics"},"content":{"rendered":"<p class=\"article-p mdl\">Retrouvez les pronostics de Dominique Cordier pour le Quint\u00e9 du dimanche 4 mai 2025 Longchamp, le Prix de la Ville de Paris. <strong>D\u00e9part \u00e0 15h15. 16 partants. Tirelier de 500.000 euros.\u00a0<\/strong>Plat. 1.600 m\u00e8tres. Grande piste. Bon terrain. Pur-sang de 3 ans.&#13;<\/p>\n<p class=\"article-p mdl\">Parce qu\u2019il faut faire des choix, nous avons privil\u00e9gi\u00e9 ici la ligne du 13 avril, un handicap couru sur ce parcours, o\u00f9 le <strong>2 Mahasen <\/strong>s\u2019\u00e9tait class\u00e9e 4e, devant le <strong>11 Sommerblau<\/strong>, le<strong> 3 Aleksine<\/strong> et le <strong>6 El Pequenio<\/strong>.&#13;<\/p>\n<p class=\"article-p mdl\">Le 1<strong>1 Sommerblau<\/strong> avait termin\u00e9 dans le sillage des premiers, sans v\u00e9ritablement pouvoir progresser franchement. Associ\u00e9e \u00e0 Micka\u00ebl Barzalona, qui avait d\u2019autres possibilit\u00e9s dans ce quint\u00e9, elle est ici notre favorite.&#13;<\/p>\n<p class=\"article-p mdl\">L\u2019outsider de RTL, le <strong>13 Toogoodtoberood<\/strong>, \u00e9tait rest\u00e9, lui, bloqu\u00e9 le long de la corde, terminant avec des ressources. Maxime Guyon lui renouvelle sa confiance, ce la devrait mieux se passer.&#13;<\/p>\n<p class=\"article-p mdl\">Deuxi\u00e8me atout d\u2019Andr\u00e9 Fabre, le <strong>8 Green Cape<\/strong> n\u2019a plus \u00e9t\u00e9 revu depuis sa rentr\u00e9e lyonnaise fin mars. Il peut prendre une place ici, tandis que le <strong>5 Acto<\/strong> retrouve le mile apr\u00e8s avoir \u00e9chou\u00e9 sur plus long.&#13;&#13;&#13;&#13;<\/p>\n<p>            Les pronostics<\/p>\n<p class=\"article-p mdl\">\n<p>11. Sommerblau&#13;<br \/>9. The Snark&#13;<br \/>13. Toogoodtoberood&#13;<br \/>3. Aleksine&#13;<br \/>2. Mahasen&#13;<br \/>8. Green Cape&#13;<br \/>5. Acto<\/p>\n<p>            L&rsquo;outsider de RTL<\/p>\n<p class=\"article-p mdl\">13. Toogoodtoberood<\/p>\n<p>            R\u00e9sultats du vendredi 2 mai 2025 en nocturne \u00e0 Vincennes<\/p>\n<p class=\"article-p mdl\">La favorite de RTL est disqualifi\u00e9e dans la mont\u00e9e, l\u2019outsider de RTL est 5e. La s\u00e9lection indique le Bonus 4sur5. <\/p>\n<p>    La r\u00e9daction vous recommande<\/p>\n<p class=\"s-newsletter__title\">\n                L\u2019actualit\u00e9 par la r\u00e9daction de RTL dans votre bo\u00eete mail.\n            <\/p>\n<p class=\"s-newsletter__subtitle\">\n                Gr\u00e2ce \u00e0 votre compte RTL abonnez-vous \u00e0 la newsletter RTL info pour suivre toute l&rsquo;actualit\u00e9 au quotidien\n            <\/p>\n<p>\n                                    Lire la suite\n                                <\/p>\n","protected":false},"excerpt":{"rendered":"Retrouvez les pronostics de Dominique Cordier pour le Quint\u00e9 du dimanche 4 mai 2025 Longchamp, le Prix de&hellip;\n","protected":false},"author":2,"featured_media":3836,"comment_status":"","ping_status":"","sticky":false,"template":"","format":"standard","meta":{"footnotes":""},"categories":[1888],"tags":[11,2621,2622,2620,1777,674,107,2619,1011,27,12,626,2623,25],"class_list":{"0":"post-71966","1":"post","2":"type-post","3":"status-publish","4":"format-standard","5":"has-post-thumbnail","7":"category-paris","8":"tag-actualites","9":"tag-chevaux","10":"tag-courses","11":"tag-courses-de-trot","12":"tag-eu","13":"tag-europe","14":"tag-fil-info","15":"tag-fil-sport","16":"tag-fr","17":"tag-france","18":"tag-news","19":"tag-paris","20":"tag-quinte","21":"tag-republique-francaise"},"share_on_mastodon":{"url":"https:\/\/pubeurope.com\/@fr\/114444361053779034","error":""},"_links":{"self":[{"href":"https:\/\/www.europesays.com\/fr\/wp-json\/wp\/v2\/posts\/71966","targetHints":{"allow":["GET"]}}],"collection":[{"href":"https:\/\/www.europesays.com\/fr\/wp-json\/wp\/v2\/posts"}],"about":[{"href":"https:\/\/www.europesays.com\/fr\/wp-json\/wp\/v2\/types\/post"}],"author":[{"embeddable":true,"href":"https:\/\/www.europesays.com\/fr\/wp-json\/wp\/v2\/users\/2"}],"replies":[{"embeddable":true,"href":"https:\/\/www.europesays.com\/fr\/wp-json\/wp\/v2\/comments?post=71966"}],"version-history":[{"count":0,"href":"https:\/\/www.europesays.com\/fr\/wp-json\/wp\/v2\/posts\/71966\/revisions"}],"wp:featuredmedia":[{"embeddable":true,"href":"https:\/\/www.europesays.com\/fr\/wp-json\/wp\/v2\/media\/3836"}],"wp:attachment":[{"href":"https:\/\/www.europesays.com\/fr\/wp-json\/wp\/v2\/media?parent=71966"}],"wp:term":[{"taxonomy":"category","embeddable":true,"href":"https:\/\/www.europesays.com\/fr\/wp-json\/wp\/v2\/categories?post=71966"},{"taxonomy":"post_tag","embeddable":true,"href":"https:\/\/www.europesays.com\/fr\/wp-json\/wp\/v2\/tags?post=71966"}],"curies":[{"name":"wp","href":"https:\/\/api.w.org\/{rel}","templated":true}]}}