{"id":719821,"date":"2026-02-08T08:54:17","date_gmt":"2026-02-08T08:54:17","guid":{"rendered":"https:\/\/www.europesays.com\/fr\/719821\/"},"modified":"2026-02-08T08:54:17","modified_gmt":"2026-02-08T08:54:17","slug":"une-fillette-decide-de-faire-son-propre-gouter-sa-mere-ne-peut-plus-sarreter-de-rire","status":"publish","type":"post","link":"https:\/\/www.europesays.com\/fr\/719821\/","title":{"rendered":"Une fillette d\u00e9cide de faire son propre go\u00fbter, sa m\u00e8re ne peut plus s&rsquo;arr\u00eater de rire"},"content":{"rendered":"<p class=\"mb-4 text-lg md:leading-8 break-words\">Certains enfants savent d\u00e9j\u00e0, m\u00eame tr\u00e8s jeunes, ce qu\u2019ils veulent. <strong>Kalliope<\/strong> fait partie de ceux-l\u00e0. Le 14 janvier 2026, cette petite fille \u00e2g\u00e9e de 3 ans a \u00e9t\u00e9 film\u00e9e par sa m\u00e8re en train de regarder un dessin anim\u00e9 sur une tablette, tout en grignotant un \u00e9norme bloc de cheddar. \u201cTu as pris ton go\u00fbter ?\u201d, lui demande alors <strong>Jennifer<\/strong>, sa maman, hilare que la petite fille ait choisi un morceau de fromage comme go\u00fbter.<\/p>\n<p class=\"mb-4 text-lg md:leading-8 break-words\">Suite au buzz de cette vid\u00e9o devenue virale sur les r\u00e9seaux sociaux, la maman a \u00e9t\u00e9 contact\u00e9e par nos confr\u00e8res de People. Elle explique que Kalliope est une fervente admiratrice de fromage et qu\u2019elle n\u2019a donc pas \u00e9t\u00e9 \u00e9tonn\u00e9e par son choix. \u201c<strong>C\u2019est son aliment pr\u00e9f\u00e9r\u00e9.<\/strong> Elle pr\u00e9f\u00e8re le fromage \u00e0 toutes les sucreries. Nous avons toujours toutes sortes de fromages \u00e0 la maison. Je dirais que le cheddar extra-fort et le gouda sont ses pr\u00e9f\u00e9r\u00e9s\u201d, pr\u00e9cise-t-elle.<\/p>\n<blockquote class=\"mb-4 border-l-2 pl-5 italic text-tertiary\"><p>@maverick_muse_in_bloom<\/p>\n<p class=\"mb-4 text-lg md:leading-8 break-words\">Because cheese. That\u2019s why.<\/p>\n<p>\u266c original sound &#8211; Jennifer Barringer<\/p><\/blockquote>\n<p>\u201cJe crois qu\u2019elle appr\u00e9cie son ind\u00e9pendance\u201d<\/p>\n<p class=\"mb-4 text-lg md:leading-8 break-words\">Depuis quelques semaines, <strong>Jennifer d\u00e9veloppe l\u2019autonomie de Kalliope<\/strong> en lui proposant de choisir elle-m\u00eame ses go\u00fbters. \u201cC\u2019est quelque chose sur lequel nous travaillons depuis peu. Nous avons un coin du garde-manger rempli de collations adapt\u00e9es aux enfants, et elle a r\u00e9cemment commenc\u00e9 \u00e0 s\u2019int\u00e9resser \u00e0 ce qu\u2019elle choisisse elle-m\u00eame\u201d,&#8230;<\/p>\n<p class=\"mb-4 text-lg md:leading-8 break-words\"><a href=\"https:\/\/www.parents.fr\/actualites\/enfant\/une-fillette-decide-de-faire-son-propre-gouter-sa-mere-ne-peut-plus-sarreter-de-rire-1146871#at_medium=affiliate&amp;at_campaign=flux_rss&amp;at_type=Yahoo\" rel=\"nofollow noopener\" target=\"_blank\" data-ylk=\"slk:Lire la suite;elm:context_link;itc:0;sec:content-canvas\" class=\"link \">Lire la suite<\/a><\/p>\n","protected":false},"excerpt":{"rendered":"Certains enfants savent d\u00e9j\u00e0, m\u00eame tr\u00e8s jeunes, ce qu\u2019ils veulent. Kalliope fait partie de ceux-l\u00e0. Le 14 janvier&hellip;\n","protected":false},"author":2,"featured_media":719822,"comment_status":"","ping_status":"","sticky":false,"template":"","format":"standard","meta":{"footnotes":""},"categories":[10],"tags":[1011,27,81097,72,5328,81095,81096,71],"class_list":{"0":"post-719821","1":"post","2":"type-post","3":"status-publish","4":"format-standard","5":"has-post-thumbnail","7":"category-sante","8":"tag-fr","9":"tag-france","10":"tag-gouter","11":"tag-health","12":"tag-jennifer","13":"tag-jennifer-barringer","14":"tag-kalliope","15":"tag-sante"},"share_on_mastodon":{"url":"https:\/\/pubeurope.com\/@fr\/116034172685604087","error":""},"_links":{"self":[{"href":"https:\/\/www.europesays.com\/fr\/wp-json\/wp\/v2\/posts\/719821","targetHints":{"allow":["GET"]}}],"collection":[{"href":"https:\/\/www.europesays.com\/fr\/wp-json\/wp\/v2\/posts"}],"about":[{"href":"https:\/\/www.europesays.com\/fr\/wp-json\/wp\/v2\/types\/post"}],"author":[{"embeddable":true,"href":"https:\/\/www.europesays.com\/fr\/wp-json\/wp\/v2\/users\/2"}],"replies":[{"embeddable":true,"href":"https:\/\/www.europesays.com\/fr\/wp-json\/wp\/v2\/comments?post=719821"}],"version-history":[{"count":0,"href":"https:\/\/www.europesays.com\/fr\/wp-json\/wp\/v2\/posts\/719821\/revisions"}],"wp:featuredmedia":[{"embeddable":true,"href":"https:\/\/www.europesays.com\/fr\/wp-json\/wp\/v2\/media\/719822"}],"wp:attachment":[{"href":"https:\/\/www.europesays.com\/fr\/wp-json\/wp\/v2\/media?parent=719821"}],"wp:term":[{"taxonomy":"category","embeddable":true,"href":"https:\/\/www.europesays.com\/fr\/wp-json\/wp\/v2\/categories?post=719821"},{"taxonomy":"post_tag","embeddable":true,"href":"https:\/\/www.europesays.com\/fr\/wp-json\/wp\/v2\/tags?post=719821"}],"curies":[{"name":"wp","href":"https:\/\/api.w.org\/{rel}","templated":true}]}}