{"id":71993,"date":"2025-05-03T14:39:07","date_gmt":"2025-05-03T14:39:07","guid":{"rendered":"https:\/\/www.europesays.com\/fr\/71993\/"},"modified":"2025-05-03T14:39:07","modified_gmt":"2025-05-03T14:39:07","slug":"atp-novak-djokovic-nest-plus-le-meme-depuis-ce-match-peut-etre-quil-nest-tout-simplement-pas-heureux-ou-quil-a-perdu-confiance-en-lui-mais-quoi-quil-en-soit-il-nest-pas-en-grande-forme-ava","status":"publish","type":"post","link":"https:\/\/www.europesays.com\/fr\/71993\/","title":{"rendered":"ATP > \u00ab\u00a0Novak Djokovic n&rsquo;est plus le m\u00eame depuis ce match. Peut-\u00eatre qu&rsquo;il n&rsquo;est tout simplement pas heureux ou qu&rsquo;il a perdu confiance en lui. Mais quoi qu&rsquo;il en soit, il n&rsquo;est pas en grande forme avant Roland-Garros\u00a0\u00bb, estime l&rsquo;ancienne joueuse, Annabel Croft"},"content":{"rendered":"<p>Ex\u201024e joueuse mondiale et consul\u00adtante pour Sky Sports depuis plusieurs ann\u00e9es, Annabel Croft a longue\u00adment analys\u00e9 la crise de r\u00e9sul\u00adtats que traverse actuel\u00adle\u00adment Novak Djokovic. Et pour la Britannique, c\u2019est tout sauf rassurant.\u00a0<\/p>\n<p><strong>\u00ab\u202fCela devient de plus en plus diffi\u00adcile, et en fait, j\u2019ai toujours l\u2019im\u00adpres\u00adsion qu\u2019il est un peu \u00e0 plat sur le terrain. Il n\u2019ar\u00adrive tout simple\u00adment pas \u00e0 trouver la formule gagnante. Il n\u2019a pas remport\u00e9 de Grand Chelem l\u2019ann\u00e9e derni\u00e8re, ce qui est extra\u00ador\u00addi\u00adnaire et quand je regarde ses r\u00e9sul\u00adtats, il a subi des d\u00e9faites inha\u00adbi\u00adtuelles contre des joueurs tr\u00e8s mal class\u00e9s. Il perd donc d\u00e9fi\u00adni\u00adti\u00adve\u00adment confiance, et son dernier grand match, \u00e9tait contre Alcaraz \u00e0 l\u2019Open d\u2019Australie. Cette victoire \u00e9tait abso\u00adlu\u00adment ph\u00e9no\u00adm\u00e9\u00adnale. Il n\u2019est plus le m\u00eame depuis ce match, donc je ne sais pas vrai\u00adment ce qui se passe, s\u2019il y a des distrac\u00adtions en dehors du tennis, s\u2019il n\u2019est tout simple\u00adment pas heureux ou s\u2019il a perdu confiance. Quoi qu\u2019il en soit, il n\u2019a pas l\u2019air en pleine forme \u00e0 l\u2019ap\u00adproche de Roland\u2010Garros. Il s\u2019est retir\u00e9 de Rome, et nous savons que c\u2019est un tournoi qu\u2019il\u00a0adore.\u202f\u00bb<\/strong><\/p>\n<p class=\"post-published-date\" style=\"color: silver; font-size: 75%; text-align: left;\">Publi\u00e9 le samedi 3 mai 2025 \u00e0 15:46<\/p>\n","protected":false},"excerpt":{"rendered":"Ex\u201024e joueuse mondiale et consul\u00adtante pour Sky Sports depuis plusieurs ann\u00e9es, Annabel Croft a longue\u00adment analys\u00e9 la crise&hellip;\n","protected":false},"author":2,"featured_media":71994,"comment_status":"","ping_status":"","sticky":false,"template":"","format":"standard","meta":{"footnotes":""},"categories":[1415],"tags":[1744,105,1011,27,60,1467],"class_list":{"0":"post-71993","1":"post","2":"type-post","3":"status-publish","4":"format-standard","5":"has-post-thumbnail","7":"category-tennis","8":"tag-alcaraz","9":"tag-djokovic","10":"tag-fr","11":"tag-france","12":"tag-sports","13":"tag-tennis"},"share_on_mastodon":{"url":"https:\/\/pubeurope.com\/@fr\/114444419924395994","error":""},"_links":{"self":[{"href":"https:\/\/www.europesays.com\/fr\/wp-json\/wp\/v2\/posts\/71993","targetHints":{"allow":["GET"]}}],"collection":[{"href":"https:\/\/www.europesays.com\/fr\/wp-json\/wp\/v2\/posts"}],"about":[{"href":"https:\/\/www.europesays.com\/fr\/wp-json\/wp\/v2\/types\/post"}],"author":[{"embeddable":true,"href":"https:\/\/www.europesays.com\/fr\/wp-json\/wp\/v2\/users\/2"}],"replies":[{"embeddable":true,"href":"https:\/\/www.europesays.com\/fr\/wp-json\/wp\/v2\/comments?post=71993"}],"version-history":[{"count":0,"href":"https:\/\/www.europesays.com\/fr\/wp-json\/wp\/v2\/posts\/71993\/revisions"}],"wp:featuredmedia":[{"embeddable":true,"href":"https:\/\/www.europesays.com\/fr\/wp-json\/wp\/v2\/media\/71994"}],"wp:attachment":[{"href":"https:\/\/www.europesays.com\/fr\/wp-json\/wp\/v2\/media?parent=71993"}],"wp:term":[{"taxonomy":"category","embeddable":true,"href":"https:\/\/www.europesays.com\/fr\/wp-json\/wp\/v2\/categories?post=71993"},{"taxonomy":"post_tag","embeddable":true,"href":"https:\/\/www.europesays.com\/fr\/wp-json\/wp\/v2\/tags?post=71993"}],"curies":[{"name":"wp","href":"https:\/\/api.w.org\/{rel}","templated":true}]}}