{"id":720950,"date":"2026-02-08T20:56:15","date_gmt":"2026-02-08T20:56:15","guid":{"rendered":"https:\/\/www.europesays.com\/fr\/720950\/"},"modified":"2026-02-08T20:56:15","modified_gmt":"2026-02-08T20:56:15","slug":"le-candidat-lfi-mis-hors-de-cause-les-colis-etaient-des-meubles","status":"publish","type":"post","link":"https:\/\/www.europesays.com\/fr\/720950\/","title":{"rendered":"le candidat LFI mis hors de cause, les \u00ab\u00a0colis\u00a0\u00bb \u00e9taient des meubles"},"content":{"rendered":"<p>Son nom \u00e9tait apparu dans une proc\u00e9dure judiciaire autour d\u2019un trafic de drogue qui avait opportun\u00e9ment fuit\u00e9 aupr\u00e8s du Canard encha\u00een\u00e9\u00a0: S\u00e9bastien Delogu, candidat LFI \u00e0 la mairie de Marseille, <a href=\"https:\/\/www.laprovence.com\/article\/faits-divers-justice\/60685950435973\/sebastien-delogu-lfi-entendu-ce-dimanche-pour-une-enquete-portant-sur-des-echanges-avec-un-trafiquant-de-drogues\" target=\"_blank\" rel=\"nofollow noopener\">a \u00e9t\u00e9 entendu \u00ab\u00a0\u00e0 sa demande\u00a0\u00bb<\/a>, pr\u00e9cise son avocat, ce dimanche 8\u00a0f\u00e9vrier en d\u00e9but d\u2019apr\u00e8s-midi dans les locaux de la brigade de recherches de la gendarmerie d\u2019Aix-en-Provence.<\/p>\n<p>Une audition libre de 45 minutes pour \u00ab\u00a0apporter tous les justificatifs et d\u00e9montrer que S\u00e9bastien Delogu n\u2019a aucun lien de mani\u00e8re directe ou indirecte avec un quelconque trafic de stup\u00e9fiants\u00a0\u00bb, pose Me Yon\u00e8s Taguelmint, selon qui \u00ab\u00a0le dossier est d\u00e9sormais cl\u00f4tur\u00e9\u00a0\u00bb.<\/p>\n<p>Le 4\u00a0f\u00e9vrier, Le Canard encha\u00een\u00e9 avait d\u00e9voil\u00e9 l\u2019existence de SMS o\u00f9 un homme mis en cause pour trafic de drogue \u00e9voquait la livraison de \u00ab\u00a0colis\u00a0\u00bb au d\u00e9put\u00e9 insoumis. Selon Me Taguelmint, ces \u00ab\u00a0colis\u00a0\u00bb d\u00e9signaient des objets command\u00e9s l\u00e9galement sur internet. \u00ab\u00a0M. Delogu est pass\u00e9 par une plateforme pour acheter et se faire livrer des meubles, qui lui ont \u00e9t\u00e9 livr\u00e9s par un prestataire de cette plateforme. Il se trouve que ce livreur a \u00e9t\u00e9 condamn\u00e9 par ailleurs dans une affaire de trafic de drogue. Les colis \u00e9taient donc des meubles et autres objets que M. Delogu avait command\u00e9s\u00a0\u00bb, assure son conseil, selon qui \u00ab\u00a0les justificatifs de chaque achat et livraison ont \u00e9t\u00e9 pr\u00e9sent\u00e9s aux enqu\u00eateurs\u00a0\u00bb.<\/p>\n<p>Le parquet d\u2019Aix confirme<\/p>\n<p>Une version des faits confirm\u00e9e par le procureur de la R\u00e9publique d\u2019Aix-en-Provence, Jean-Luc Blachon, qui a assur\u00e9 ce dimanche apr\u00e8s-midi \u00e0 La Provence que l\u2019homme politique avait fourni \u00ab\u00a0tous les \u00e9l\u00e9ments\u00a0\u00bb permettant d\u2019accr\u00e9diter l\u2019existence d\u2019une \u00ab\u00a0commande Amazon\u00a0\u00bb d\u00e9livr\u00e9e par le livreur emp\u00eatr\u00e9 dans une affaire de trafic de stup\u00e9fiants depuis le mois de janvier et interpell\u00e9 il y a quelques jours. S\u00e9bastien Delogu est \u00e0 ce stade mis hors de cause, a attest\u00e9 le magistrat du parquet.<\/p>\n<p>Me Taguelmint esp\u00e8re d\u00e9sormais \u00ab\u00a0\u00e9teindre l\u2019incendie\u00a0\u00bb issu \u00ab\u00a0d\u2019informations erron\u00e9es qui ont \u00e9t\u00e9 reprises \u00e0 des fins politiques pour alimenter une <a href=\"https:\/\/www.laprovence.com\/article\/elections\/3156643365891114\/a-marseille-lfi-denonce-un-contre-feu-apres-larticle-du-canard-enchaine\" target=\"_blank\" rel=\"nofollow noopener\">musique scandaleuse et calomnieuse<\/a>\u00a0\u00bb au sujet de S\u00e9bastien Delogu. Apr\u00e8s l\u2019article du Canard encha\u00een\u00e9, des listes concurrentes, comme celle de Beno\u00eet Payan (Printemps marseillais) <a href=\"https:\/\/www.laprovence.com\/article\/region\/2837975383418214\/drogue-delogu-doit-sexpliquer-reclame-franck-allisio-le-candidat-du-rn-a-la-mairie-de-marseille\" target=\"_blank\" rel=\"nofollow noopener\">ou Franck Alliso (RN)<\/a>, avaient r\u00e9clam\u00e9 au candidat LFI de s\u2019expliquer sur ce dossier.<\/p>\n<p>D\u00e9put\u00e9 La France insoumise des quartiers Nord depuis 2022 et r\u00e9\u00e9lu au 1er tour en 2024, S\u00e9bastien Delogu est candidat \u00e0 la mairie de Marseille lors des municipales des 15 et 22 mars prochains. Il est cr\u00e9dit\u00e9, selon les sondages, de 14 \u00e0 15% des intentions de vote. Sa campagne, lanc\u00e9e mi-novembre 2025, s&rsquo;articule notamment autour de la d\u00e9nonciation d&rsquo;un \u00ab\u00a0syst\u00e8me corrompu\u00a0\u00bb pour lequel il vise \u00e0 la fois le maire (DVG) Beno\u00eet Payan et la pr\u00e9sidente de la M\u00e9tropole (DVD) Martine Vassal. En meeting samedi 7 f\u00e9vrier dans les quartiers Nord, il s&rsquo;en est vivement pris <a href=\"https:\/\/www.laprovence.com\/article\/elections\/18706329673805\/municipales-2026-a-marseille-en-meeting-dans-les-quartiers-nord-sebastien-delogu-sen-prend-a-samia-ghali\" target=\"_blank\" rel=\"nofollow noopener\">\u00e0 Samia Ghali<\/a> (DVG), maire-adjointe de Marseille et candidate du Printemps marseillais dans les 15e-16e.<\/p>\n<p><img alt=\"\" loading=\"lazy\" width=\"18\" height=\"18\" decoding=\"async\" data-nimg=\"1\" class=\"mx-[8px]\" style=\"color:transparent\" src=\"https:\/\/www.laprovence.com\/_next\/static\/media\/comment.a97bda1a.svg\"\/>D\u00e9marrez la conversation<\/p>\n<p class=\"text-[1.8rem] mt-[32px]\">Votre opinion compte pour nous. Rejoignez la communaut\u00e9 laprovence.com en r\u00e9agissant sur l&rsquo;article S\u00e9bastien Delogu cit\u00e9 dans les SMS d&rsquo;un trafiquant : le candidat LFI mis hors de cause, les \u00ab\u00a0colis\u00a0\u00bb \u00e9taient des meubles.<\/p>\n","protected":false},"excerpt":{"rendered":"Son nom \u00e9tait apparu dans une proc\u00e9dure judiciaire autour d\u2019un trafic de drogue qui avait opportun\u00e9ment fuit\u00e9 aupr\u00e8s&hellip;\n","protected":false},"author":2,"featured_media":720951,"comment_status":"","ping_status":"","sticky":false,"template":"","format":"standard","meta":{"footnotes":"","_share_on_mastodon":"0"},"categories":[2],"tags":[5734,11,11911,2837,1446,17418,5949,1011,27,151,12,17417,741],"class_list":["post-720950","post","type-post","status-publish","format-standard","has-post-thumbnail","category-actualites","tag-5734","tag-actualites","tag-cite","tag-dun","tag-dans","tag-delogu","tag-elections","tag-fr","tag-france","tag-les","tag-news","tag-sebastien","tag-sms"],"share_on_mastodon":{"url":"https:\/\/pubeurope.com\/@fr\/116037011567377529","error":""},"_links":{"self":[{"href":"https:\/\/www.europesays.com\/fr\/wp-json\/wp\/v2\/posts\/720950","targetHints":{"allow":["GET"]}}],"collection":[{"href":"https:\/\/www.europesays.com\/fr\/wp-json\/wp\/v2\/posts"}],"about":[{"href":"https:\/\/www.europesays.com\/fr\/wp-json\/wp\/v2\/types\/post"}],"author":[{"embeddable":true,"href":"https:\/\/www.europesays.com\/fr\/wp-json\/wp\/v2\/users\/2"}],"replies":[{"embeddable":true,"href":"https:\/\/www.europesays.com\/fr\/wp-json\/wp\/v2\/comments?post=720950"}],"version-history":[{"count":0,"href":"https:\/\/www.europesays.com\/fr\/wp-json\/wp\/v2\/posts\/720950\/revisions"}],"wp:featuredmedia":[{"embeddable":true,"href":"https:\/\/www.europesays.com\/fr\/wp-json\/wp\/v2\/media\/720951"}],"wp:attachment":[{"href":"https:\/\/www.europesays.com\/fr\/wp-json\/wp\/v2\/media?parent=720950"}],"wp:term":[{"taxonomy":"category","embeddable":true,"href":"https:\/\/www.europesays.com\/fr\/wp-json\/wp\/v2\/categories?post=720950"},{"taxonomy":"post_tag","embeddable":true,"href":"https:\/\/www.europesays.com\/fr\/wp-json\/wp\/v2\/tags?post=720950"}],"curies":[{"name":"wp","href":"https:\/\/api.w.org\/{rel}","templated":true}]}}