{"id":72119,"date":"2025-05-03T15:52:09","date_gmt":"2025-05-03T15:52:09","guid":{"rendered":"https:\/\/www.europesays.com\/fr\/72119\/"},"modified":"2025-05-03T15:52:09","modified_gmt":"2025-05-03T15:52:09","slug":"tour-de-romandie-remco-evenepoel-lache-dans-la-derniere-montee-encore-beaucoup-de-travail-mais-je-le-savais","status":"publish","type":"post","link":"https:\/\/www.europesays.com\/fr\/72119\/","title":{"rendered":"Tour de Romandie : Remco Evenepoel l\u00e2ch\u00e9 dans la derni\u00e8re mont\u00e9e: \u00ab\u00a0Encore beaucoup de travail, mais je le savais\u00a0\u00bb"},"content":{"rendered":"<p class=\"ap-StoryElement ap-StoryElement--mb ap-StoryText\">\u00ab\u00a0J&rsquo;ai encore beaucoup de travail \u00e0 faire. Mais je le savais d\u00e9j\u00e0\u00a0\u00bb, a reconnu le double champion olympique apr\u00e8s la course, faisant r\u00e9f\u00e9rence \u00e0 sa mauvaise pr\u00e9paration due \u00e0 l&rsquo;accident survenu \u00e0 l&rsquo;entra\u00eenement en d\u00e9cembre.<\/p>\n<p class=\"ap-StoryElement ap-StoryElement--mb ap-StoryText\">Une fois la victoire devenue impossible, Evenepoel s&rsquo;est mis au service de son co\u00e9quipier Junior Lecerf, qui \u00e9tait 2e du classement g\u00e9n\u00e9ral au d\u00e9part de l&rsquo;\u00e9tape. \u00ab\u00a0\u00c0 mi-chemin de la mont\u00e9e, nous n&rsquo;avons pas pu suivre le rythme des autres. \u00c0 partir de ce moment-l\u00e0, nous avons essay\u00e9 de suivre notre propre rythme\u00a0\u00bb, a d\u00e9clar\u00e9 Evenepoel. \u00ab\u00a0J&rsquo;ai roul\u00e9 pour Junior au rythme qu&rsquo;il demandait. J&rsquo;ai fait tout ce que j&rsquo;ai pu pour que ce rythme soit le plus r\u00e9gulier possible\u00a0\u00bb.<\/p>\n","protected":false},"excerpt":{"rendered":"\u00ab\u00a0J&rsquo;ai encore beaucoup de travail \u00e0 faire. Mais je le savais d\u00e9j\u00e0\u00a0\u00bb, a reconnu le double champion olympique&hellip;\n","protected":false},"author":2,"featured_media":72120,"comment_status":"","ping_status":"","sticky":false,"template":"","format":"standard","meta":{"footnotes":""},"categories":[1411],"tags":[828,1154,207,1011,27,60],"class_list":{"0":"post-72119","1":"post","2":"type-post","3":"status-publish","4":"format-standard","5":"has-post-thumbnail","7":"category-cyclisme","8":"tag-belgique","9":"tag-cycling","10":"tag-cyclisme","11":"tag-fr","12":"tag-france","13":"tag-sports"},"share_on_mastodon":{"url":"https:\/\/pubeurope.com\/@fr\/114444706969279850","error":""},"_links":{"self":[{"href":"https:\/\/www.europesays.com\/fr\/wp-json\/wp\/v2\/posts\/72119","targetHints":{"allow":["GET"]}}],"collection":[{"href":"https:\/\/www.europesays.com\/fr\/wp-json\/wp\/v2\/posts"}],"about":[{"href":"https:\/\/www.europesays.com\/fr\/wp-json\/wp\/v2\/types\/post"}],"author":[{"embeddable":true,"href":"https:\/\/www.europesays.com\/fr\/wp-json\/wp\/v2\/users\/2"}],"replies":[{"embeddable":true,"href":"https:\/\/www.europesays.com\/fr\/wp-json\/wp\/v2\/comments?post=72119"}],"version-history":[{"count":0,"href":"https:\/\/www.europesays.com\/fr\/wp-json\/wp\/v2\/posts\/72119\/revisions"}],"wp:featuredmedia":[{"embeddable":true,"href":"https:\/\/www.europesays.com\/fr\/wp-json\/wp\/v2\/media\/72120"}],"wp:attachment":[{"href":"https:\/\/www.europesays.com\/fr\/wp-json\/wp\/v2\/media?parent=72119"}],"wp:term":[{"taxonomy":"category","embeddable":true,"href":"https:\/\/www.europesays.com\/fr\/wp-json\/wp\/v2\/categories?post=72119"},{"taxonomy":"post_tag","embeddable":true,"href":"https:\/\/www.europesays.com\/fr\/wp-json\/wp\/v2\/tags?post=72119"}],"curies":[{"name":"wp","href":"https:\/\/api.w.org\/{rel}","templated":true}]}}