{"id":72125,"date":"2025-05-03T15:55:15","date_gmt":"2025-05-03T15:55:15","guid":{"rendered":"https:\/\/www.europesays.com\/fr\/72125\/"},"modified":"2025-05-03T15:55:15","modified_gmt":"2025-05-03T15:55:15","slug":"baume-les-dames-un-hommage-a-louis-dufay-pionnier-de-la-photographie-et-du-cinema-en-couleur","status":"publish","type":"post","link":"https:\/\/www.europesays.com\/fr\/72125\/","title":{"rendered":"Baume-les-Dames. Un hommage \u00e0 Louis Dufay, pionnier de la photographie et du cin\u00e9ma en couleur"},"content":{"rendered":"<p>    &#13;<br \/>\n    &#13;<br \/>\n    &#13;<br \/>\n    <a href=\"https:\/\/cdn-s-www.estrepublicain.fr\/images\/a6748a9a-4f48-411f-a989-c851910728f2\/NW_raw\/jean-luc-dufay-petit-fils-de-louis-dufay-et-patrick-fourneret-rendent-enfin-l-hommage-qu-il-merite-a-l-inventeur-comtois-dans-un-beau-livre-1746196835.jpg\" title=\"Jean-Luc Dufay, petit-fils de Louis Dufay et Patrick Fourneret, rendent enfin l&#039;hommage qu&#039;il m\u00e9rite \u00e0 l&#039;inventeur Comtois dans un beau livre.\" class=\"chocolat-image GA-tracking\" data-ga_type=\"click\" data-ga_category=\"D\u00e9tail\" data-ga_action=\"zoomer\" data-ga_label=\"aggrandir image\" target=\"_blank\" rel=\"noopener\">&#13;<br \/>\n        <img src=\"https:\/\/www.europesays.com\/fr\/wp-content\/uploads\/2025\/05\/jean-luc-dufay-petit-fils-de-louis-dufay-et-patrick-fourneret-rendent-enfin-l-hommage-qu-il-merite-a.jpeg\"   alt=\"Jean-Luc Dufay, petit-fils de Louis Dufay et Patrick Fourneret, rendent enfin l'hommage qu'il m\u00e9rite \u00e0 l'inventeur Comtois dans un beau livre.\" fetchpriority=\"high\" decoding=\"async\" data-mobile=\"NW_listA_M|1746196835\" data-base=\"NW_listA|1746196835\"\/>&#13;<br \/>\n    <\/a>&#13;<\/p>\n<p>Jean-Luc Dufay, petit-fils de Louis Dufay et Patrick Fourneret, rendent enfin l&rsquo;hommage qu&rsquo;il m\u00e9rite \u00e0 l&rsquo;inventeur Comtois dans un beau livre.<\/p>\n<p>Dans l&rsquo;ombre des fr\u00e8res Lumi\u00e8re<\/p>\n<p class=\"xsm-p emxed-markup\">Dans l\u2019ombre des fr\u00e8res Lumi\u00e8re et de leur c\u00e9l\u00e8bre autochrome, un autre Franc-Comtois compte au firmament des pr\u00e9curseurs de la photographie en couleur. Louis Dufay, n\u00e9 en 1874 \u00e0 Baume-les-Dames, aurait pu se contenter d\u2019une vie confortable et paisible en suivant la tradition familiale du droit. Mais sa cr\u00e9ativit\u00e9 a pris le dessus.<\/p>\n<p>Un artiste qui rompt la tradition familiale de juriste<\/p>\n<p class=\"xsm-p emxed-markup\">Chez les Dufay, on est effectivement notaire de p\u00e8re en fils depuis 1771. Et Louis embrasse d\u2019abord une carri\u00e8re d\u2019avou\u00e9, en s\u2019installant \u00e0 Chaumont, en Haute-Marne. Avant de c\u00e9der aux d\u00e9mons de l\u2019art et de l\u2019invention qui le consument depuis l\u2019adolescence. Peintre et sculpteur au talent d\u00e9j\u00e0 reconnu, il pr\u00e9sente en 1905, dans une exposition \u00e0 Langres, douze \u00e9tudes et portraits photographiques en couleur sur papier dont le proc\u00e9d\u00e9, aujourd\u2019hui encore, nous est \u00ab parfaitement inconnu \u00bb, soupire son petit-fils, Jean-Luc Dufay.<\/p>\n<p class=\"xsm-p emxed-markup\">Le Bisontin, ancien professeur d\u2019histoire g\u00e9ographie, n\u2019a r\u00e9ellement d\u00e9couvert l\u2019importance de son a\u00efeul dans l\u2019histoire de la photographie qu\u2019aux abords de la trentaine. \u00ab Louis est mort en 1936. Mon p\u00e8re avait quinze ans et je pense qu\u2019il a fait un blocage sentimental. Le fant\u00f4me de notre grand-p\u00e8re \u00e9tait pr\u00e9sent \u00e0 travers la trace de ses activit\u00e9s : des photographies, des peintures, des meubles sculpt\u00e9s mais on ne connaissait pas grand-chose de lui\u2026 Si ce n\u2019est l\u2019id\u00e9e que je m\u2019en \u00e9tais faite, qu\u2019il \u00e9tait l\u2019inventeur de la photographie en couleur. \u00bb<\/p>\n<p>La r\u00e9v\u00e9lation dans l\u2019appartement familial<\/p>\n<p class=\"xsm-p emxed-markup\">La r\u00e9v\u00e9lation patiente au grenier de l\u2019appartement familial, au 123 Grande rue, \u00e0 Besan\u00e7on, sous la forme d\u2019une masse d\u2019archives. \u00ab Adolescent, j\u2019avais pu constater qu\u2019il figurait aux c\u00f4t\u00e9s d\u2019Auguste et Louis Lumi\u00e8re dans l\u2019encyclop\u00e9die Larousse, \u00e0 la biblioth\u00e8que municipale, mais ce n\u2019est qu\u2019en tombant par hasard sur ces archives que j\u2019ai pu me rendre compte de l\u2019ampleur de son \u0153uvre. Fascin\u00e9, j\u2019ai souhait\u00e9 les exploiter de fa\u00e7on scientifique, \u00e0 travers un m\u00e9moire de ma\u00eetrise de DEA. \u00bb<\/p>\n<p class=\"xsm-p emxed-markup\">Les choses en sont rest\u00e9es l\u00e0, jusqu\u2019\u00e0 ce que Jean-Luc Dufay soit sollicit\u00e9 par Patrick Fourneret, collectionneur acharn\u00e9 et fascin\u00e9 par l\u2019histoire et la technique photographique. Membre du Club Niepce-Lumi\u00e8re, ce Bisontin est notamment l\u2019auteur d\u2019un ouvrage de r\u00e9f\u00e9rence sur \u00ab\u00a0<a class=\"emxed-markup\" href=\"https:\/\/www.estrepublicain.fr\/culture-loisirs\/2024\/04\/19\/la-photo-instantanee-existait-bien-avant-le-polaroid\" target=\"_blank\" rel=\"noopener\">Les appareils laboratoire du Daguerr\u00e9otype au Photomaton<\/a> \u00bb. Et il est surpris, lors d\u2019une conf\u00e9rence sur l\u2019histoire de la photographie en Franche-Comt\u00e9, que Louis Dufay n\u2019y soit point cit\u00e9. D\u00e9cision est prise de rendre hommage \u00e0 ce tr\u00e8s grand inventeur dans un beau livre, \u00e0 para\u00eetre d\u00e9but juin.<\/p>\n<p>Plus qu\u2019un pionnier, un visionnaire<\/p>\n<p class=\"xsm-p emxed-markup\">Car l\u2019aventure de Louis Dufay, se poursuit bien au-del\u00e0 de la photographie. Il a \u00e9galement \u00e9t\u00e9 un pionnier du cin\u00e9ma couleur, avec le film Dufaycolor, qui va litt\u00e9ralement r\u00e9volutionner la pratique amateur. Il fut \u00e9galement un visionnaire dans les normes qu\u2019il d\u00e9veloppe pour ses diff\u00e9rents produits, qui ressemblent comme deux gouttes d\u2019eau \u00e0 celles appliqu\u00e9es de nos jours aux capteurs num\u00e9riques.<\/p>\n<p><a class=\"emxed-markup\" href=\"https:\/\/www.club-niepce-lumiere.org\/louis-dufay-pionnier-de-la-photographie-et-du-cinema-en-couleurs\/\" target=\"_blank\" rel=\"noopener\">Louis Dufay, pionnier de la photographie et du cin\u00e9ma en couleur<\/a>\u00a0de Jean-Luc Dufay et Patrick Fourneret, Edouard Hollande, avec une pr\u00e9face de Jean-No\u00ebl Jeanneney, 400 pages, \u00e9dit\u00e9 par le Club Niepce Lumi\u00e8re, 53 \u20ac                        <\/p>\n<p>Louis contre Louis, Lumi\u00e8re contre Dufay<\/p>\n<p>    &#13;<br \/>\n    &#13;<br \/>\n    &#13;<br \/>\n    <a href=\"https:\/\/cdn-s-www.estrepublicain.fr\/images\/c6e4977f-e1c0-4e1f-9460-216787627810\/NW_raw\/un-portrait-sur-epreuve-papier-presente-a-langres-par-louis-dufay-en-1905-un-exploit-technique-incroyable-en-l-etat-des-connaissances-de-l-epoque-louis-ducos-du-hauron-considere-comme-le-pere-de-la-photographie-couleur-en-france-n-y-est-pas-parvenu-et-louis-lumiere-travaille-encore-sur-son-autochrome-photo-frederic-jimenez-1746196623.jpg\" title=\"Un portrait sur \u00e9preuve papier pr\u00e9sent\u00e9 \u00e0 Langres par Louis Dufay en 1905. Un exploit technique incroyable en l\u2019\u00e9tat des connaissances de l\u2019\u00e9poque. Louis Ducos du Hauron, consid\u00e9r\u00e9 comme le p\u00e8re de la photographie couleur en France n\u2019y est pas parvenu et Louis Lumi\u00e8re travaille encore sur son Autochrome. Photo Fr\u00e9d\u00e9ric Jimenez\" class=\"chocolat-image GA-tracking\" data-ga_type=\"click\" data-ga_category=\"D\u00e9tail\" data-ga_action=\"zoomer\" data-ga_label=\"aggrandir image\" target=\"_blank\" rel=\"noopener\">&#13;<br \/>\n        <img src=\"https:\/\/www.europesays.com\/fr\/wp-content\/uploads\/2025\/05\/un-portrait-sur-epreuve-papier-presente-a-langres-par-louis-dufay-en-1905-un-exploit-technique-incro.jpeg\"   alt=\"Un portrait sur \u00e9preuve papier pr\u00e9sent\u00e9 \u00e0 Langres par Louis Dufay en 1905. Un exploit technique incroyable en l\u2019\u00e9tat des connaissances de l\u2019\u00e9poque. Louis Ducos du Hauron, consid\u00e9r\u00e9 comme le p\u00e8re de la photographie couleur en France n\u2019y est pas parvenu et Louis Lumi\u00e8re travaille encore sur son Autochrome. Photo Fr\u00e9d\u00e9ric Jimenez\" fetchpriority=\"high\" decoding=\"async\" data-mobile=\"NW_listA_M|1746196623\" data-base=\"NW_listA|1746196623\"\/>&#13;<br \/>\n    <\/a>&#13;<\/p>\n<p>Un portrait sur \u00e9preuve papier pr\u00e9sent\u00e9 \u00e0 Langres par Louis Dufay en 1905. Un exploit technique incroyable en l\u2019\u00e9tat des connaissances de l\u2019\u00e9poque. Louis Ducos du Hauron, consid\u00e9r\u00e9 comme le p\u00e8re de la photographie couleur en France n\u2019y est pas parvenu et Louis Lumi\u00e8re travaille encore sur son Autochrome. Photo Fr\u00e9d\u00e9ric Jimenez<\/p>\n<p class=\"xsm-p emxed-markup\">Comment Louis Dufay obtient-il des tirages de photographies en couleur sur papier en 1905 ? Qui plus est des portraits tr\u00e8s naturels qui supportent moins les poses longues qu\u2019une nature morte ou un paysage. La sensibilit\u00e9 des proc\u00e9d\u00e9s est d\u00e9j\u00e0 tr\u00e8s faible \u00e0 l\u2019\u00e9poque et l\u2019ajout de filtres pour obtenir les couleurs allonge encore consid\u00e9rablement le temps de pose. Beaucoup s\u2019y sont cass\u00e9 le moral avant lui, notamment Louis Ducos-du-Hauron et Charles Cros, les p\u00e8res de la trichromie.<\/p>\n<p class=\"xsm-p emxed-markup\">Dufay am\u00e9liore-t-il leur proc\u00e9d\u00e9 ou celui de l\u2019abb\u00e9 Graby, cur\u00e9 de Malanges dans le Jura, un autre passionn\u00e9 avec qui il est entr\u00e9 en contact ? Nul ne le sait. Pourtant, cela vaut \u00e0 la petite exposition langroise o\u00f9 ces tirages sont pr\u00e9sent\u00e9s, l\u2019honneur d\u2019une br\u00e8ve dans la presse internationale. Et pour cause : ils ont \u00e9t\u00e9 obtenus en une seule prise de vue, alors qu\u2019il en fallait trois, devant des filtres de couleur diff\u00e9rents, jusqu\u2019alors. Et le tirage a \u00e9t\u00e9 r\u00e9alis\u00e9 dit-on \u00ab avec la m\u00eame facilit\u00e9 \u00bb.<\/p>\n<p>Une question de financement<\/p>\n<p class=\"xsm-p emxed-markup\">Ce n\u2019est pourtant pas cette voie qu\u2019emprunte le Baumois lorsqu\u2019il se lance dans l\u2019aventure industrielle deux ans plus tard, avec un proc\u00e9d\u00e9 de plaque photographique couleur. Aujourd\u2019hui on dirait une diapositive. En 1907, les fr\u00e8res Lumi\u00e8re viennent de mettre sur le march\u00e9 leur Autochrome dont le brevet a \u00e9t\u00e9 d\u00e9pos\u00e9 trois ans plus t\u00f4t. Celui-ci est bas\u00e9 sur les grains de f\u00e9cule de pomme de terre color\u00e9s en rouge (orang\u00e9), vert et bleu. Emprisonn\u00e9s dans une r\u00e9sine ils filtrent la lumi\u00e8re qui atteint la couche sensible. C\u2019est la synth\u00e8se additive, dont la juxtaposition des trois couleurs de base permet de recomposer toutes les couleurs du spectre ou donne du blanc lorsqu\u2019elle est compl\u00e8te. Le succ\u00e8s est imm\u00e9diat, avec 50 millions de plaques Autochrome produites d\u00e8s la premi\u00e8re ann\u00e9e.<\/p>\n<p class=\"xsm-p emxed-markup\">Louis Lumi\u00e8re est d\u00e9j\u00e0 l\u2019inventeur d\u2019une plaque photographique noir et blanc rapide, \u00e0 l\u2019\u00e2ge de 17 ans, et bien s\u00fbr du cin\u00e9matographe. Il dispose d\u2019une surface financi\u00e8re qui lui a permis de d\u00e9velopper un projet d\u2019une grande complexit\u00e9 mais aussi de la puissance de feu et de la r\u00e9putation de ses ateliers pour son lancement. Louis Dufay, lui, doit faire le tour de la famille et des amis pour financer ses recherches sur son Dioptichrome mais aussi s\u2019associer \u00e0 un poids lourd de l\u2019\u00e9poque, les \u00e9tablissements Guilleminot &amp; Boespflug, avec qui les rapports seront compliqu\u00e9s, pour en assurer la production. Manquant des fonds n\u00e9cessaires \u00e0 l\u2019aboutissement de son projet, Louis Dufay vendra ses brevets aux Anglais qui en feront le renom.<\/p>\n<p>Un r\u00e9seau d\u2019une grande pr\u00e9cision<\/p>\n<p class=\"xsm-p emxed-markup\">\u00c0 part cela, il part lui aussi sur une plaque couleur (diapositive) en synth\u00e8se additive mais, et c\u2019est l\u00e0 que le proc\u00e9d\u00e9 diff\u00e8re de mani\u00e8re radicale, en cr\u00e9ant une fine trame color\u00e9e tr\u00e8s r\u00e9guli\u00e8re, un r\u00e9seau de lignes crois\u00e9es, qui conf\u00e8re plus d\u2019authenticit\u00e9 et de pr\u00e9cision \u00e0 ses plaques. L\u00e0, o\u00f9 celles de Louis Lumi\u00e8re ont un rendu pointilliste, certes d\u2019un charme fou, beaucoup moins pr\u00e9cis, en raison de l\u2019impossibilit\u00e9 de distribuer les grains de f\u00e9cules selon un sch\u00e9ma suffisamment rigoureux.<\/p>\n<p>Du Dioptichrome \u00e0 la Dufaycolor, de la photographie au cin\u00e9ma couleur<\/p>\n<p>    &#13;<br \/>\n    &#13;<br \/>\n    &#13;<br \/>\n    <a href=\"https:\/\/cdn-s-www.estrepublicain.fr\/images\/7be9ba37-6dbe-442b-9b68-58d33d217196\/NW_raw\/negatif-et-positif-d-un-film-a-reseau-dufay-encore-bichrome-a-cette-date-estimee-a-1913-1746196646.jpg\" title=\"N\u00e9gatif et positif d&#039;un film \u00e0 r\u00e9seau Dufay encore bichrome \u00e0 cette date, estim\u00e9e \u00e0 1913.\" class=\"chocolat-image GA-tracking\" data-ga_type=\"click\" data-ga_category=\"D\u00e9tail\" data-ga_action=\"zoomer\" data-ga_label=\"aggrandir image\" target=\"_blank\" rel=\"noopener\">&#13;<br \/>\n        <img src=\"https:\/\/www.europesays.com\/fr\/wp-content\/uploads\/2025\/05\/negatif-et-positif-d-un-film-a-reseau-dufay-encore-bichrome-a-cette-date-estimee-a-1913-1746196646.j.jpeg\"   alt=\"N\u00e9gatif et positif d'un film \u00e0 r\u00e9seau Dufay encore bichrome \u00e0 cette date, estim\u00e9e \u00e0 1913.\" fetchpriority=\"high\" decoding=\"async\" data-mobile=\"NW_listA_M|1746196646\" data-base=\"NW_listA|1746196646\"\/>&#13;<br \/>\n    <\/a>&#13;<\/p>\n<p>N\u00e9gatif et positif d&rsquo;un film \u00e0 r\u00e9seau Dufay encore bichrome \u00e0 cette date, estim\u00e9e \u00e0 1913.<\/p>\n<p class=\"xsm-p emxed-markup\">En 1907, Louis Dufay cr\u00e9e la Soci\u00e9t\u00e9 des plaques et produits Dufay (SPPD), et s\u2019installe \u00e0 Chantilly. D\u00e8s 1911, sa plaque Dioptichrome qui utilise un dense r\u00e9seau de tr\u00e8s fines lignes color\u00e9es en rouge, vert et bleu, est pr\u00eate. Elle surpasse en pr\u00e9cision, en rendu et en transparence la plaque Autochrome du Bisontin Louis Lumi\u00e8re.<\/p>\n<p>Un manque d\u2019investissement chronique<\/p>\n<p class=\"xsm-p emxed-markup\">Mais l\u2019industrialisation du proc\u00e9d\u00e9 va se heurter \u00e0 un manque de fonds chronique qui ne permet pas \u00e0 Louis Dufay de d\u00e9passer les probl\u00e8mes de fabrication, qui entra\u00eenent trop de pertes, malgr\u00e9 un travail acharn\u00e9. Pourtant, le Dioptichrome est appr\u00e9ci\u00e9 de ses utilisateurs et prim\u00e9 dans divers salons internationaux. Mais \u00e0 peine 400 plaques sont produites par jour quand l\u2019usine Lumi\u00e8re sort 6 000 de ses Autochromes.<\/p>\n<p class=\"xsm-p emxed-markup\">La dette se creuse et, juste avant guerre, le lien est rompu entre la SPPD et ses associ\u00e9s, Guilleminot et Boepsflug, qui lui assurent un support technique et financier. Mais, d\u00e9j\u00e0, un investisseur anglais pointe le bout de son nez : Ilford. Mobilis\u00e9 comme infirmier, Louis Dufay va r\u00e9ussir \u00e0 convaincre le minist\u00e8re qu\u2019il sera plus utile \u00e0 la France en poursuivant ses recherches, notamment dans le domaine de la photographie a\u00e9rienne et des blessures de guerre. Il en profite aussi pour proposer un proc\u00e9d\u00e9 d\u2019imperm\u00e9abilisation des ailes d\u2019avions, alors tendues de toile sur une armature.<\/p>\n<p>D\u00e9moli par Charles Path\u00e9<\/p>\n<p class=\"xsm-p emxed-markup\">En 1920, Louis Dufay cr\u00e9e une nouvelle soci\u00e9t\u00e9, Versicolor, d\u00e9di\u00e9e \u00e0 la photographie couleur sur papier, \u00e0 l\u2019impression des couleurs, une imprimerie de grande qualit\u00e9 qui ne suffira pas \u00e0 financer le co\u00fbt des recherches et s\u2019attaque enfin \u00e0 la transposition de son r\u00e9seau au film cin\u00e9matographique en ac\u00e9tate. Il a l\u2019id\u00e9e du tirage couleur sur papier depuis 1909 et en 1922, sa pr\u00e9sentation devant les anciens \u00e9l\u00e8ves de l\u2019\u00e9cole polytechnique fait un carton. Associ\u00e9 \u00e0 un photographe de renom, il a convi\u00e9 tout ce beau monde \u00e0 une s\u00e9ance de portrait. Et se pr\u00e9sente comme \u00ab la seule maison au monde \u00bb capable de r\u00e9aliser cette prouesse pour l\u2019\u00e9poque.<\/p>\n<p class=\"xsm-p emxed-markup\">C\u00f4t\u00e9 cin\u00e9ma, la concurrence est rude et la pire estocade est port\u00e9e par Charles Path\u00e9 qui d\u00e9conseille au grand r\u00e9alisateur Abel Gance de s\u2019int\u00e9resser \u00e0 un proc\u00e9d\u00e9 \u00ab vou\u00e9 \u00e0 l\u2019\u00e9chec \u00bb selon lui. Pourtant, la future Dufaycolor surmonte un \u00e0 un tous les obstacles techniques et s\u2019appr\u00eate \u00e0 r\u00e9volutionner l\u2019univers du cin\u00e9ma, sauf un : celui de son d\u00e9couvert \u00e0 la banque.<\/p>\n<p>L\u2019Angleterre \u00e0 la rescousse<\/p>\n<p class=\"xsm-p emxed-markup\">En 1924, Ilford revient \u00e0 la charge et en 1928, c\u2019est le papetier Spicer qui rach\u00e8te les brevets de Louis Dufay, le mettant largement \u00e0 l\u2019abri du besoin. La Dufaycolor va poursuivre sa carri\u00e8re Outre-Manche, gr\u00e2ce \u00e0 des investissements r\u00e9alistes pour achever son industrialisation, avec l\u2019aide d\u2019Ilford.<\/p>\n<p class=\"xsm-p emxed-markup\">Neuf ans s\u2019\u00e9coulent tout de m\u00eame avant une mise sur le march\u00e9 mais la pellicule supplante alors tous ses concurrents avec sa sensibilit\u00e9 record de 16 ISO, contre 10 ISO \u00e0 la Kodacolor. Mais le v\u00e9ritable g\u00e9nie de Spicer va \u00eatre d\u2019adapter cette pellicule \u00e0\u00a0<a class=\"emxed-markup\" href=\"https:\/\/www.tvv.co.uk\/news\/dufaycolor-film\/\" target=\"_blank\" rel=\"noopener\">tous les formats, notamment amateurs<\/a> qui vont, plus que les professionnels, faire son r\u00e9el succ\u00e8s jusqu\u2019en 1957.<\/p>\n<p>Sa derni\u00e8re cr\u00e9ation : l\u2019h\u00e9liophore<\/p>\n<p>    &#13;<br \/>\n    &#13;<br \/>\n    &#13;<br \/>\n    <a href=\"https:\/\/cdn-s-www.estrepublicain.fr\/images\/eb4c5dff-8dd3-4888-ab07-3d7bce768685\/NW_raw\/un-paravent-decore-en-heliophore-par-louis-dufay-demontrant-non-seulement-son-extreme-ingeniosite-mais-aussi-un-grand-talent-artistique-photo-des-archives-dufay-1746196669.jpg\" title=\"Un paravent d\u00e9cor\u00e9 en h\u00e9liophore par Louis Dufay d\u00e9montrant non seulement son extr\u00eame ing\u00e9niosit\u00e9 mais aussi un grand talent artistique. Photo des archives Dufay\" class=\"chocolat-image GA-tracking\" data-ga_type=\"click\" data-ga_category=\"D\u00e9tail\" data-ga_action=\"zoomer\" data-ga_label=\"aggrandir image\" target=\"_blank\" rel=\"noopener\">&#13;<br \/>\n        <img src=\"https:\/\/www.europesays.com\/fr\/wp-content\/uploads\/2025\/05\/un-paravent-decore-en-heliophore-par-louis-dufay-demontrant-non-seulement-son-extreme-ingeniosite-ma.jpeg\"   alt=\"Un paravent d\u00e9cor\u00e9 en h\u00e9liophore par Louis Dufay d\u00e9montrant non seulement son extr\u00eame ing\u00e9niosit\u00e9 mais aussi un grand talent artistique. Photo des archives Dufay\" fetchpriority=\"high\" decoding=\"async\" data-mobile=\"NW_listA_M|1746196669\" data-base=\"NW_listA|1746196669\"\/>&#13;<br \/>\n    <\/a>&#13;<\/p>\n<p>Un paravent d\u00e9cor\u00e9 en h\u00e9liophore par Louis Dufay d\u00e9montrant non seulement son extr\u00eame ing\u00e9niosit\u00e9 mais aussi un grand talent artistique. Photo des archives Dufay<\/p>\n<p class=\"xsm-p emxed-markup\">\u00c0 l\u2019abri du besoin, apr\u00e8s la vente de ses brevets, Louis Dufay revient s\u2019installer \u00e0 Besan\u00e7on, en 1930, o\u00f9 il ach\u00e8te l\u2019immeuble du 123 de la Grande rue. Il s\u2019y consacre \u00e0 sa nouvelle passion : les papillons. Le d\u00e9mon de l\u2019invention ne l\u2019a pas quitt\u00e9 pour autant.<\/p>\n<p class=\"xsm-p emxed-markup\">C\u2019est en admirant les reflets de la lumi\u00e8re sur les ailes iridescentes d\u2019un bleu m\u00e9tallique du Morphos, un papillon br\u00e9silien que lui vient une nouvelle id\u00e9e. En reproduire les effets sur du m\u00e9tal. Il y parvient sur de l\u2019aluminium, en gravant un fin r\u00e9seau de lignes microscopiques qui r\u00e9fractent la lumi\u00e8re diff\u00e9remment suivant sa source.\u00a0<a class=\"emxed-markup\" href=\"https:\/\/www.pixartprinting.fr\/blog\/heliophore\/?srsltid=AfmBOoo_aHi-1GfORma1LiBwvy-3SMTxcenUvpIsiUGGvCiL-dsmHhso\" target=\"_blank\" rel=\"noopener\">L\u2019h\u00e9liophore est n\u00e9<\/a>.<\/p>\n<p class=\"xsm-p emxed-markup\">Cette fois, le proc\u00e9d\u00e9 industriel est vite trouv\u00e9 et les commandes affluent pour des cartes postales, la d\u00e9coration d\u2019emballage de bo\u00eetes de chocolats et des images pieuses. L\u2019artiste qui sommeille en Louis Dufay lui trouve des applications plus \u00e9labor\u00e9es du domaine de l\u2019art pur.<\/p>\n<p class=\"xsm-p emxed-markup\">Mais la fin est proche. En 1936, l\u2019inventeur succombe \u00e0 un infarctus pendant un s\u00e9jour \u00e0 Nice, \u00e0 l\u2019\u00e2ge de 62 ans. \u00ab Je pense qu\u2019il s\u2019\u00e9tait \u00e9puis\u00e9 au travail \u00bb, regrette Jean-Luc Dufay, d\u00e9sol\u00e9 de n\u2019avoir pas connu ce prodigieux grand-p\u00e8re.<\/p>\n<p class=\"xsm-p emxed-markup\">Pour autant, la carri\u00e8re de l\u2019h\u00e9liophore n\u2019est pas achev\u00e9e. Elle ne s\u2019\u00e9teindra qu\u2019en 2012. Pierre Latrobe, le mari de Simone Dufay, la fille de Louis, reprend la production. On en fera des puzzles incroyables, des affiches et des couvertures de disques psych\u00e9d\u00e9liques\u2026 Des artistes comme Vasarely s\u2019en emparent. Ils feront \u00e9galement la couverture de la r\u00e9put\u00e9e collection de livres de science-fiction \u00ab Ailleurs et demain \u00bb chez Robert Laffont. Et l\u2019immense cin\u00e9aste Henri-Georges Clouzot, l\u2019utilisera pour une sc\u00e8ne de son film maudit\u00a0L\u2019enfer avec Romy Schneider.<\/p>\n","protected":false},"excerpt":{"rendered":"&#13; &#13; &#13; &#13; &#13; &#13; Jean-Luc Dufay, petit-fils de Louis Dufay et Patrick Fourneret, rendent enfin l&rsquo;hommage&hellip;\n","protected":false},"author":2,"featured_media":72126,"comment_status":"","ping_status":"","sticky":false,"template":"","format":"standard","meta":{"footnotes":""},"categories":[1358],"tags":[1348,1384,1385,17502,10112,1386,58,33,14383,59,1011,27,1757,11058],"class_list":{"0":"post-72125","1":"post","2":"type-post","3":"status-publish","4":"format-standard","5":"has-post-thumbnail","7":"category-arts-et-design","8":"tag-arts","9":"tag-arts-and-design","10":"tag-arts-et-design","11":"tag-baume-les-dames","12":"tag-besancon","13":"tag-design","14":"tag-divertissement","15":"tag-economie","16":"tag-edition-besancon","17":"tag-entertainment","18":"tag-fr","19":"tag-france","20":"tag-insolite","21":"tag-region-franche-comte"},"share_on_mastodon":{"url":"https:\/\/pubeurope.com\/@fr\/114444719009352703","error":""},"_links":{"self":[{"href":"https:\/\/www.europesays.com\/fr\/wp-json\/wp\/v2\/posts\/72125","targetHints":{"allow":["GET"]}}],"collection":[{"href":"https:\/\/www.europesays.com\/fr\/wp-json\/wp\/v2\/posts"}],"about":[{"href":"https:\/\/www.europesays.com\/fr\/wp-json\/wp\/v2\/types\/post"}],"author":[{"embeddable":true,"href":"https:\/\/www.europesays.com\/fr\/wp-json\/wp\/v2\/users\/2"}],"replies":[{"embeddable":true,"href":"https:\/\/www.europesays.com\/fr\/wp-json\/wp\/v2\/comments?post=72125"}],"version-history":[{"count":0,"href":"https:\/\/www.europesays.com\/fr\/wp-json\/wp\/v2\/posts\/72125\/revisions"}],"wp:featuredmedia":[{"embeddable":true,"href":"https:\/\/www.europesays.com\/fr\/wp-json\/wp\/v2\/media\/72126"}],"wp:attachment":[{"href":"https:\/\/www.europesays.com\/fr\/wp-json\/wp\/v2\/media?parent=72125"}],"wp:term":[{"taxonomy":"category","embeddable":true,"href":"https:\/\/www.europesays.com\/fr\/wp-json\/wp\/v2\/categories?post=72125"},{"taxonomy":"post_tag","embeddable":true,"href":"https:\/\/www.europesays.com\/fr\/wp-json\/wp\/v2\/tags?post=72125"}],"curies":[{"name":"wp","href":"https:\/\/api.w.org\/{rel}","templated":true}]}}