{"id":721321,"date":"2026-02-09T01:25:14","date_gmt":"2026-02-09T01:25:14","guid":{"rendered":"https:\/\/www.europesays.com\/fr\/721321\/"},"modified":"2026-02-09T01:25:14","modified_gmt":"2026-02-09T01:25:14","slug":"finalement-sonia-mabrouk-ne-reviendra-pas-sur-cnews-lundi-ni-jamais","status":"publish","type":"post","link":"https:\/\/www.europesays.com\/fr\/721321\/","title":{"rendered":"Finalement, Sonia Mabrouk ne reviendra pas sur CNews lundi (ni jamais)"},"content":{"rendered":"<p> \u00abSuite \u00e0 ma d\u00e9mission de mon poste \u00e0 <a href=\"https:\/\/www.20minutes.fr\/medias\/cnews\/\" class=\"c-link c-link--is-underlined\" rel=\"nofollow noopener\" target=\"_blank\">CNews<\/a> au vu des r\u00e9cents \u00e9v\u00e8nements, j\u2019ai \u00e9t\u00e9 inform\u00e9e par la direction que je suis \u00a0\u00bbdispens\u00e9e\u00a0\u00bb du pr\u00e9avis d\u2019un mois sur cette m\u00eame antenne\u00a0\u00bb, a indiqu\u00e9 la journaliste dans un message sur X.<\/p>\n<blockquote class=\"twitter-tweet\" align=\"center\" data-lang=\"fr_FR\">\n<p lang=\"fr\" dir=\"ltr\">Suite \u00e0 ma d\u00e9mission de mon poste \u00e0 <a href=\"https:\/\/twitter.com\/CNEWS?ref_src=twsrc%5Etfw\" rel=\"nofollow noopener\" target=\"_blank\">@cnews<\/a> au vu des r\u00e9cents \u00e9v\u00e8nements, j\u2019ai \u00e9t\u00e9 inform\u00e9e par la direction que je suis \u00ab\u00a0dispens\u00e9e\u00bb du pr\u00e9avis d\u20191 mois sur cette m\u00eame antenne. Je remercie du fond du c\u0153ur les t\u00e9l\u00e9spectateurs fid\u00e8les. Et bien s\u00fbr je vous dis \u00e0 demain sur <a href=\"https:\/\/twitter.com\/Europe1?ref_src=twsrc%5Etfw\" rel=\"nofollow noopener\" target=\"_blank\">@Europe1<\/a> <a href=\"https:\/\/t.co\/k9IhQnEA92\" rel=\"nofollow\">https:\/\/t.co\/k9IhQnEA92<\/a><\/p>\n<p>\u2014 Mabrouk Sonia (@SoMabrouk) <a href=\"https:\/\/twitter.com\/SoMabrouk\/status\/2020543959278244102?ref_src=twsrc%5Etfw\" rel=\"nofollow noopener\" target=\"_blank\">February 8, 2026<\/a><\/p><\/blockquote>\n<p class=\"mb-m@xs text-l@xs\">En cliquant sur\u00ab J\u2019accepte \u00bb, vous acceptez le d\u00e9p\u00f4t de cookies par des services externes et aurez ainsi acc\u00e8s aux contenus de nos partenaires.<\/p>\n<p class=\"mb-xl@xs text-s@xs\">Plus d\u2019informations sur la page<a href=\"https:\/\/www.20minutes.fr\/gestion-cookies\" class=\"mx-xxs@xs color-ultramarine\" rel=\"nofollow noopener\" target=\"_blank\">Politique de gestion des cookies<\/a><\/p>\n<p>J\u2019accepte<\/p>\n<p>La journaliste, visage phare de la cha\u00eene du groupe Canal+, a d\u00e9missionn\u00e9 vendredi en raison de son d\u00e9saccord sur le <a href=\"https:\/\/www.20minutes.fr\/justice\/4196090-20260114-jean-marc-morandini-definitivement-condamne-corruption-mineurs-animateur-reste-antenne-cnews\" target=\"_blank\" class=\"c-link c-link--is-underlined\" rel=\"nofollow noopener\">maintien de Jean-Marc Morandini<\/a> \u00e0 l\u2019antenne malgr\u00e9 ses condamnations d\u00e9finitives, notamment pour <a href=\"https:\/\/www.20minutes.fr\/justice\/4196029-20260114-jean-marc-morandini-definitivement-condamne-corruption-mineurs\" target=\"_blank\" class=\"c-link c-link--is-underlined\" rel=\"nofollow noopener\">corruption de mineurs<\/a>.<\/p>\n<p>La pr\u00e9sentatrice garde une pr\u00e9sence au sein de la galaxie du milliardaire Vincent Bollor\u00e9 sur Europe 1, malgr\u00e9 son d\u00e9part simultan\u00e9 de CNews et de la <a href=\"https:\/\/www.20minutes.fr\/arts-stars\/culture\/4158015-20250611-sonia-mabrouk-visage-cnews-europe-1-devient-directrice-collection-chez-fayard\" target=\"_blank\" class=\"c-link c-link--is-underlined\" rel=\"nofollow noopener\">maison d\u2019\u00e9dition Fayard<\/a>.<\/p>\n<p>Prise de distance<\/p>\n<p>Dans le communiqu\u00e9 qui avait annonc\u00e9 vendredi son d\u00e9part, elle avait indiqu\u00e9 avoir constat\u00e9 une <a href=\"https:\/\/www.20minutes.fr\/arts-stars\/medias\/4200224-20260206-cnews-sonia-mabrouk-annonce-demission-chaine-raison-maintien-morandini-antenne\" target=\"_blank\" class=\"c-link c-link--is-underlined\" rel=\"nofollow noopener\">\u00ab\u00a0alt\u00e9ration certaine et effective de (s)a relation avec une partie de la direction de CNews\u00a0\u00bb <\/a>depuis qu\u2019elle avait pris ses distances avec le maintien de Jean-Marc Morandini. D\u2019autres personnalit\u00e9s de l\u2019antenne comme Pascal Praud et <a href=\"https:\/\/www.20minutes.fr\/arts-stars\/television\/4198035-20260126-condamnation-jean-marc-morandini-laurence-ferrari-exprime-tour-maintien-animateur-cnews\" target=\"_blank\" class=\"c-link c-link--is-underlined\" rel=\"nofollow noopener\">Laurence Ferrari<\/a> ont aussi, plus timidement, exprim\u00e9 leur g\u00eane vis-\u00e0-vis du maintien de Jean-Marc Morandini \u00e0 l\u2019antenne.<\/p>\n<p>La journaliste franco-tunisienne de 48 ans, qui avait rejoint Europe 1 en\u00a02013 et CNews en\u00a02017, avait dans un premier temps indiqu\u00e9 qu\u2019elle resterait sur CNews le temps de son pr\u00e9avis.<\/p>\n<p><a href=\"https:\/\/www.20minutes.fr\/dossier\/vincent_bollore\" class=\"c-link c-link--is-underlined\" rel=\"nofollow noopener\" target=\"_blank\">Vincent Bollor\u00e9<\/a> doit \u00eatre convoqu\u00e9 fin f\u00e9vrier par la commission d\u2019enqu\u00eate parlementaire sur l\u2019audiovisuel public et sera interrog\u00e9 sur le cas de Jean-Marc Morandini.<\/p>\n<p><script async src=\"https:\/\/platform.twitter.com\/widgets.js\" charset=\"utf-8\"><\/script><\/p>\n","protected":false},"excerpt":{"rendered":"\u00abSuite \u00e0 ma d\u00e9mission de mon poste \u00e0 CNews au vu des r\u00e9cents \u00e9v\u00e8nements, j\u2019ai \u00e9t\u00e9 inform\u00e9e par&hellip;\n","protected":false},"author":2,"featured_media":721322,"comment_status":"","ping_status":"","sticky":false,"template":"","format":"standard","meta":{"footnotes":""},"categories":[2],"tags":[11,9722,58,1473,1011,27,28917,500,12,25,252,1022],"class_list":{"0":"post-721321","1":"post","2":"type-post","3":"status-publish","4":"format-standard","5":"has-post-thumbnail","7":"category-actualites","8":"tag-actualites","9":"tag-cnews","10":"tag-divertissement","11":"tag-europe-1","12":"tag-fr","13":"tag-france","14":"tag-jean-marc-morandini","15":"tag-medias","16":"tag-news","17":"tag-republique-francaise","18":"tag-television","19":"tag-vincent-bollore"},"share_on_mastodon":{"url":"https:\/\/pubeurope.com\/@fr\/116038069359171930","error":""},"_links":{"self":[{"href":"https:\/\/www.europesays.com\/fr\/wp-json\/wp\/v2\/posts\/721321","targetHints":{"allow":["GET"]}}],"collection":[{"href":"https:\/\/www.europesays.com\/fr\/wp-json\/wp\/v2\/posts"}],"about":[{"href":"https:\/\/www.europesays.com\/fr\/wp-json\/wp\/v2\/types\/post"}],"author":[{"embeddable":true,"href":"https:\/\/www.europesays.com\/fr\/wp-json\/wp\/v2\/users\/2"}],"replies":[{"embeddable":true,"href":"https:\/\/www.europesays.com\/fr\/wp-json\/wp\/v2\/comments?post=721321"}],"version-history":[{"count":0,"href":"https:\/\/www.europesays.com\/fr\/wp-json\/wp\/v2\/posts\/721321\/revisions"}],"wp:featuredmedia":[{"embeddable":true,"href":"https:\/\/www.europesays.com\/fr\/wp-json\/wp\/v2\/media\/721322"}],"wp:attachment":[{"href":"https:\/\/www.europesays.com\/fr\/wp-json\/wp\/v2\/media?parent=721321"}],"wp:term":[{"taxonomy":"category","embeddable":true,"href":"https:\/\/www.europesays.com\/fr\/wp-json\/wp\/v2\/categories?post=721321"},{"taxonomy":"post_tag","embeddable":true,"href":"https:\/\/www.europesays.com\/fr\/wp-json\/wp\/v2\/tags?post=721321"}],"curies":[{"name":"wp","href":"https:\/\/api.w.org\/{rel}","templated":true}]}}