{"id":72177,"date":"2025-05-03T16:25:16","date_gmt":"2025-05-03T16:25:16","guid":{"rendered":"https:\/\/www.europesays.com\/fr\/72177\/"},"modified":"2025-05-03T16:25:16","modified_gmt":"2025-05-03T16:25:16","slug":"je-veux-faire-vivre-mon-fils-les-parents-de-lorenzo-racontent-ladolescent-de-gattieres-victime-dun-accident-de-chantier-mortel","status":"publish","type":"post","link":"https:\/\/www.europesays.com\/fr\/72177\/","title":{"rendered":"\u00ab\u00a0Je veux faire vivre mon fils\u00a0\u00bb: les parents de Lorenzo racontent l\u2019adolescent de Gatti\u00e8res victime d\u2019un accident de chantier mortel"},"content":{"rendered":"<p>Et soudain, le temps s\u2019est fig\u00e9. \u00c0 Gatti\u00e8res, quelques lacets au-dessus de la plaine du Var, une grande famille pleure Lorenzo Menardi, disparu mercredi \u00e0 l\u2019\u00e2ge de 15 ans seulement. <a href=\"http:\/\/\u00ab Je veux faire vivre mon fils\" target=\"_blank\" rel=\"noopener\">Cet apprenti prometteur travaillait sur un chantier sur l\u2019autre rive, \u00e0 Saint-Martin-du-Var, quand l\u2019accident est survenu.<\/a> L\u2019onde de choc s\u2019est propag\u00e9e jusqu\u2019\u00e0 Saint-Jeannet, Nice, Antibes et bien au-del\u00e0.<\/p>\n<p>\u00ab\u00a0Perdre un enfant est une \u00e9preuve contre nature, une trag\u00e9die qui d\u00e9passe les mots\u00a0\u00bb, r\u00e9agit un internaute sur Facebook. Comme des centaines d\u2019autres, il tente d\u2019apporter soutien et r\u00e9confort aux parents de Lorenzo. Mais tous se savent d\u00e9munis face \u00e0 \u00ab\u00a0une horreur sans nom\u00a0\u00bb.<\/p>\n<p>Les mots, pourtant, Delphine Vella et Fr\u00e9d\u00e9ric Menardi ont su les trouver. Pour leur fils. Au surlendemain du drame, l\u2019un et l\u2019autre, admirables de courage, ont accept\u00e9 de nous recevoir pour lui rendre hommage. \u00ab\u00a0Je veux faire vivre mon fils. \u00e7a me fait du bien d\u2019en parler\u00a0\u00bb, confie Delphine, d\u2019un ton las et d\u2019une voix vaillante.<\/p>\n<p>Elle et son ex-mari veulent aussi \u00ab\u00a0remercier tout le monde pour le soutien re\u00e7u depuis mercredi, de la part de proches comme de gens qu\u2019on ne connaissait pas\u00a0\u00bb. Une vague de soutien visible sur les r\u00e9seaux sociaux et jusqu\u2019\u00e0 l\u2019Allianz Riviera ce vendredi soir. Lorenzo aurait d\u00fb y prendre place.<\/p>\n<p>Enfant du pays<\/p>\n<p>              <img ci-src=\"https:\/\/www.nicematin.com\/temoignage\/LORENZO+2-kTIRImgF.jpg?vh=0bb878&amp;ci_seal=af72b347ad\" alt=\"\"\/><br \/>\n        Lorenzo avec sa m\u00e8re Delphine. &#13;<br \/>\n <strong>DR.<\/strong> <\/p>\n<p>Ce vendredi \u00e0 Gatti\u00e8res, le chant des oiseaux et le soleil insolent d\u2019insouciance peinent \u00e0 \u00e9clipser l\u2019absence. Avec la disparition de Lorenzo, le village perd un enfant du pays. C\u2019est ici qu\u2019il est n\u00e9, qu\u2019il a toujours v\u00e9cu, qu\u2019il a \u00ab\u00a0tous ses copains\u00a0\u00bb dixit sa maman. Le couple s\u2019est s\u00e9par\u00e9 il y a dix ans. Mais cette famille est toujours rest\u00e9e soud\u00e9e, rassembl\u00e9e autour des anniversaires de Lorenzo et de son grand fr\u00e8re Sandro.<\/p>\n<p>Gatti\u00e8res, c\u2019est aussi l\u2019\u00e9cole primaire L\u00e9on-Mourraille, o\u00f9 Lorenzo a \u00e9t\u00e9 \u00e9l\u00e8ve avant de rejoindre le coll\u00e8ge des Baous \u00e0 Saint-Jeannet. \u00ab\u00a0Il ne travaillait pas bien. \u00e7a ne lui plaisait pas du tout, murmure Delphine. Il a quand m\u00eame obtenu son brevet des coll\u00e8ges.\u00a0\u00bb<\/p>\n<p>Comme bien des ados, Lorenzo se cherche. Il tente une seconde pro en \u00e9lectricit\u00e9 \u00e0 Don-Bosco, \u00e0 Nice. Sans succ\u00e8s. Il bifurque vers un CFA de ma\u00e7onnerie \u00e0 Antibes. Cette fois-ci, l\u2019adolescent semble trouver sa voie. Fin 2024, il d\u00e9croche un contrat d\u2019apprenti ma\u00e7on dans une entreprise de travaux publics, dirig\u00e9e par le cousin de son p\u00e8re. Un homme d\u00e9vast\u00e9 par le drame survenu sur un chantier.<\/p>\n<p>\u00ab\u00a0Un petit qui aimait les gens, et c\u2019\u00e9tait r\u00e9ciproque\u00a0\u00bb<\/p>\n<p>              <img ci-src=\"https:\/\/www.nicematin.com\/temoignage\/LORENZO+3-Ap8zbDj7.jpg?vh=faa543&amp;ci_seal=8702c420c0\" alt=\"\"\/><br \/>\n        Ce syst\u00e8me lui convenait bien. Il avait de bonnes notes. Et il adorait aller au chantier. Il travaillait tr\u00e8s bien, ils \u00e9taient tr\u00e8s contents de lui\u00a0\u00bb, souligne Delphine la maman de Lorenzo. <strong>DR.<\/strong> <\/p>\n<p>Voil\u00e0 d\u00e9sormais plusieurs mois que Lorenzo s\u2019\u00e9panouit au travail. \u00ab\u00a0Il aurait fait une grande carri\u00e8re. Il avait la t\u00eate et les mains pour \u00e7a. Il \u00e9tait tr\u00e8s entreprenant\u00a0\u00bb, soupire Fran\u00e7ois, le compagnon de sa m\u00e8re. Delphine acquiesce. \u00ab\u00a0Peu de cours, pas de devoirs&#8230; Ce syst\u00e8me lui convenait bien. Il avait de bonnes notes. Et il adorait aller au chantier. Il travaillait tr\u00e8s bien, ils \u00e9taient tr\u00e8s contents de lui.\u00a0\u00bb<\/p>\n<p>Sa famille brosse le portrait d\u2019un gar\u00e7on joyeux, empathique, hyper sociable. \u00ab\u00a0C\u2019\u00e9tait un petit qui aimait les gens &#8211; et c\u2019\u00e9tait r\u00e9ciproque, souligne sa maman. Toujours attentionn\u00e9. Toujours un mot gentil. Le coll\u00e8ge l\u2019avait f\u00e9licit\u00e9 pour s\u2019\u00eatre interpos\u00e9 lors de disputes.\u00a0\u00bb \u00ab\u00a0Il \u00e9tait extr\u00eamement aim\u00e9 \u00e0 Gatti\u00e8res. la Saint-Blaise, c\u2019\u00e9tait la star!\u00a0\u00bb, se souvient Th\u00e9o, cousin germain de Lorenzo.<\/p>\n<p>Le gamin souriant, bon vivant, se montre particuli\u00e8rement attentionn\u00e9 envers les personnes \u00e2g\u00e9es. Il ne compte pas son temps pour accompagner son grand-p\u00e8re paternel, atteint de la maladie d\u2019Alzheimer, \u00e0 coups de bonnes blagues. \u00ab\u00a0Tu loupes ta vocation!\u00a0\u00bb, lui lancera sa m\u00e8re.<\/p>\n<p>Insatiable touche \u00e0 tout<\/p>\n<p>Delphine est secr\u00e9taire m\u00e9dicale en traumatologie \u00e0 l\u2019h\u00f4pital Pasteur 2. Fr\u00e9d\u00e9ric dirige le club de boxe AB2PA, au stade Charles-Ehrmann. Derri\u00e8re ses lunettes noires, ce solide gaillard appara\u00eet groggy. Il rassemble ses forces comme on remonte sur le ring, pour \u00e9voquer son fils d\u2019une voix blanche. \u00ab\u00a0Il \u00e9tait tranquille. Il vivait au jour le jour. Il ne voyait le mal nulle part.\u00a0\u00bb<\/p>\n<p>Logiquement, Lorenzo s\u2019essaie \u00e0 la boxe. Ou encore au basket, lui, le petit-fils d\u2019une dirigeante du Stade Laurentin basket. Et puis le foot, bien s\u00fbr. Enfant, il le pratique \u00e0 l\u2019Entente sportive des Baous. Ado, il le vit \u00e0 l\u2019Allianz Riviera, dans la ferveur de la Populaire Sud.<\/p>\n<p>Ce supporter du Gym touche aussi au v\u00e9lo, \u00e0 la chasse, r\u00eave de comp\u00e9tition automobile, et m\u00eame de partir vivre en Tha\u00eflande. Partout, il devient \u00ab\u00a0la mascotte\u00a0\u00bb.<\/p>\n<p>Mais le beau gar\u00e7on dynamique, hyper actif, reste aussi \u00ab\u00a0un gosse inconscient, immature, convient Delphine. Il se faisait toujours mal. On lui disait: \u00ab\u00a0Fais attention, Lorenzo&#8230;\u00a0\u00bb Mais il ne voyait pas le danger. Qu\u2019il se fasse mal ou pas, il s\u2019en foutait! Un casse-cou.\u00a0\u00bb\u00a0Pas de scooter pour Lorenzo. Sa m\u00e8re a vu assez de vies fracass\u00e9es \u00e0 l\u2019h\u00f4pital. Elle sait bien que les drames n\u2019arrivent pas qu\u2019aux autres.<\/p>\n<p>Solidarit\u00e9 tous azimuts<\/p>\n<p>C\u2019est elle qui a d\u00e9pos\u00e9 Lorenzo sur son lieu de travail, mercredi matin. \u00ab\u00a0En partant, il m\u2019a dit \u201cAu revoir, ma ch\u00e9rie. Je t\u2019aime.\u00a0\u00bb Je veux rester l\u00e0-dessus\u00a0\u00bb, bredouille-t-elle, la gorge nou\u00e9e.<\/p>\n<p>L\u2019accident? \u00ab\u00a0On s\u2019en fout. \u00e7a ne va rien changer. C\u2019est terrible\u00a0\u00bb, \u00e9vacuent ces parents plong\u00e9s dans une indicible douleur. Ils pr\u00e9f\u00e8rent retenir la bienveillance \u00e0 leur \u00e9gard, y compris par les gendarmes et la commune de Saint-Martin-du-Var, qui a ouvert une cellule de soutien psychologique. Ils songent \u00e0 Sandro, \u00e0 Fanny, \u00e0 Paloma, \u00ab\u00a0la s\u0153ur de c\u0153ur\u00a0\u00bb, \u00e0 la cousine Manon, aux cousins Th\u00e9o, S\u00f6ren et Maxan.<\/p>\n<p>Ils louent l\u2019extraordinaire solidarit\u00e9 venue de toutes parts, <a href=\"https:\/\/www.nicematin.com\/faits-divers\/aucun-parent-ne-devrait-avoir-a-vivre-une-telle-douleur-christian-estrosi-rend-hommage-a-lorenzo-16-ans-mort-tragiquement-dans-un-accident-de-chantier-pres-de-nice-984106\" target=\"_blank\" rel=\"noopener\">du monde du sport comme des politiques.<\/a> \u00ab\u00a0J\u2019ai tous les boxeurs \u00e0 la maison, j\u2019ai cinq cents messages, Estro m\u2019a appel\u00e9&#8230;, t\u00e9moigne Fr\u00e9d\u00e9ric, incr\u00e9dule. On remercie tous les gens qui nous soutiennent.\u00a0\u00bb<\/p>\n<p>Lorenzo Menardi parlait vite. Trop vite. Comme s\u2019il sentait l\u2019urgence de vivre. \u00ab\u00a0Il voulait mordre la vie \u00e0 pleines dents et vivait \u00e0 deux cents \u00e0 l\u2019heure. Sa fa\u00e7on de parler, c\u2019\u00e9tait pareil\u00a0\u00bb, d\u00e9crypte sa m\u00e8re.<\/p>\n<p>Ses obs\u00e8ques seront c\u00e9l\u00e9br\u00e9es \u00e0 Gatti\u00e8res, quelques jours apr\u00e8s celles d\u2019un grand-oncle. \u00ab\u00a0Il nous disait: \u201cJe suis fier de moi: je n\u2019ai pas pleur\u00e9.\u00a0\u00bb Alors il faut qu\u2019on fasse pareil. \u00bb<\/p>\n<p>L\u2019Allianz Riviera lui rend hommage<\/p>\n<p>              <img ci-src=\"https:\/\/www.nicematin.com\/temoignage\/Image_20250502_212248_220-sI4otcsU.jpeg?vh=a17859&amp;ci_seal=e96183f974\" alt=\"\"\/><br \/>\n        Le sourire de Lorenzo Menardi s\u2019est affich\u00e9 dans le stade de la plaine du Var, ce vendredi soir. <strong>Photo William Humberset.<\/strong> <\/p>\n<p>Supporter de l\u2019OGC Nice, Lorenzo comptait se rendre en famille \u00e0 l\u2019Allianz Riviera, vendredi soir, pour y supporter les Aiglons dans la course \u00e0 la Ligue des Champions.<\/p>\n<p>Ses proches ont d\u00e9cid\u00e9 de s\u2019y rendre malgr\u00e9 tout. <a href=\"https:\/\/www.nicematin.com\/faits-divers\/l-allianz-riviera-a-rendu-hommage-a-lorenzo-15-ans-supporter-de-l-ogc-nice-victime-d-un-accident-de-chantier-984317\" target=\"_blank\" rel=\"noopener\">\u00ab\u00a0J\u2019ai demand\u00e9 au club de lui rendre hommage\u00a0\u00bb,<\/a> explique sa m\u00e8re. La m\u00e9moire du jeune membre de la Populaire Sud a donc \u00e9t\u00e9 honor\u00e9e dans le stade de la plaine du Var, en pr\u00e9ambule du match de Ligue 1 entre Nice et Reims. Son visage et son nom ont \u00e9t\u00e9 projet\u00e9s sur grand \u00e9cran, sous une salve d\u2019applaudissements.<\/p>\n<p>Ce dimanche 4 mai, un hommage \u00e0 Lorenzo sera organis\u00e9 \u00e0 11h au stade de foot de Carros, avant le coup d&rsquo;envoi du match de l&rsquo;\u00e9quipe U16 contre Blausasc. Les spectateurs sont invit\u00e9s \u00e0 venir muni d&rsquo;un brassard blanc au bras gauche.\u00a0<\/p>\n<p>Enqu\u00eate en cours et autopsie \u00e0 venir<\/p>\n<p>Une autopsie du corps de Lorenzo va \u00eatre r\u00e9alis\u00e9e, confirme Sabine Neale, procureur adjoint de la R\u00e9publique de Nice. <a>Le parquet a ouvert une enqu\u00eate pour homicide involontaire,<\/a> confi\u00e9e \u00e0 la brigade de recherches de Nice en co-saisine avec l\u2019inspection du travail. \u00ab\u00a0Pas de garde \u00e0 vue intervenue \u00e0 ce stade\u00a0\u00bb, pr\u00e9cise la magistrate, qui ne souhaite pas communiquer davantage en l\u2019\u00e9tat des investigations.<\/p>\n<p>L\u2019apprenti ma\u00e7on a succomb\u00e9 \u00e0 un accident de chantier survenu mercredi, vers 11h30, avenue des Moulins \u00e0 Saint-Martin-du-Var. Selon nos informations, il aurait \u00e9t\u00e9 percut\u00e9 par un engin de chantier de type pelleteuse. Le jeune conducteur, en \u00e9tat de choc, n\u2019a pas pu \u00eatre entendu \u00e0 ce jour.<\/p>\n","protected":false},"excerpt":{"rendered":"Et soudain, le temps s\u2019est fig\u00e9. \u00c0 Gatti\u00e8res, quelques lacets au-dessus de la plaine du Var, une grande&hellip;\n","protected":false},"author":2,"featured_media":72178,"comment_status":"","ping_status":"","sticky":false,"template":"","format":"standard","meta":{"footnotes":""},"categories":[2819],"tags":[1111,11,1777,674,118,1011,27,303,12,2401,882,25,240],"class_list":{"0":"post-72177","1":"post","2":"type-post","3":"status-publish","4":"format-standard","5":"has-post-thumbnail","7":"category-nice","8":"tag-actu","9":"tag-actualites","10":"tag-eu","11":"tag-europe","12":"tag-faits-divers","13":"tag-fr","14":"tag-france","15":"tag-justice","16":"tag-news","17":"tag-nice","18":"tag-provence-alpes-cote-dazur","19":"tag-republique-francaise","20":"tag-temoignage"},"share_on_mastodon":{"url":"https:\/\/pubeurope.com\/@fr\/114444836891861857","error":""},"_links":{"self":[{"href":"https:\/\/www.europesays.com\/fr\/wp-json\/wp\/v2\/posts\/72177","targetHints":{"allow":["GET"]}}],"collection":[{"href":"https:\/\/www.europesays.com\/fr\/wp-json\/wp\/v2\/posts"}],"about":[{"href":"https:\/\/www.europesays.com\/fr\/wp-json\/wp\/v2\/types\/post"}],"author":[{"embeddable":true,"href":"https:\/\/www.europesays.com\/fr\/wp-json\/wp\/v2\/users\/2"}],"replies":[{"embeddable":true,"href":"https:\/\/www.europesays.com\/fr\/wp-json\/wp\/v2\/comments?post=72177"}],"version-history":[{"count":0,"href":"https:\/\/www.europesays.com\/fr\/wp-json\/wp\/v2\/posts\/72177\/revisions"}],"wp:featuredmedia":[{"embeddable":true,"href":"https:\/\/www.europesays.com\/fr\/wp-json\/wp\/v2\/media\/72178"}],"wp:attachment":[{"href":"https:\/\/www.europesays.com\/fr\/wp-json\/wp\/v2\/media?parent=72177"}],"wp:term":[{"taxonomy":"category","embeddable":true,"href":"https:\/\/www.europesays.com\/fr\/wp-json\/wp\/v2\/categories?post=72177"},{"taxonomy":"post_tag","embeddable":true,"href":"https:\/\/www.europesays.com\/fr\/wp-json\/wp\/v2\/tags?post=72177"}],"curies":[{"name":"wp","href":"https:\/\/api.w.org\/{rel}","templated":true}]}}