{"id":72197,"date":"2025-05-03T16:35:09","date_gmt":"2025-05-03T16:35:09","guid":{"rendered":"https:\/\/www.europesays.com\/fr\/72197\/"},"modified":"2025-05-03T16:35:09","modified_gmt":"2025-05-03T16:35:09","slug":"a-marseille-loperation-anti-airbnb-du-pcf","status":"publish","type":"post","link":"https:\/\/www.europesays.com\/fr\/72197\/","title":{"rendered":"\u00e0 Marseille, l&rsquo;op\u00e9ration anti-Airbnb du PCF"},"content":{"rendered":"<p>En pr\u00e9ambule d\u2019une journ\u00e9e th\u00e9matique sur la <a href=\"https:\/\/www.laprovence.com\/article\/region\/20668393422908\/face-a-la-crise-du-logement-a-marseille-elus-et-associations-plaident-pour-la-requisition\" target=\"_blank\" rel=\"noopener\">question du logement<\/a> organis\u00e9e par le PCF 13 et European Left, qui regroupe 40 partis de gauche, une dizaine de militants communistes se sont retrouv\u00e9s ce samedi 3\u00a0mai place de Lenche, \u00e0 <a href=\"https:\/\/www.laprovence.com\/ville\/marseille\" target=\"_blank\" rel=\"noopener\">Marseille<\/a> (2e). Pour se mettre en jambes, ils ont d\u2019abord \u00e9coul\u00e9 quelques brins de muguet \u00ab\u00a0\u00e0 prix libre\u00a0\u00bb, dans le prolongement de la F\u00eate du travail.<\/p>\n<p>Surtout, en deux \u00e9quipes, ils ont parcouru les rues du Panier, <a href=\"https:\/\/www.laprovence.com\/article\/region\/6579554780399615\/marseille-un-commando-anti-airbnb-kidnappe-et-degrade-des-boites-a-cles\" target=\"_blank\" rel=\"noopener\">quartier symbolique de l'\u00a0\u00bbairbnbisation\u00a0\u00bb d\u2019une partie de la ville<\/a>. Dans leurs mains, des stickers \u00e0 apposer sur les bo\u00eetes \u00e0 clefs fix\u00e9es aux embrasures des portes d\u2019entr\u00e9e. On peut y lire \u00ab\u00a0Housing is not a privilege, it\u2019s a right\u00a0\u00bb (\u00ab\u00a0Le logement n\u2019est pas un privil\u00e8ge, c\u2019est un droit\u00a0\u00bb).<\/p>\n<p>\u00ab\u00a0La question du logement est une r\u00e9alit\u00e9 dans la plupart des grandes villes europ\u00e9ennes, notamment autour de la M\u00e9diterran\u00e9e, pose le Pr Anthony Gon\u00e7alves, ex-candidat PCF aux europ\u00e9ennes. Airbnb est embl\u00e9matique\u00a0: au moment o\u00f9 <a href=\"https:\/\/www.laprovence.com\/article\/region\/5792432643598314\/derriere-les-dossiers-on-a-la-vie-des-gens-a-marseille-51-000-personnes-en-attente-dun-logement-social\" target=\"_blank\" rel=\"noopener\">plus de 50\u00a0000 Marseillais sont en situation d\u2019urgence<\/a>, on voit se d\u00e9velopper ce mod\u00e8le, arch\u00e9type du march\u00e9 et de la jungle.\u00a0\u00bb<\/p>\n<p>Entre\u00a08\u00a0000 et 10\u00a0000 locations dans le 2e arrondissement<\/p>\n<p>Tandis que des grappes de touristes \u00e0 pied ou en Segway les d\u00e9passent pour aller vers la Major, Anthony Gon\u00e7alves et Ibrahim Mze, responsable de la commission logement au PCF 13, sont guid\u00e9s par Jean-Marie Angeli rue de la Cath\u00e9drale. Cet \u00e9lu des 2e-3e remarque que les bo\u00eetes \u00e0 clefs ne sont plus aussi visibles qu\u2019avant. \u00ab\u00a0Les pratiques ont \u00e9volu\u00e9, les portes sont \u00e9quip\u00e9es de digicodes, affirme-t-il. Mais on rep\u00e8re toujours les Airbnb lorsqu\u2019il n\u2019y a pas de nom ou de bo\u00eetes aux lettres.\u00a0\u00bb<\/p>\n<p>Selon lui, le 2e arrondissement compte \u00ab\u00a0entre 8\u00a0000\u00a0et 10\u00a0000 logements\u00a0\u00bb lou\u00e9s sur des plateformes de location de courte dur\u00e9e. M\u00eame s\u2019il salue l\u2019action de la municipalit\u00e9, il estime qu\u2019il y a encore \u00ab\u00a0de la marge\u00a0\u00bb. Ibrahim Mze le constate\u00a0: \u00ab\u00a0\u00c0 Marseille, il y a 4\u00a0500 demandes de logements sociaux par an.\u00a0\u00bb<\/p>\n","protected":false},"excerpt":{"rendered":"En pr\u00e9ambule d\u2019une journ\u00e9e th\u00e9matique sur la question du logement organis\u00e9e par le PCF 13 et European Left,&hellip;\n","protected":false},"author":2,"featured_media":72198,"comment_status":"","ping_status":"","sticky":false,"template":"","format":"standard","meta":{"footnotes":""},"categories":[2814],"tags":[17,1111,11,2364,17518,154,1777,674,1011,27,151,884,12,9444,882,16,25,17517,3356],"class_list":{"0":"post-72197","1":"post","2":"type-post","3":"status-publish","4":"format-standard","5":"has-post-thumbnail","7":"category-marseille","8":"tag-17","9":"tag-actu","10":"tag-actualites","11":"tag-boites","12":"tag-clefs","13":"tag-des","14":"tag-eu","15":"tag-europe","16":"tag-fr","17":"tag-france","18":"tag-les","19":"tag-marseille","20":"tag-news","21":"tag-panier","22":"tag-provence-alpes-cote-dazur","23":"tag-region","24":"tag-republique-francaise","25":"tag-stickers","26":"tag-sur"},"share_on_mastodon":{"url":"https:\/\/pubeurope.com\/@fr\/114444876209809564","error":""},"_links":{"self":[{"href":"https:\/\/www.europesays.com\/fr\/wp-json\/wp\/v2\/posts\/72197","targetHints":{"allow":["GET"]}}],"collection":[{"href":"https:\/\/www.europesays.com\/fr\/wp-json\/wp\/v2\/posts"}],"about":[{"href":"https:\/\/www.europesays.com\/fr\/wp-json\/wp\/v2\/types\/post"}],"author":[{"embeddable":true,"href":"https:\/\/www.europesays.com\/fr\/wp-json\/wp\/v2\/users\/2"}],"replies":[{"embeddable":true,"href":"https:\/\/www.europesays.com\/fr\/wp-json\/wp\/v2\/comments?post=72197"}],"version-history":[{"count":0,"href":"https:\/\/www.europesays.com\/fr\/wp-json\/wp\/v2\/posts\/72197\/revisions"}],"wp:featuredmedia":[{"embeddable":true,"href":"https:\/\/www.europesays.com\/fr\/wp-json\/wp\/v2\/media\/72198"}],"wp:attachment":[{"href":"https:\/\/www.europesays.com\/fr\/wp-json\/wp\/v2\/media?parent=72197"}],"wp:term":[{"taxonomy":"category","embeddable":true,"href":"https:\/\/www.europesays.com\/fr\/wp-json\/wp\/v2\/categories?post=72197"},{"taxonomy":"post_tag","embeddable":true,"href":"https:\/\/www.europesays.com\/fr\/wp-json\/wp\/v2\/tags?post=72197"}],"curies":[{"name":"wp","href":"https:\/\/api.w.org\/{rel}","templated":true}]}}